{"id":29418,"date":"2021-11-22T06:31:44","date_gmt":"2021-11-22T06:31:44","guid":{"rendered":"http:\/\/cordobadirecto.com\/index.php\/2021\/11\/22\/epec-anuncio-cortes-programados-de-energia-para-este-lunes-la-nueva-manana\/"},"modified":"2021-11-22T06:31:44","modified_gmt":"2021-11-22T06:31:44","slug":"epec-anuncio-cortes-programados-de-energia-para-este-lunes-la-nueva-manana","status":"publish","type":"post","link":"http:\/\/cordobadirecto.com\/index.php\/2021\/11\/22\/epec-anuncio-cortes-programados-de-energia-para-este-lunes-la-nueva-manana\/","title":{"rendered":"EPEC anunci\u00f3 cortes programados de energ\u00eda para este lunes &#8211; La <b>NUEVA<\/b> Ma\u00f1ana"},"content":{"rendered":"<p>La empresa provincial realizar\u00e1 diferentes tareas de mantenimiento en barrios de la Ciudad de <b>C\u00f3rdoba<\/b>. Conoc\u00e9 los horarios y zonas afectadas. <\/p>\n","protected":false},"excerpt":{"rendered":"<p>La empresa provincial realizar\u00e1 diferentes tareas de mantenimiento en barrios de la Ciudad de C\u00f3rdoba. Conoc\u00e9 los horarios y zonas afectadas.<\/p>\n","protected":false},"author":1,"featured_media":0,"comment_status":"closed","ping_status":"closed","sticky":false,"template":"","format":"standard","meta":[],"categories":[40],"tags":[],"_links":{"self":[{"href":"http:\/\/cordobadirecto.com\/index.php\/wp-json\/wp\/v2\/posts\/29418"}],"collection":[{"href":"http:\/\/cordobadirecto.com\/index.php\/wp-json\/wp\/v2\/posts"}],"about":[{"href":"http:\/\/cordobadirecto.com\/index.php\/wp-json\/wp\/v2\/types\/post"}],"author":[{"embeddable":true,"href":"http:\/\/cordobadirecto.com\/index.php\/wp-json\/wp\/v2\/users\/1"}],"replies":[{"embeddable":true,"href":"http:\/\/cordobadirecto.com\/index.php\/wp-json\/wp\/v2\/comments?post=29418"}],"version-history":[{"count":0,"href":"http:\/\/cordobadirecto.com\/index.php\/wp-json\/wp\/v2\/posts\/29418\/revisions"}],"wp:attachment":[{"href":"http:\/\/cordobadirecto.com\/index.php\/wp-json\/wp\/v2\/media?parent=29418"}],"wp:term":[{"taxonomy":"category","embeddable":true,"href":"http:\/\/cordobadirecto.com\/index.php\/wp-json\/wp\/v2\/categories?post=29418"},{"taxonomy":"post_tag","embeddable":true,"href":"http:\/\/cordobadirecto.com\/index.php\/wp-json\/wp\/v2\/tags?post=29418"}],"curies":[{"name":"wp","href":"https:\/\/api.w.org\/{rel}","templated":true}]}}