{"id":29445,"date":"2021-11-21T22:26:04","date_gmt":"2021-11-21T22:26:04","guid":{"rendered":"https:\/\/www.bbc.com\/mundo\/noticias-america-latina-59369625"},"modified":"2021-11-21T22:26:04","modified_gmt":"2021-11-21T22:26:04","slug":"elecciones-en-chile-kast-y-boric-disputaran-un-balotaje-por-la-presidencia-entre-extremos","status":"publish","type":"post","link":"http:\/\/cordobadirecto.com\/index.php\/2021\/11\/21\/elecciones-en-chile-kast-y-boric-disputaran-un-balotaje-por-la-presidencia-entre-extremos\/","title":{"rendered":"Elecciones en Chile: Kast y Boric disputar\u00e1n un balotaje por la presidencia entre extremos"},"content":{"rendered":"<div dir=\"ltr\" class=\"e1j2237y5 bbc-q4ibpr e57qer20\">\n<div class=\"bbc-1atl7vu e1c9i7u14\">\n<ul role=\"list\" class=\"bbc-k0l9bd e1c9i7u12\">\n<li role=\"listitem\" class=\"bbc-1a3w4ok e1c9i7u11\">Redacci\u00f3n <\/li>\n<li role=\"listitem\" class=\"bbc-1p92jtu e1c9i7u10\">BBC News Mundo<\/li>\n<\/ul>\n<\/div>\n<\/div>\n<p><time datetime=\"2021-11-21\" class=\"bbc-14xtggo e4zesg50\">9 horas<\/time><\/p>\n<div dir=\"ltr\" class=\"bbc-1ka88fa e57qer20\">\n<figure class=\"bbc-1qdcvv9 e6bmn90\">\n<div dir=\"ltr\" class=\"bbc-172p16q e57qer20\">\n<div dir=\"ltr\" class=\"bbc-189y18v e57qer20\" readability=\"6.5\">\n<div data-e2e=\"image-placeholder\" class=\"bbc-997y1y e1whu0\" readability=\"8\"><img loading=\"lazy\" srcset=\"http:\/\/cordobadirecto.com\/wp-content\/uploads\/2021\/11\/elecciones-en-chile-kast-y-boric-disputaran-un-balotaje-por-la-presidencia-entre-extremos-7.jpg 240w, http:\/\/cordobadirecto.com\/wp-content\/uploads\/2021\/11\/elecciones-en-chile-kast-y-boric-disputaran-un-balotaje-por-la-presidencia-entre-extremos-8.jpg 320w, http:\/\/cordobadirecto.com\/wp-content\/uploads\/2021\/11\/elecciones-en-chile-kast-y-boric-disputaran-un-balotaje-por-la-presidencia-entre-extremos-9.jpg 480w, http:\/\/cordobadirecto.com\/wp-content\/uploads\/2021\/11\/elecciones-en-chile-kast-y-boric-disputaran-un-balotaje-por-la-presidencia-entre-extremos-10.jpg 624w, http:\/\/cordobadirecto.com\/wp-content\/uploads\/2021\/11\/elecciones-en-chile-kast-y-boric-disputaran-un-balotaje-por-la-presidencia-entre-extremos-11.jpg 800w\" alt=\"Jos\u00e9 Antonio Kast\" src=\"http:\/\/cordobadirecto.com\/wp-content\/uploads\/2021\/11\/elecciones-en-chile-kast-y-boric-disputaran-un-balotaje-por-la-presidencia-entre-extremos.jpg\" sizes=\"(min-width: 1008px) 645px, 100vw\" width=\"976\" height=\"549\" class=\"eehpdyc0 bbc-100dhyn e1enwo3v0\"><\/p>\n<p role=\"text\" class=\"bbc-1s1cxbv etq3yw90\"><span class=\"bbc-1gnhmg2 e1yt7oin0\">Fuente de la imagen, <\/span><span lang=\"en-GB\">Getty Images<\/span><\/p>\n<\/div>\n<\/div>\n<\/div>\n<\/figure>\n<\/div>\n<div dir=\"ltr\" class=\"bbc-19j92fr e57qer20\" readability=\"8\">\n<p dir=\"ltr\" class=\"bbc-bm53ic e1cc2ql70\"><b>Chile vot\u00f3 por los extremos en la primera vuelta de las elecciones y el derechista Jos\u00e9 Antonio Kast y el izquierdista Gabriel Boric disputar\u00e1n un polarizado balotaje por la presidencia del pa\u00eds.<\/b><\/p>\n<\/div>\n<div dir=\"ltr\" class=\"bbc-19j92fr e57qer20\" readability=\"15\">\n<p dir=\"ltr\" class=\"bbc-bm53ic e1cc2ql70\">Con el 99,98% de las mesas escrutadas en las elecciones celebradas este domingo, Kast, de derecha radical, y Boric, candidato de izquierda, fueron los que sumaron m\u00e1s votos y se jugar\u00e1n la presidencia del pa\u00eds el 19 de diciembre. <\/p>\n<\/div>\n<div dir=\"ltr\" class=\"bbc-19j92fr e57qer20\" readability=\"16\">\n<p dir=\"ltr\" class=\"bbc-bm53ic e1cc2ql70\"><b>Kast<\/b>, abogado de 55 a\u00f1os, casado y padre de 9 hijos y que muestra simpat\u00eda con el gobierno de facto de Augusto Pinochet, sum\u00f3 el <b>27,9<\/b><b>1<\/b><b>% de apoyos<\/b>, por el <b>25,<\/b><b>82<\/b><b>%<\/b> de <b>Boric<\/b>, un exl\u00edder estudiantil de 35 a\u00f1os que busca ser el presidente m\u00e1s joven de la historia de Chile. <\/p>\n<\/div>\n<div dir=\"ltr\" class=\"bbc-19j92fr e57qer20\" readability=\"12\">\n<p dir=\"ltr\" class=\"bbc-bm53ic e1cc2ql70\">Este resultado constituye la diferencia m\u00e1s estrecha de las \u00faltimas dos d\u00e9cadas entre las dos primeras mayor\u00edas en primera vuelta. Mientras Boric y Kast se distancian por 2,09 puntos porcentuales, en los comicios de 1999 <b>Ricardo Lagos<\/b> tuvo una ventaja de apenas 0,44% sobre <b>Joaqu\u00edn Lav\u00edn<\/b>.<\/p>\n<\/div>\n<div dir=\"ltr\" class=\"bbc-19j92fr e57qer20\" readability=\"12\">\n<p dir=\"ltr\" class=\"bbc-bm53ic e1cc2ql70\">El liberal <b>Franco<\/b><b> <\/b><b>Parisi,<\/b> un candidato que no pis\u00f3 Chile durante toda la campa\u00f1a, dio la sorpresa y fue tercero con el 12,80%. Los votos de sus simpatizantes pueden ser clave en la segunda vuelta para inclinar la balanza hacia Kast o Boric.<\/p>\n<\/div>\n<div dir=\"ltr\" class=\"bbc-19j92fr e57qer20\" readability=\"9\">\n<p dir=\"ltr\" class=\"bbc-bm53ic e1cc2ql70\">Una de las consecuencias hist\u00f3ricas de la elecci\u00f3n es que ser\u00e1 la primera vez desde al retorno a la democracia en 1990 que la presidencia no se la disputar\u00e1n los partidos tradicionales de centro-izquierda y centro-derecha.<\/p>\n<\/div>\n<div dir=\"ltr\" class=\"bbc-19j92fr e57qer20\" readability=\"12\">\n<p dir=\"ltr\" class=\"bbc-bm53ic e1cc2ql70\">Adem\u00e1s, desde el retorno a la democracia, en Chile siempre se ha convertido en presidente el que obtuvo la mayor cantidad de votos en primera vuelta, pero la fragmentaci\u00f3n del voto en esta primera vuelta hace dif\u00edcil predecir los resultados de diciembre.<\/p>\n<\/div>\n<div dir=\"ltr\" class=\"bbc-1ka88fa e57qer20\">\n<figure class=\"bbc-1qdcvv9 e6bmn90\">\n<div dir=\"ltr\" class=\"bbc-172p16q e57qer20\">\n<div dir=\"ltr\" class=\"bbc-189y18v e57qer20\" readability=\"6.5\">\n<div data-e2e=\"image-placeholder\" class=\"bbc-997y1y e1whu0\" readability=\"8\"><noscript><img loading=\"lazy\" srcset=\"http:\/\/cordobadirecto.com\/wp-content\/uploads\/2021\/11\/elecciones-en-chile-kast-y-boric-disputaran-un-balotaje-por-la-presidencia-entre-extremos-12.jpg 240w, http:\/\/cordobadirecto.com\/wp-content\/uploads\/2021\/11\/elecciones-en-chile-kast-y-boric-disputaran-un-balotaje-por-la-presidencia-entre-extremos-13.jpg 320w, http:\/\/cordobadirecto.com\/wp-content\/uploads\/2021\/11\/elecciones-en-chile-kast-y-boric-disputaran-un-balotaje-por-la-presidencia-entre-extremos-14.jpg 480w, http:\/\/cordobadirecto.com\/wp-content\/uploads\/2021\/11\/elecciones-en-chile-kast-y-boric-disputaran-un-balotaje-por-la-presidencia-entre-extremos-15.jpg 624w, http:\/\/cordobadirecto.com\/wp-content\/uploads\/2021\/11\/elecciones-en-chile-kast-y-boric-disputaran-un-balotaje-por-la-presidencia-entre-extremos-16.jpg 800w\" alt=\"Jos\u00e9 Antonio Kast\" src=\"http:\/\/cordobadirecto.com\/wp-content\/uploads\/2021\/11\/elecciones-en-chile-kast-y-boric-disputaran-un-balotaje-por-la-presidencia-entre-extremos-1.jpg\" sizes=\"(min-width: 1008px) 645px, 100vw\" width=\"976\" height=\"549\" class=\"eehpdyc0 bbc-100dhyn e1enwo3v0\"><\/noscript><\/p>\n<p role=\"text\" class=\"bbc-1s1cxbv etq3yw90\"><span class=\"bbc-1gnhmg2 e1yt7oin0\">Fuente de la imagen, <\/span><span lang=\"en-GB\">Getty Images<\/span><\/p>\n<\/div>\n<\/div>\n<div dir=\"ltr\" class=\"bbc-3edg7g e57qer20\" readability=\"7\"><figcaption dir=\"ltr\" class=\"bbc-1t9zlwf eede9f50\" readability=\"4\"><span class=\"bbc-1gnhmg2 e1yt7oin0\">Pie de foto, <\/span><\/p>\n<p>Jos\u00e9 Antonio Kast es el candidato del partido republicano, un bloque que est\u00e1 m\u00e1s a la derecha de la coalici\u00f3n oficialista &#8220;Chile Podemos M\u00e1s&#8221;.<\/p>\n<\/figcaption><\/div>\n<\/div>\n<\/figure>\n<\/div>\n<div dir=\"ltr\" class=\"bbc-1ka88fa e57qer20\">\n<figure class=\"bbc-1qdcvv9 e6bmn90\">\n<div dir=\"ltr\" class=\"bbc-172p16q e57qer20\">\n<div dir=\"ltr\" class=\"bbc-189y18v e57qer20\" readability=\"6.5\">\n<div data-e2e=\"image-placeholder\" class=\"bbc-997y1y e1whu0\" readability=\"8\"><noscript><img loading=\"lazy\" srcset=\"http:\/\/cordobadirecto.com\/wp-content\/uploads\/2021\/11\/elecciones-en-chile-kast-y-boric-disputaran-un-balotaje-por-la-presidencia-entre-extremos-17.jpg 240w, http:\/\/cordobadirecto.com\/wp-content\/uploads\/2021\/11\/elecciones-en-chile-kast-y-boric-disputaran-un-balotaje-por-la-presidencia-entre-extremos-18.jpg 320w, http:\/\/cordobadirecto.com\/wp-content\/uploads\/2021\/11\/elecciones-en-chile-kast-y-boric-disputaran-un-balotaje-por-la-presidencia-entre-extremos-19.jpg 480w, http:\/\/cordobadirecto.com\/wp-content\/uploads\/2021\/11\/elecciones-en-chile-kast-y-boric-disputaran-un-balotaje-por-la-presidencia-entre-extremos-20.jpg 624w, http:\/\/cordobadirecto.com\/wp-content\/uploads\/2021\/11\/elecciones-en-chile-kast-y-boric-disputaran-un-balotaje-por-la-presidencia-entre-extremos-21.jpg 800w\" alt=\"Gabriel Boric\" src=\"http:\/\/cordobadirecto.com\/wp-content\/uploads\/2021\/11\/elecciones-en-chile-kast-y-boric-disputaran-un-balotaje-por-la-presidencia-entre-extremos-2.jpg\" sizes=\"(min-width: 1008px) 645px, 100vw\" width=\"976\" height=\"549\" class=\"eehpdyc0 bbc-100dhyn e1enwo3v0\"><\/noscript><\/p>\n<p role=\"text\" class=\"bbc-1s1cxbv etq3yw90\"><span class=\"bbc-1gnhmg2 e1yt7oin0\">Fuente de la imagen, <\/span><span lang=\"en-GB\">Getty Images<\/span><\/p>\n<\/div>\n<\/div>\n<div dir=\"ltr\" class=\"bbc-3edg7g e57qer20\" readability=\"7.5\"><figcaption dir=\"ltr\" class=\"bbc-1t9zlwf eede9f50\" readability=\"5\"><span class=\"bbc-1gnhmg2 e1yt7oin0\">Pie de foto, <\/span><\/p>\n<p>Gabriel Boric es el candidato del eje conformado por el Partido Comunista y el Frente Amplio, una coalici\u00f3n que irrumpi\u00f3 hace un par de a\u00f1os y que ha venido a desafiar el poder de las fuerzas pol\u00edticas tradicionales.<\/p>\n<\/figcaption><\/div>\n<\/div>\n<\/figure>\n<\/div>\n<div dir=\"ltr\" class=\"bbc-19j92fr e57qer20\" readability=\"8\">\n<p dir=\"ltr\" class=\"bbc-bm53ic e1cc2ql70\">La jornada electoral estuvo marcada por largas filas de electores que esperaban su turnoen medio de las restricciones impuestas por la pandemia de coronavirus.<\/p>\n<\/div>\n<div dir=\"ltr\" class=\"bbc-19j92fr e57qer20\" readability=\"11\">\n<p dir=\"ltr\" class=\"bbc-bm53ic e1cc2ql70\">&#8220;Felicito a Jos\u00e9 Antonio Kast y Gabriel Boric por haber triunfado en primera vuelta&#8221;, dijo el presidente <b>Sebasti\u00e1n Pi\u00f1era<\/b>, que no se pod\u00eda presentar a la reelecci\u00f3n y dejar\u00e1 el puesto en marzo de 2022.<\/p>\n<\/div>\n<div dir=\"ltr\" class=\"bbc-19j92fr e57qer20\" readability=\"7\">\n<p dir=\"ltr\" class=\"bbc-bm53ic e1cc2ql70\">Pi\u00f1era pidi\u00f3 a ambos que eviten la polarizaci\u00f3n y la confrontaci\u00f3n de cara a la segunda vuelta.<\/p>\n<\/div>\n<div dir=\"ltr\" class=\"bbc-19j92fr e57qer20\" readability=\"10\">\n<p dir=\"ltr\" class=\"bbc-bm53ic e1cc2ql70\">Esa elecci\u00f3n presidencial entre extremos llega en un momento de cambio en Chile al cumplirse dos a\u00f1os de un estallido social que llev\u00f3 a la elecci\u00f3n de una Convenci\u00f3n Constituyente, encargada de redactar una nueva Constituci\u00f3n.<\/p>\n<\/div>\n<div dir=\"ltr\" class=\"bbc-19j92fr e57qer20\" readability=\"10\">\n<p dir=\"ltr\" class=\"bbc-bm53ic e1cc2ql70\">En la jornada tambi\u00e9n se escogieron parlamentarios -los 155 miembros de la C\u00e1mara de Diputados y 27 de los que ser\u00e1n 50 senadores- y a consejeros regionales, conformando el tablero pol\u00edtico para los pr\u00f3ximos a\u00f1os a la espera de los resultados del trabajo de la Constituyente.<\/p>\n<\/div>\n<div dir=\"ltr\" class=\"bbc-1ka88fa e57qer20\">\n<figure class=\"bbc-1qdcvv9 e6bmn90\">\n<div dir=\"ltr\" class=\"bbc-172p16q e57qer20\">\n<div dir=\"ltr\" class=\"bbc-189y18v e57qer20\" readability=\"6.5\">\n<div data-e2e=\"image-placeholder\" class=\"bbc-997y1y e1whu0\" readability=\"8\"><noscript><img loading=\"lazy\" srcset=\"http:\/\/cordobadirecto.com\/wp-content\/uploads\/2021\/11\/elecciones-en-chile-kast-y-boric-disputaran-un-balotaje-por-la-presidencia-entre-extremos-22.jpg 240w, http:\/\/cordobadirecto.com\/wp-content\/uploads\/2021\/11\/elecciones-en-chile-kast-y-boric-disputaran-un-balotaje-por-la-presidencia-entre-extremos-23.jpg 320w, http:\/\/cordobadirecto.com\/wp-content\/uploads\/2021\/11\/elecciones-en-chile-kast-y-boric-disputaran-un-balotaje-por-la-presidencia-entre-extremos-24.jpg 480w, http:\/\/cordobadirecto.com\/wp-content\/uploads\/2021\/11\/elecciones-en-chile-kast-y-boric-disputaran-un-balotaje-por-la-presidencia-entre-extremos-25.jpg 624w, http:\/\/cordobadirecto.com\/wp-content\/uploads\/2021\/11\/elecciones-en-chile-kast-y-boric-disputaran-un-balotaje-por-la-presidencia-entre-extremos-26.jpg 800w\" alt=\"Chile Elecciones\" src=\"http:\/\/cordobadirecto.com\/wp-content\/uploads\/2021\/11\/elecciones-en-chile-kast-y-boric-disputaran-un-balotaje-por-la-presidencia-entre-extremos-3.jpg\" sizes=\"(min-width: 1008px) 645px, 100vw\" width=\"976\" height=\"549\" class=\"eehpdyc0 bbc-100dhyn e1enwo3v0\"><\/noscript><\/p>\n<p role=\"text\" class=\"bbc-1s1cxbv etq3yw90\"><span class=\"bbc-1gnhmg2 e1yt7oin0\">Fuente de la imagen, <\/span><span lang=\"en-GB\">Getty Images<\/span><\/p>\n<\/div>\n<\/div>\n<\/div>\n<\/figure>\n<\/div>\n<p><h2 id=\"Vocaci\u00f3n-de-mayor\u00eda\" tabindex=\"-1\" class=\"bbc-l3e97o e14hemmw0\">&#8220;Vocaci\u00f3n de mayor\u00eda&#8221;<\/h2>\n<\/p>\n<div dir=\"ltr\" class=\"bbc-19j92fr e57qer20\" readability=\"8\">\n<p dir=\"ltr\" class=\"bbc-bm53ic e1cc2ql70\">Las palabras de los dos candidatos tras conocer los resultados reflejaron las diferencias entre sus discursos.<\/p>\n<\/div>\n<div dir=\"ltr\" class=\"bbc-19j92fr e57qer20\" readability=\"11\">\n<p dir=\"ltr\" class=\"bbc-bm53ic e1cc2ql70\">&#8220;Tenemos la vocaci\u00f3n de mayor\u00eda. Chile merece paz, libertad y eso es lo que nosotros le vamos a dar&#8221;, dijo el derechista Kast en su discurso de celebraci\u00f3n, abrazado a la bandera chilena.<\/p>\n<\/div>\n<div dir=\"ltr\" class=\"bbc-1ka88fa e57qer20\">\n<figure class=\"bbc-1qdcvv9 e6bmn90\">\n<div dir=\"ltr\" class=\"bbc-172p16q e57qer20\">\n<div dir=\"ltr\" class=\"bbc-189y18v e57qer20\" readability=\"6.5\">\n<div data-e2e=\"image-placeholder\" class=\"bbc-997y1y e1whu0\" readability=\"8\"><noscript><img loading=\"lazy\" srcset=\"http:\/\/cordobadirecto.com\/wp-content\/uploads\/2021\/11\/elecciones-en-chile-kast-y-boric-disputaran-un-balotaje-por-la-presidencia-entre-extremos-27.jpg 240w, http:\/\/cordobadirecto.com\/wp-content\/uploads\/2021\/11\/elecciones-en-chile-kast-y-boric-disputaran-un-balotaje-por-la-presidencia-entre-extremos-28.jpg 320w, http:\/\/cordobadirecto.com\/wp-content\/uploads\/2021\/11\/elecciones-en-chile-kast-y-boric-disputaran-un-balotaje-por-la-presidencia-entre-extremos-29.jpg 480w, http:\/\/cordobadirecto.com\/wp-content\/uploads\/2021\/11\/elecciones-en-chile-kast-y-boric-disputaran-un-balotaje-por-la-presidencia-entre-extremos-30.jpg 624w, http:\/\/cordobadirecto.com\/wp-content\/uploads\/2021\/11\/elecciones-en-chile-kast-y-boric-disputaran-un-balotaje-por-la-presidencia-entre-extremos-31.jpg 800w\" alt=\"Jos\u00e9 Antonio Kast\" src=\"http:\/\/cordobadirecto.com\/wp-content\/uploads\/2021\/11\/elecciones-en-chile-kast-y-boric-disputaran-un-balotaje-por-la-presidencia-entre-extremos-4.jpg\" sizes=\"(min-width: 1008px) 645px, 100vw\" width=\"976\" height=\"549\" class=\"eehpdyc0 bbc-100dhyn e1enwo3v0\"><\/noscript><\/p>\n<p role=\"text\" class=\"bbc-1s1cxbv etq3yw90\"><span class=\"bbc-1gnhmg2 e1yt7oin0\">Fuente de la imagen, <\/span><span lang=\"en-GB\">Reuters<\/span><\/p>\n<\/div>\n<\/div>\n<div dir=\"ltr\" class=\"bbc-3edg7g e57qer20\" readability=\"6\"><figcaption dir=\"ltr\" class=\"bbc-1t9zlwf eede9f50\" readability=\"2\"><span class=\"bbc-1gnhmg2 e1yt7oin0\">Pie de foto, <\/span><\/p>\n<p>Jos\u00e9 Antonio Kast celebr\u00f3 el triunfo.<\/p>\n<\/figcaption><\/div>\n<\/div>\n<\/figure>\n<\/div>\n<div dir=\"ltr\" class=\"bbc-19j92fr e57qer20\" readability=\"13\">\n<p dir=\"ltr\" class=\"bbc-bm53ic e1cc2ql70\">&#8220;Tenemos un desaf\u00edo enorme: convocar a muchas m\u00e1s personas, a todos aquellos que no se atrevieron a votar por nosotros. Los queremos acoger, que se vengan a trabajar por el orden, la paz y la libertad&#8221;, agreg\u00f3 Kast repitiendo uno de sus lemas de campa\u00f1a.<\/p>\n<\/div>\n<div dir=\"ltr\" class=\"bbc-19j92fr e57qer20\" readability=\"12\">\n<p dir=\"ltr\" class=\"bbc-bm53ic e1cc2ql70\">&#8220;Somos la \u00fanica candidatura que va a recuperar la paz, enfrentar a los delincuentes y narcotraficantes, a poner fin al terrorismo. No hay otra opci\u00f3n presidencial que la nuestra&#8221;, agreg\u00f3 recalcando el tema de la seguridad.<\/p>\n<\/div>\n<div dir=\"ltr\" class=\"bbc-19j92fr e57qer20\" readability=\"8\">\n<p dir=\"ltr\" class=\"bbc-bm53ic e1cc2ql70\">Kasta identific\u00f3 a Boric con el <b>Partido Comunista<\/b>, uno de los aliados del pol\u00edtico de izquierdas.<\/p>\n<\/div>\n<div dir=\"ltr\" class=\"bbc-19j92fr e57qer20\" readability=\"12\">\n<p dir=\"ltr\" class=\"bbc-bm53ic e1cc2ql70\">&#8220;Boric y el Partido Comunista quieren indultar a los v\u00e1ndalos que destruyen. Se re\u00fanen con terroristas y asesinos. Ellos quieren inestabilidad, cerrar fronteras al comercio, avanzar por la senda del odio&#8221;, atac\u00f3 a su rival en el balotaje.<\/p>\n<\/div>\n<div dir=\"ltr\" class=\"bbc-19j92fr e57qer20\" readability=\"10\">\n<p dir=\"ltr\" class=\"bbc-bm53ic e1cc2ql70\">&#8220;No queremos la ruta que nos lleva a ser Venezuela y Cuba&#8221;, a\u00f1adi\u00f3 Kast, queriendo identificar a Boric con los proyectos de izquierdas de esos pa\u00edses.<\/p>\n<\/div>\n<div dir=\"ltr\" class=\"bbc-19j92fr e57qer20\" readability=\"9\">\n<p dir=\"ltr\" class=\"bbc-bm53ic e1cc2ql70\">&#8220;Libertad y democracia frente a comunismo&#8221;, dej\u00f3 como eslogan de lo que quiere que sea la segunda vuelta del 19 de diciembre.<\/p>\n<\/div>\n<div class=\"bbc-sffzb7 e8v25yx0\" readability=\"7\">\n<p><h2 id=\"Que-la-esperanza-le-gane-al-miedo\" tabindex=\"-1\" class=\"bbc-l3e97o e14hemmw0\">&#8220;Que la esperanza le gane al miedo&#8221;<\/h2>\n<\/p>\n<\/div>\n<div dir=\"ltr\" class=\"bbc-19j92fr e57qer20\" readability=\"11\">\n<p dir=\"ltr\" class=\"bbc-bm53ic e1cc2ql70\">Boric, por su parte, no nombr\u00f3 a Kast, su rival en lo que defini\u00f3 como &#8220;una segunda vuelta que ser\u00e1 hist\u00f3rica&#8221;.<\/p>\n<\/div>\n<div dir=\"ltr\" class=\"bbc-19j92fr e57qer20\" readability=\"13\">\n<p dir=\"ltr\" class=\"bbc-bm53ic e1cc2ql70\">&#8220;Se nos ha encomendado la disputa por la democracia, la justicia, la inclusi\u00f3n, el respeto, por la dignidad de todos y todas&#8221;, se\u00f1al\u00f3 el diputado.<\/p>\n<\/div>\n<div dir=\"ltr\" class=\"bbc-1ka88fa e57qer20\">\n<figure class=\"bbc-1qdcvv9 e6bmn90\">\n<div dir=\"ltr\" class=\"bbc-172p16q e57qer20\">\n<div dir=\"ltr\" class=\"bbc-189y18v e57qer20\" readability=\"6.5\">\n<div data-e2e=\"image-placeholder\" class=\"bbc-997y1y e1whu0\" readability=\"8\"><noscript><img loading=\"lazy\" srcset=\"http:\/\/cordobadirecto.com\/wp-content\/uploads\/2021\/11\/elecciones-en-chile-kast-y-boric-disputaran-un-balotaje-por-la-presidencia-entre-extremos-32.jpg 240w, http:\/\/cordobadirecto.com\/wp-content\/uploads\/2021\/11\/elecciones-en-chile-kast-y-boric-disputaran-un-balotaje-por-la-presidencia-entre-extremos-33.jpg 320w, http:\/\/cordobadirecto.com\/wp-content\/uploads\/2021\/11\/elecciones-en-chile-kast-y-boric-disputaran-un-balotaje-por-la-presidencia-entre-extremos-34.jpg 480w, http:\/\/cordobadirecto.com\/wp-content\/uploads\/2021\/11\/elecciones-en-chile-kast-y-boric-disputaran-un-balotaje-por-la-presidencia-entre-extremos-35.jpg 624w, http:\/\/cordobadirecto.com\/wp-content\/uploads\/2021\/11\/elecciones-en-chile-kast-y-boric-disputaran-un-balotaje-por-la-presidencia-entre-extremos-36.jpg 800w\" alt=\"Gabriel Boric.\" src=\"http:\/\/cordobadirecto.com\/wp-content\/uploads\/2021\/11\/elecciones-en-chile-kast-y-boric-disputaran-un-balotaje-por-la-presidencia-entre-extremos-5.jpg\" sizes=\"(min-width: 1008px) 645px, 100vw\" width=\"976\" height=\"549\" class=\"eehpdyc0 bbc-100dhyn e1enwo3v0\"><\/noscript><\/p>\n<p role=\"text\" class=\"bbc-1s1cxbv etq3yw90\"><span class=\"bbc-1gnhmg2 e1yt7oin0\">Fuente de la imagen, <\/span><span lang=\"en-GB\">Reuters<\/span><\/p>\n<\/div>\n<\/div>\n<\/div>\n<\/figure>\n<\/div>\n<div dir=\"ltr\" class=\"bbc-19j92fr e57qer20\" readability=\"11\">\n<p dir=\"ltr\" class=\"bbc-bm53ic e1cc2ql70\">&#8220;Nuestra cruzada, por la que nos vamos a desplegar por todo Chile, es que la esperanza le gane al miedo&#8221;, compar\u00f3 Boric su discurso con el de su oponente.<\/p>\n<\/div>\n<div dir=\"ltr\" class=\"bbc-19j92fr e57qer20\" readability=\"9\">\n<p dir=\"ltr\" class=\"bbc-bm53ic e1cc2ql70\">El exdirigente estudiantil se consider\u00f3 la oposici\u00f3n al actual gobierno de Pi\u00f1era y asegur\u00f3 defender &#8220;la justicia, la igualdad y la dignidad&#8221;.<\/p>\n<\/div>\n<div dir=\"ltr\" class=\"bbc-19j92fr e57qer20\" readability=\"11\">\n<p dir=\"ltr\" class=\"bbc-bm53ic e1cc2ql70\">&#8220;Nos declararon la guerra, les vamos a declarar la esperanza&#8221;, se\u00f1al\u00f3 Boric, que propone un proyecto &#8220;transformador y razonable&#8221;.<\/p>\n<\/div>\n<div dir=\"ltr\" class=\"bbc-19j92fr e57qer20\" readability=\"14\">\n<p dir=\"ltr\" class=\"bbc-bm53ic e1cc2ql70\">Para Boric el 19 de diciembre se decide entre dos posturas opuestas: &#8220;O avanzamos a un Chile inclusivo, generoso, m\u00e1s preocupado de los suyos, o seguimos en la l\u00f3gica del rechazo, la exclusi\u00f3n y los privilegios por los que Chile se levant\u00f3 el 25 de octubre de 2019 y reclam\u00f3 un proceso Constituyente&#8221; que surgi\u00f3 del estallido social de hace dos a\u00f1os.<\/p>\n<\/div>\n<div dir=\"ltr\" class=\"bbc-19j92fr e57qer20\" readability=\"9\">\n<p dir=\"ltr\" class=\"bbc-bm53ic e1cc2ql70\">El pol\u00edtico prometi\u00f3 defender la Convenci\u00f3n Constitucional, que desde hace varios meses y con una mayor\u00eda de independientes y de izquierdas debate sobre la nueva Carta Magna.<\/p>\n<\/div>\n<p><h2 id=\"Qu\u00e9-har\u00e1n-ahora-los-otros\" tabindex=\"-1\" class=\"bbc-l3e97o e14hemmw0\">\u00bfQu\u00e9 har\u00e1n ahora los otros?<\/h2>\n<\/p>\n<div dir=\"ltr\" class=\"bbc-19j92fr e57qer20\" readability=\"8\">\n<p dir=\"ltr\" class=\"bbc-bm53ic e1cc2ql70\">Tanto Kast como Boric cortejaron a los votantes de los otros partidos que quedaron fuera de la segunda vuelta y que el 19 de diciembre deber\u00e1n decantarse por uno u otro.<\/p>\n<\/div>\n<div dir=\"ltr\" class=\"bbc-19j92fr e57qer20\" readability=\"12\">\n<p dir=\"ltr\" class=\"bbc-bm53ic e1cc2ql70\">&#8220;No quiero que gane la extrema izquierda en Chile&#8221;, dijo <b>Sebasti\u00e1n Sichel<\/b>, candidato del oficialismo de derecha, que con un 12,79% de los votos fue cuarto.<\/p>\n<\/div>\n<div dir=\"ltr\" class=\"bbc-19j92fr e57qer20\" readability=\"16\">\n<p dir=\"ltr\" class=\"bbc-bm53ic e1cc2ql70\">Por su parte, <b>Yasna Provoste<\/b>, quinta, indic\u00f3 que quiere escuchar a Boric y sus propuesta de cara a la segunda vuelta, pero dej\u00f3 claro que, como l\u00edder de la centroizquierda, su voluntad &#8220;no puede ser nunca neutra&#8221;, y afirm\u00f3 que no quiere permitir &#8220;el avance del fascismo que representa Kast&#8221;.<\/p>\n<\/div>\n<div dir=\"ltr\" class=\"bbc-1ka88fa e57qer20\">\n<figure class=\"bbc-1qdcvv9 e6bmn90\">\n<div dir=\"ltr\" class=\"bbc-172p16q e57qer20\">\n<div dir=\"ltr\" class=\"bbc-189y18v e57qer20\">\n<div data-e2e=\"image-placeholder\" class=\"bbc-997y1y e1whu0\"><noscript><img loading=\"lazy\" srcset=\"http:\/\/cordobadirecto.com\/wp-content\/uploads\/2021\/11\/elecciones-en-chile-kast-y-boric-disputaran-un-balotaje-por-la-presidencia-entre-extremos-37.jpg 240w, http:\/\/cordobadirecto.com\/wp-content\/uploads\/2021\/11\/elecciones-en-chile-kast-y-boric-disputaran-un-balotaje-por-la-presidencia-entre-extremos-38.jpg 320w, http:\/\/cordobadirecto.com\/wp-content\/uploads\/2021\/11\/elecciones-en-chile-kast-y-boric-disputaran-un-balotaje-por-la-presidencia-entre-extremos-39.jpg 464w\" alt=\"L\u00ednea\" src=\"http:\/\/cordobadirecto.com\/wp-content\/uploads\/2021\/11\/elecciones-en-chile-kast-y-boric-disputaran-un-balotaje-por-la-presidencia-entre-extremos-6.jpg\" sizes=\"(min-width: 1008px) 645px, 100vw\" width=\"464\" height=\"2\" class=\"eehpdyc0 bbc-100dhyn e1enwo3v0\"><\/noscript><\/div>\n<\/div>\n<\/div>\n<\/figure>\n<\/div>\n<div dir=\"ltr\" class=\"bbc-19j92fr e57qer20\" readability=\"8\">\n<p dir=\"ltr\" class=\"bbc-bm53ic e1cc2ql70\"><i class=\"bbc-h1y5j7 ewc4zcb0\">Ahora puedes recibir notificaciones de BBC News Mundo. Descarga la nueva versi\u00f3n de nuestra app y act\u00edvalas para no perderte nuestro mejor contenido.<\/i><\/p>\n<\/div>\n","protected":false},"excerpt":{"rendered":"<p>Redacci\u00f3n BBC News Mundo 9 horas Fuente de la imagen, Getty Images Chile vot\u00f3 por los extremos en la primera vuelta de las elecciones y el derechista Jos\u00e9 Antonio Kast y el izquierdista Gabriel Boric disputar\u00e1n un polarizado balotaje por la presidencia del pa\u00eds. Con el 99,98% de las mesas escrutadas en las elecciones celebradas [&hellip;]<\/p>\n","protected":false},"author":1,"featured_media":29446,"comment_status":"closed","ping_status":"closed","sticky":false,"template":"","format":"standard","meta":[],"categories":[24],"tags":[],"_links":{"self":[{"href":"http:\/\/cordobadirecto.com\/index.php\/wp-json\/wp\/v2\/posts\/29445"}],"collection":[{"href":"http:\/\/cordobadirecto.com\/index.php\/wp-json\/wp\/v2\/posts"}],"about":[{"href":"http:\/\/cordobadirecto.com\/index.php\/wp-json\/wp\/v2\/types\/post"}],"author":[{"embeddable":true,"href":"http:\/\/cordobadirecto.com\/index.php\/wp-json\/wp\/v2\/users\/1"}],"replies":[{"embeddable":true,"href":"http:\/\/cordobadirecto.com\/index.php\/wp-json\/wp\/v2\/comments?post=29445"}],"version-history":[{"count":0,"href":"http:\/\/cordobadirecto.com\/index.php\/wp-json\/wp\/v2\/posts\/29445\/revisions"}],"wp:featuredmedia":[{"embeddable":true,"href":"http:\/\/cordobadirecto.com\/index.php\/wp-json\/wp\/v2\/media\/29446"}],"wp:attachment":[{"href":"http:\/\/cordobadirecto.com\/index.php\/wp-json\/wp\/v2\/media?parent=29445"}],"wp:term":[{"taxonomy":"category","embeddable":true,"href":"http:\/\/cordobadirecto.com\/index.php\/wp-json\/wp\/v2\/categories?post=29445"},{"taxonomy":"post_tag","embeddable":true,"href":"http:\/\/cordobadirecto.com\/index.php\/wp-json\/wp\/v2\/tags?post=29445"}],"curies":[{"name":"wp","href":"https:\/\/api.w.org\/{rel}","templated":true}]}}