{"id":29530,"date":"2021-11-22T08:00:48","date_gmt":"2021-11-22T08:00:48","guid":{"rendered":"http:\/\/cordobadirecto.com\/index.php\/2021\/11\/22\/husek-y-eles-transportan-a-morte-propuestas-con-diversidad-y-riesgo\/"},"modified":"2021-11-22T08:00:48","modified_gmt":"2021-11-22T08:00:48","slug":"husek-y-eles-transportan-a-morte-propuestas-con-diversidad-y-riesgo","status":"publish","type":"post","link":"http:\/\/cordobadirecto.com\/index.php\/2021\/11\/22\/husek-y-eles-transportan-a-morte-propuestas-con-diversidad-y-riesgo\/","title":{"rendered":"&#8220;Husek&#8221; y &#8220;Eles transportan a morte&#8221;, propuestas con diversidad y riesgo"},"content":{"rendered":"<figure class=\"mb-3\"><img loading=\"lazy\" src=\"http:\/\/cordobadirecto.com\/wp-content\/uploads\/2021\/11\/husek-y-eles-transportan-a-morte-propuestas-con-diversidad-y-riesgo.jpg\" width=\"100%\" height=\"100%\" alt=\"Husek de Daniela Seggiaro toma la resistencia de una colonia wichi\"><figcaption> &#8220;Husek&#8221;, de Daniela Seggiaro, toma la resistencia de una colonia wichi. <\/figcaption><\/figure>\n<p>La pel\u00edcula <strong>\u201cHusek\u201d, <\/strong>de<strong> Daniela Seggiaro<\/strong>, que desde la ficci\u00f3n aborda la resistencia de una comunidad wichi a adoptar otro modo de vida impuesta por el gobierno a trav\u00e9s de un proyecto de viviendas, entr\u00f3 a la Competencia Argentina de la 36ta. edici\u00f3n del Festival Internacional de Cine de Mar del Plata.<\/p>\n<p><strong>\u201cAgradezco que la pel\u00edcula pueda compartirse en un cine, con la gente\u201d<\/strong>, dijo la directora, presente en la sala 3 del Complejo Aldrey con parte del equipo de la pel\u00edcula, que inform\u00f3 que la producci\u00f3n \u201ces biling\u00fce, es decir, hablada en espa\u00f1ol y en Wich\u00ed lhamt\u00e9s\u201d, explic\u00f3 la realizadora sobre la variedad dial\u00e9ctica que se habla en el Chaco, donde transcurre el relato.<\/p>\n<p>\u201cHusek\u201d, que particip\u00f3 el a\u00f1o pasado en el festival en Competencia en Tr\u00e1nsito -destinada a producciones latinoamericanas en progreso-, <strong>desarrolla una historia que tiene que ver con el choque de una cultura ancestral y el llamado progreso -los temas que abord\u00f3 tambi\u00e9n en su opera prima, \u201cNosilatiaj. La belleza\u201d-, en donde incluso las buenas intensiones, est\u00e1n atravesadas por complejos procesos individuales y colectivos.<\/strong><\/p>\n<p>El gobierno provincial est\u00e1 decidido a avanzar con un proyecto de urbanizaci\u00f3n que les dar\u00e1 vivienda a los habitantes de una comunidad wichi ubicada en el Gran Chaco, pero los pobladores se niegan a abandonar sus tierras y sobre todo, su estilo de vida.<\/p>\n<p><iframe src=\"https:\/\/player.vimeo.com\/video\/613031953?h=258e9f3dc5\" width=\"640\" height=\"360\" frameborder=\"0\" allow=\"autoplay; fullscreen; picture-in-picture\" allowfullscreen>[embedded content]<\/iframe><\/p>\n<p><a href=\"https:\/\/vimeo.com\/613031953\">Trailer &#8211; HUSEK<\/a> from <a href=\"https:\/\/vimeo.com\/maravillacine\">Maravillacine<\/a> on <a href=\"https:\/\/vimeo.com\">Vimeo<\/a>.<\/p>\n<p>El relato est\u00e1 centrado principalmente en Ana (Ver\u00f3nica Ger\u00e9z), la joven arquitecta de la Secretar\u00eda de Vivienda y Desarrollo de la provincia, que con la idea rectora de progreso pero cierta sensibilidad para acercarse a los pobladores para saber sus necesidades, inevitablemente entra en conflicto con el organismo al cual pertenece e incluso con su entorno, que forma parte de la clase media acomodada de la capital provincial.<\/p>\n<p>La pel\u00edcula entonces, <strong>deja en claro que mientras que la maquinaria estatal discute y sobre todo avanza desde el poder y una concepci\u00f3n blanca y occidental del mundo, en la cosmogon\u00eda de los pueblos originarios la tierra est\u00e1 vinculada con los ancestros y a su proyecci\u00f3n al futuro.<\/strong><\/p>\n<p>As\u00ed lo demuestra a trav\u00e9s de lo fant\u00e1stico, con apariciones fantasmales en momentos claves que dan cuenta de p\u00e9rdidas y avasallamientos que los wich\u00eds tuvieron que soportar, pero que sin embargo, no los doblegaron.<\/p>\n<p>La ambici\u00f3n de \u201cHusek\u201d de mostrar las diferentes facetas de un problema complejo, tambi\u00e9n abarca a la propia protagonista como sujeto de diferentes episodios de violencia de g\u00e9nero, equiparando sus luchas cotidianas en el \u00e1mbito laboral y personal, con los padecimientos de un pueblo que sigue soportando avasallamientos desde hace siglos.<\/p>\n<p>Despu\u00e9s de la proyecci\u00f3n para los que est\u00e1n disfrutando de manera presencial el festival, fue el turno de desplazarse al Paseo Diagonal, en donde en la sala 1 se proyect\u00f3 <strong>\u201cEles transportan a morte\u201d, de Samuel Delgado <\/strong>y<strong> Helena Gir\u00f3n<\/strong>, incluida en la Competencia Estados Alterados.<\/p>\n<p>Mientras afuera la tarde se presentaba so\u00f1ada para todos los que quisieran disfrutar de la playa, el p\u00fablico cin\u00e9filo respondi\u00f3 con convicci\u00f3n, con buena parte de las butacas disponibles ocupada.<\/p>\n<p><strong>Beli Mart\u00ednez<\/strong>, productora de la pel\u00edcula, cont\u00f3 que la pel\u00edcula, opera prima de Delgado y Gir\u00f3n, estaba filmada \u201cen celuloide\u201d y adem\u00e1s advirti\u00f3 <strong>\u201cseguramente se van a cuestionar algunos datos hist\u00f3ricos\u201d<\/strong>.<\/p>\n<p>Con la inc\u00f3gnita en el aire sobre la veracidad de lo que se ver\u00eda en la pantalla, el relato de \u00e9poca est\u00e1 situado en 1492 y la exactitud de la fecha es trascendente, en tanto tiene que ver con la expedici\u00f3n de Crist\u00f3bal Col\u00f3n al Nuevo Mundo, tal como fue bautizado posteriormente al continente americano.<\/p>\n<p>En el filme, las famosas carabelas llevan a tres condenados a muerte a quienes se les da la posibilidad de eludir la ejecuci\u00f3n aceptando ser parte de la expedici\u00f3n. Pero dispuestos a torcer una vez m\u00e1s su suerte, los condenados se lanzan al mar para esconderse en las islas Canarias.<\/p>\n<div class=\"video_repositive\"><a class=\"video_sticky\" href=\"javascript:void();\" onclick=\"removeStuckVideo(true);\"><i class=\"far fa-window-close\"><\/i><\/a><\/p>\n<div id=\"bLxEqtX8oOg\" class=\"video_telam\" readability=\"6\">\n<div class=\"feature_article_inner\" readability=\"32\">\n<p><h2 class=\"text-center\">Trailer &#8220;Eles transportan a morte&#8221;<\/h2>\n<\/p>\n<\/div>\n<p>VER VIDEO <i class=\"fas fa-play\"><\/i><\/p>\n<\/div>\n<\/div>\n<p>En paralelo, en la Espa\u00f1a continental, una joven mujer salta al vac\u00edo desde una risco y su hermana trata de salvarla de sus heridas con una vieja curandera.<\/p>\n<p>Ambas historias, sin conexi\u00f3n aparente, se cohesionan alrededor de la ambici\u00f3n de Crist\u00f3bal Col\u00f3n y de la monarqu\u00eda de la \u00e9poca. Si los desesperados arriesgan su vida para no ser parte de un proyecto de conquista y de incierto destino para ellos, el suicidio de una mujer representa la soledad de otras miles que vieron partir a los hombres y quedaron solas y en muchos casos, quedaron a merced de la inquisici\u00f3n que las acus\u00f3 de brujas.<\/p>\n<p>Con algo de la epopeya del cine del alem\u00e1n Werner Herzog, la naturaleza presente en contraposici\u00f3n a la codicia del hombre como en la obra de Terrence Malick, el relato sin duda hace honor a los lineamientos de la secci\u00f3n Estados Alterados, que selecciona pel\u00edculas que cuestiona las formas y transitan la senda del riesgo.<\/p>\n<p>Y es en ese sentido en que las palabras de la productora de \u201cEles transportan a morte\u201d cobran relevancia, porque <strong>mas all\u00e1 del riesgo formal de la puesta, los realizadores de la pel\u00edcula van mucho, pero mucho m\u00e1s all\u00e1, al torcer los hechos hist\u00f3ricos, primero para discutir desde el presente las atrocidades de la conquista y despu\u00e9s, para abrir la posibilidad de imaginarse lisa y llanamente la inexistencia del colonialismo. Al menos en esta parte del mundo.<\/strong><\/p>\n","protected":false},"excerpt":{"rendered":"<p>&#8220;Husek&#8221;, de Daniela Seggiaro, toma la resistencia de una colonia wichi. La pel\u00edcula \u201cHusek\u201d, de Daniela Seggiaro, que desde la ficci\u00f3n aborda la resistencia de una comunidad wichi a adoptar otro modo de vida impuesta por el gobierno a trav\u00e9s de un proyecto de viviendas, entr\u00f3 a la Competencia Argentina de la 36ta. edici\u00f3n del [&hellip;]<\/p>\n","protected":false},"author":1,"featured_media":29531,"comment_status":"closed","ping_status":"closed","sticky":false,"template":"","format":"standard","meta":[],"categories":[20],"tags":[],"_links":{"self":[{"href":"http:\/\/cordobadirecto.com\/index.php\/wp-json\/wp\/v2\/posts\/29530"}],"collection":[{"href":"http:\/\/cordobadirecto.com\/index.php\/wp-json\/wp\/v2\/posts"}],"about":[{"href":"http:\/\/cordobadirecto.com\/index.php\/wp-json\/wp\/v2\/types\/post"}],"author":[{"embeddable":true,"href":"http:\/\/cordobadirecto.com\/index.php\/wp-json\/wp\/v2\/users\/1"}],"replies":[{"embeddable":true,"href":"http:\/\/cordobadirecto.com\/index.php\/wp-json\/wp\/v2\/comments?post=29530"}],"version-history":[{"count":0,"href":"http:\/\/cordobadirecto.com\/index.php\/wp-json\/wp\/v2\/posts\/29530\/revisions"}],"wp:featuredmedia":[{"embeddable":true,"href":"http:\/\/cordobadirecto.com\/index.php\/wp-json\/wp\/v2\/media\/29531"}],"wp:attachment":[{"href":"http:\/\/cordobadirecto.com\/index.php\/wp-json\/wp\/v2\/media?parent=29530"}],"wp:term":[{"taxonomy":"category","embeddable":true,"href":"http:\/\/cordobadirecto.com\/index.php\/wp-json\/wp\/v2\/categories?post=29530"},{"taxonomy":"post_tag","embeddable":true,"href":"http:\/\/cordobadirecto.com\/index.php\/wp-json\/wp\/v2\/tags?post=29530"}],"curies":[{"name":"wp","href":"https:\/\/api.w.org\/{rel}","templated":true}]}}