{"id":29550,"date":"2021-11-19T13:32:10","date_gmt":"2021-11-19T13:32:10","guid":{"rendered":"https:\/\/es.digitaltrends.com\/?p=893032"},"modified":"2021-11-19T13:32:10","modified_gmt":"2021-11-19T13:32:10","slug":"ahora-podras-ajustar-el-numero-de-publicaciones-en-tu-feed-de-facebook","status":"publish","type":"post","link":"http:\/\/cordobadirecto.com\/index.php\/2021\/11\/19\/ahora-podras-ajustar-el-numero-de-publicaciones-en-tu-feed-de-facebook\/","title":{"rendered":"Ahora podr\u00e1s ajustar el n\u00famero de publicaciones en tu feed de Facebook"},"content":{"rendered":"<div><img src=\"http:\/\/cordobadirecto.com\/wp-content\/uploads\/2021\/11\/ahora-podras-ajustar-el-numero-de-publicaciones-en-tu-feed-de-facebook.jpg\" class=\"ff-og-image-inserted\"><\/div>\n<p>Facebook quiere ofrecerles a sus usuarios m\u00e1s control sobre el contenido que se muestra en su <a href=\"https:\/\/es.digitaltrends.com\/computadoras\/que-es-un-feed-rss\/\">feed<\/a>. La intenci\u00f3n, seg\u00fan la <a href=\"https:\/\/es.digitaltrends.com\/sociales\/mewe-que-es-red-social-respeta-datos-personales-usuarios\/\">red social<\/a>, es que las personas cuenten con m\u00e1s opciones para personalizar su experiencia.<\/p>\n<p>Desde ahora, la plataforma entrega una serie de opciones para ajustar la cantidad de contenido que las personas ven de sus amigos, p\u00e1ginas y grupos. De esta forma, ellos podr\u00e1n aumentar o disminuir este tipo de contenido en su feed.<\/p>\n<p>\u201cEstamos probando nuevas formas de facilitar la b\u00fasqueda y el uso de los controles de News Feed para ajustar las preferencias de clasificaci\u00f3n de las personas y personalizar su News Feed\u201d, se\u00f1ala la plataforma.<\/p>\n<p>\u201cComenzaremos a realizar pruebas en pa\u00edses de todo el mundo para un peque\u00f1o porcentaje de personas, expandi\u00e9ndonos gradualmente en las pr\u00f3ximas semanas\u201d.<\/p>\n<p>As\u00ed, los usuarios podr\u00e1n gestionar su clasificaci\u00f3n desde al apartado \u201cPreferencias de la secci\u00f3n de noticias\u201d e incrementar o reducir los contenidos que ven de las cuentas que siguen y de los temas que les interesan.<\/p>\n<p>Seg\u00fan <a href=\"https:\/\/es.digitaltrends.com\/sociales\/facebook-cambia-nombre-meta\/\">Meta<\/a>, estos cambios tambi\u00e9n suponen un acceso m\u00e1s simple a controles como favoritos, posponer, dejar de seguir o volver a conectar.<\/p>\n<p>Por su parte, las empresas tambi\u00e9n dispondr\u00e1n de m\u00e1s controles para excluir algunos anuncios de acuerdo con la categor\u00eda seleccionada.<\/p>\n<p>De esta forma, los anunciantes podr\u00e1n elegir uno o varios grupos tem\u00e1ticos, como noticias, pol\u00edtica, problemas sociales, crimen y tragedia, para evitar que sus anuncios aparezcan junto a publicaciones relacionadas con estos temas.<\/p>\n<p>Tanto para los usuarios como para las empresas anunciantes, estos cambios deber\u00e1n a estar disponibles de manera gradual en las pr\u00f3ximas semanas.<\/p>\n<h4 class=\"h-editors-recs-title\"> Recomendaciones del editor\t<\/h4>\n<p> <span id=\"publisher-md\" itemprop=\"publisher\" itemscope itemtype=\"https:\/\/schema.org\/Organization\"> <span itemprop=\"url\" itemtype=\"https:\/\/schema.org\/Url\" content=\"https:\/\/es.digitaltrends.com\"> <span itemprop=\"logo\" itemscope itemtype=\"https:\/\/schema.org\/ImageObject\"> <meta itemprop=\"url\" content=\"https:\/\/cdn.dtcn.com\/dt\/dt-logo-small.png\"> <meta itemprop=\"width\" content=\"0\"> <meta itemprop=\"height\" content=\"0\"> <\/span> <meta itemprop=\"name\" content=\"Digital Trends Espa\u00f1ol\"> <\/span> <span itemprop=\"image\" itemscope itemtype=\"https:\/\/schema.org\/ImageObject\"> <meta itemprop=\"url\" content=\"http:\/\/cordobadirecto.com\/wp-content\/uploads\/2021\/11\/ahora-podras-ajustar-el-numero-de-publicaciones-en-tu-feed-de-facebook.jpg\"> <\/span> <\/span><\/p>\n","protected":false},"excerpt":{"rendered":"<p>Facebook quiere ofrecerles a sus usuarios m\u00e1s control sobre el contenido que se muestra en su feed. La intenci\u00f3n, seg\u00fan la red social, es que las personas cuenten con m\u00e1s opciones para personalizar su experiencia. Desde ahora, la plataforma entrega una serie de opciones para ajustar la cantidad de contenido que las personas ven de [&hellip;]<\/p>\n","protected":false},"author":1,"featured_media":29551,"comment_status":"closed","ping_status":"closed","sticky":false,"template":"","format":"standard","meta":[],"categories":[26],"tags":[],"_links":{"self":[{"href":"http:\/\/cordobadirecto.com\/index.php\/wp-json\/wp\/v2\/posts\/29550"}],"collection":[{"href":"http:\/\/cordobadirecto.com\/index.php\/wp-json\/wp\/v2\/posts"}],"about":[{"href":"http:\/\/cordobadirecto.com\/index.php\/wp-json\/wp\/v2\/types\/post"}],"author":[{"embeddable":true,"href":"http:\/\/cordobadirecto.com\/index.php\/wp-json\/wp\/v2\/users\/1"}],"replies":[{"embeddable":true,"href":"http:\/\/cordobadirecto.com\/index.php\/wp-json\/wp\/v2\/comments?post=29550"}],"version-history":[{"count":0,"href":"http:\/\/cordobadirecto.com\/index.php\/wp-json\/wp\/v2\/posts\/29550\/revisions"}],"wp:featuredmedia":[{"embeddable":true,"href":"http:\/\/cordobadirecto.com\/index.php\/wp-json\/wp\/v2\/media\/29551"}],"wp:attachment":[{"href":"http:\/\/cordobadirecto.com\/index.php\/wp-json\/wp\/v2\/media?parent=29550"}],"wp:term":[{"taxonomy":"category","embeddable":true,"href":"http:\/\/cordobadirecto.com\/index.php\/wp-json\/wp\/v2\/categories?post=29550"},{"taxonomy":"post_tag","embeddable":true,"href":"http:\/\/cordobadirecto.com\/index.php\/wp-json\/wp\/v2\/tags?post=29550"}],"curies":[{"name":"wp","href":"https:\/\/api.w.org\/{rel}","templated":true}]}}