{"id":29571,"date":"2021-11-19T19:25:39","date_gmt":"2021-11-19T19:25:39","guid":{"rendered":"https:\/\/cordoba.gob.ar\/?p=17104"},"modified":"2021-11-19T19:25:39","modified_gmt":"2021-11-19T19:25:39","slug":"estudiantes-secundarios-recibieron-orientacion-vocacional-en-los-cpc-y-parques-educativos","status":"publish","type":"post","link":"http:\/\/cordobadirecto.com\/index.php\/2021\/11\/19\/estudiantes-secundarios-recibieron-orientacion-vocacional-en-los-cpc-y-parques-educativos\/","title":{"rendered":"Estudiantes secundarios recibieron orientaci\u00f3n vocacional en los CPC y Parques Educativos"},"content":{"rendered":"<div><img src=\"http:\/\/cordobadirecto.com\/wp-content\/uploads\/2021\/11\/estudiantes-secundarios-recibieron-orientacion-vocacional-en-los-cpc-y-parques-educativos.jpg\" class=\"ff-og-image-inserted\"><\/div>\n<p>A trav\u00e9s del programa \u201cSalir a Rodar\u201d, la Universidad Nacional de C\u00f3rdoba brind\u00f3 charlas de orientaci\u00f3n vocacional a estudiantes secundarios del \u00faltimo a\u00f1o.<\/p>\n<p>Se llev\u00f3 adelante la \u00faltima jornada del programa \u201cSalir a Rodar\u201d en el Parque Educativo Sur, puesto en marcha por la Secretar\u00eda de Asuntos Estudiantiles de la Universidad Nacional de C\u00f3rdoba, en conjunto con la Secretar\u00eda de Participaci\u00f3n Ciudadana de la Municipalidad de C\u00f3rdoba.<\/p>\n<p>En esta oportunidad, alrededor de 100 estudiantes del \u00faltimo a\u00f1o del Ipem N\u00b0 311, Ipem N\u00b0 295 e Ipem N\u00b0183, de los barrios de la jurisdicci\u00f3n del CPC Villa El Libertador pudieron compartir experiencias, conocimientos y un acercamiento a la vida universitaria y a la oferta acad\u00e9mica brindada por la Universidad Nacional de C\u00f3rdoba.<\/p>\n<p>Los j\u00f3venes participantes recibieron, adem\u00e1s, asesoramiento sobre carreras universitarias y oportunidades acad\u00e9micas, como as\u00ed tambi\u00e9n informaci\u00f3n acerca de los programas de inclusi\u00f3n social y acompa\u00f1amiento a las trayectorias educativas.<\/p>\n<p>Al respecto, Juan Domingo Viola, secretario de Participaci\u00f3n Ciudadana, indic\u00f3: <em>\u201cEste programa ha permitido tener una presencia de la universidad en los barrios, a fines de hacer conocer a la poblaci\u00f3n la oferta acad\u00e9mica y la oferta universitaria que nuestra casa de altos estudios tiene para todos los cordobeses\u201d.<\/em><\/p>\n<p>Por su parte, Leandro Carbelo, Secretario de Asuntos Estudiantiles, subray\u00f3: <em>\u201cLlevamos diferentes charlas y expresiones de c\u00f3mo es la vida universitaria para que profesionales de la Universidad y estudiantes puedan contar y generar un v\u00ednculo y, de esta manera, generar una atracci\u00f3n de todos los ciudadanos de C\u00f3rdoba a la Universidad Nacional de C\u00f3rdoba.\u201d<\/em><\/p>\n<p>Finalmente, Jorge Lorenzo, subdirector del CPC Villa El Libertador manifest\u00f3: <em>\u201cQue los estudiantes de nuestras escuelas secundarias puedan ver como una opci\u00f3n de vida ir a formarse a la Universidad Nacional de C\u00f3rdoba, es un logro. La descentralizaci\u00f3n tambi\u00e9n significa llevar las pol\u00edticas p\u00fablicas al conjunto del territorio de nuestra ciudad\u201d.<\/em><\/p>\n<p>Estas jornadas, tambi\u00e9n se llevaron adelante en los CPC Monse\u00f1or Pablo Cabrera, Arg\u00fcello y Parques Educativos.<\/p>\n<p>Como cierre de esta primera experiencia, todos los alumnos que participaron de estas charlas, podr\u00e1n realizar un recorrido guiado en la UNC, a mediados del mes de diciembre.<\/p>\n","protected":false},"excerpt":{"rendered":"<p>A trav\u00e9s del programa \u201cSalir a Rodar\u201d, la Universidad Nacional de C\u00f3rdoba brind\u00f3 charlas de orientaci\u00f3n vocacional a estudiantes secundarios del \u00faltimo a\u00f1o. Se llev\u00f3 adelante la \u00faltima jornada del programa \u201cSalir a Rodar\u201d en el Parque Educativo Sur, puesto en marcha por la Secretar\u00eda de Asuntos Estudiantiles de la Universidad Nacional de C\u00f3rdoba, en [&hellip;]<\/p>\n","protected":false},"author":1,"featured_media":29572,"comment_status":"closed","ping_status":"closed","sticky":false,"template":"","format":"standard","meta":[],"categories":[44],"tags":[],"_links":{"self":[{"href":"http:\/\/cordobadirecto.com\/index.php\/wp-json\/wp\/v2\/posts\/29571"}],"collection":[{"href":"http:\/\/cordobadirecto.com\/index.php\/wp-json\/wp\/v2\/posts"}],"about":[{"href":"http:\/\/cordobadirecto.com\/index.php\/wp-json\/wp\/v2\/types\/post"}],"author":[{"embeddable":true,"href":"http:\/\/cordobadirecto.com\/index.php\/wp-json\/wp\/v2\/users\/1"}],"replies":[{"embeddable":true,"href":"http:\/\/cordobadirecto.com\/index.php\/wp-json\/wp\/v2\/comments?post=29571"}],"version-history":[{"count":0,"href":"http:\/\/cordobadirecto.com\/index.php\/wp-json\/wp\/v2\/posts\/29571\/revisions"}],"wp:featuredmedia":[{"embeddable":true,"href":"http:\/\/cordobadirecto.com\/index.php\/wp-json\/wp\/v2\/media\/29572"}],"wp:attachment":[{"href":"http:\/\/cordobadirecto.com\/index.php\/wp-json\/wp\/v2\/media?parent=29571"}],"wp:term":[{"taxonomy":"category","embeddable":true,"href":"http:\/\/cordobadirecto.com\/index.php\/wp-json\/wp\/v2\/categories?post=29571"},{"taxonomy":"post_tag","embeddable":true,"href":"http:\/\/cordobadirecto.com\/index.php\/wp-json\/wp\/v2\/tags?post=29571"}],"curies":[{"name":"wp","href":"https:\/\/api.w.org\/{rel}","templated":true}]}}