{"id":29573,"date":"2021-11-19T19:02:25","date_gmt":"2021-11-19T19:02:25","guid":{"rendered":"https:\/\/cordoba.gob.ar\/?p=17098"},"modified":"2021-11-19T19:02:25","modified_gmt":"2021-11-19T19:02:25","slug":"con-diversas-actividades-gratuitas-y-promociones-especiales-se-realiza-la-noche-del-mercado-norte","status":"publish","type":"post","link":"http:\/\/cordobadirecto.com\/index.php\/2021\/11\/19\/con-diversas-actividades-gratuitas-y-promociones-especiales-se-realiza-la-noche-del-mercado-norte\/","title":{"rendered":"Con diversas actividades gratuitas y promociones especiales, se realiza \u201cLa Noche del Mercado Norte\u201d"},"content":{"rendered":"<div><img src=\"http:\/\/cordobadirecto.com\/wp-content\/uploads\/2021\/11\/con-diversas-actividades-gratuitas-y-promociones-especiales-se-realiza-la-noche-del-mercado-norte.jpg\" class=\"ff-og-image-inserted\"><\/div>\n<ul>\n<li><strong>La jornada tendr\u00e1 como protagonistas a la gastronom\u00eda y la m\u00fasica como parte de la propuesta \u201cC\u00f3rdoba con sabor \u2013 Edici\u00f3n melod\u00edas culinarias\u201d.<\/strong><\/li>\n<\/ul>\n<hr>\n<p>Organizada por la Municipalidad de C\u00f3rdoba, hoy tendr\u00e1 lugar \u201cLa Noche del Mercado Norte\u201d, una variada grilla de diversas actividades gratuitas y promociones especiales que se extender\u00e1n durante toda la noche.<\/p>\n<p>Para los amantes de la gastronom\u00eda, como ya es habitual en estos eventos, los restaurantes tambi\u00e9n extender\u00e1n sus horarios hasta la noche. La experiencia de una jornada en el Mercado Norte se podr\u00e1 maridar con diversos espect\u00e1culos, como la cocina en vivo y shows musicales que, haciendo homenaje a la m\u00fasica, recorrer\u00e1n un amplio abanico de estilos y g\u00e9neros, desde el rock, pop, cuarteto y folklore, tambi\u00e9n la m\u00fasica gospel y \u00f3pera. Tambi\u00e9n, a las ya tradicionales ferias al aire libre con flores y de econom\u00eda social, se le sumar\u00e1 una de vinilos.<\/p>\n<p>\u201cEsto mueve la econom\u00eda local a trav\u00e9s de verdaderos \u00edconos que tiene la ciudad como es el caso del Mercado Norte. Estamos muy agradecidos con todos los puesteros porque siempre se suman a las iniciativas que planteamos desde el Municipio y son parte de cada propuesta\u201d, destac\u00f3 el secretario de gobierno, Miguel Siciliano.<\/p>\n<p>Otro de los atractivos ser\u00e1 la presentaci\u00f3n del libro \u201cUn paseo por La Segunda\u201d, de Nacha Vollenweider, el cual invita a descubrir personajes, esquinas y comercios de la zona del Mercado Norte en una serie de 30 escenas ilustradas. La misma incluir\u00e1 una muestra de ilustraciones en el interior del edificio, y paseos guiados por el barrio. Al final del recorrido, se invitar\u00e1 a dibujar al aire libre.<\/p>\n<p>Cabe destacar que el ciclo \u201cC\u00f3rdoba con sabor\u201d, que invita a degustar lo mejor de la gastronom\u00eda cordobesa, contin\u00faa hasta el d\u00eda viernes y hasta el lunes en otros puntos de la ciudad, como Mercado Alberdi, Zona Centro, Barrio General paz, Barrio G\u00fcemes y Barrio Jard\u00edn.<\/p>\n<p>PROGRAMACI\u00d3N \u2013 LA NOCHE DEL MERCADO NORTE<\/p>\n<p>Muestra permanente: \u201cUn paseo por La Segunda\u201d.<\/p>\n<p>9 a 17hs. Feria de econom\u00eda social \u2013 Cortada de Israel<\/p>\n<p>9 a 17hs. Feria de Vinilos \u2013 Cortada de Israel<\/p>\n<p>9 a 17hs. Feria de flores \u2013 Cortada de Israel<\/p>\n<p>10.30 y 18.30hs. Visita guiada: \u201cUn paseo por La Segunda\u201d. Paseo y muestra de ilustraciones de Nacha Vollenweider. Punto de encuentro: puerta del Mercado Norte sobre pasaje Cantacara.<\/p>\n<p>17hs. Tempo Urbano \u2013 Calle San Mart\u00edn<\/p>\n<p>18 a 20hs. Ale Tavarone y Carla Donisio \u2013 Calle Rivadavia<\/p>\n<p>18 a 02hs. DJ Sebasti\u00e1n Taborda \u2013 Calle San Mart\u00edn<\/p>\n<p>18 a 02hs. Dj Igna Igna \u2013 Calle Rivadavia<\/p>\n<p>18hs. Ensamble Municipal de M\u00fasica Ciudadana \u2013 Calle San Mart\u00edn<\/p>\n<p>19hs. Halc\u00f3n \u2013 Calle San Mart\u00edn<\/p>\n<p>19hs. Res Griseo \u2013 Calle Rivadavia<\/p>\n<p>20hs. Docta Boss \u2013 Calle Rivadavia<\/p>\n<p>20hs. La Popu en el Mercado Norte. Transmisi\u00f3n en vivo con Pablo \u201cLanzallamas\u201d Brizuela, Desakta2 y DJ Cabrito<\/p>\n<p>21hs. Desakta2 \u2013 Calle San Mart\u00edn<\/p>\n<p>21hs. Esto no es Londres \u2013 Calle Rivadavia<\/p>\n<p>22hs. Cristina Velasco \u2013 Calle San Mart\u00edn<\/p>\n<p>22hs. The Cotton Club \u2013 Calle Rivadavia<\/p>\n<p>23hs. Coro Gospel Kumbaya \u2013 Calle Rivadavia<\/p>\n<p>23hs. CJ Carballo + Flor Aquin \u2013 La cocina de Fazzio<\/p>\n","protected":false},"excerpt":{"rendered":"<p>La jornada tendr\u00e1 como protagonistas a la gastronom\u00eda y la m\u00fasica como parte de la propuesta \u201cC\u00f3rdoba con sabor \u2013 Edici\u00f3n melod\u00edas culinarias\u201d. Organizada por la Municipalidad de C\u00f3rdoba, hoy tendr\u00e1 lugar \u201cLa Noche del Mercado Norte\u201d, una variada grilla de diversas actividades gratuitas y promociones especiales que se extender\u00e1n durante toda la noche. Para [&hellip;]<\/p>\n","protected":false},"author":1,"featured_media":29574,"comment_status":"closed","ping_status":"closed","sticky":false,"template":"","format":"standard","meta":[],"categories":[44],"tags":[],"_links":{"self":[{"href":"http:\/\/cordobadirecto.com\/index.php\/wp-json\/wp\/v2\/posts\/29573"}],"collection":[{"href":"http:\/\/cordobadirecto.com\/index.php\/wp-json\/wp\/v2\/posts"}],"about":[{"href":"http:\/\/cordobadirecto.com\/index.php\/wp-json\/wp\/v2\/types\/post"}],"author":[{"embeddable":true,"href":"http:\/\/cordobadirecto.com\/index.php\/wp-json\/wp\/v2\/users\/1"}],"replies":[{"embeddable":true,"href":"http:\/\/cordobadirecto.com\/index.php\/wp-json\/wp\/v2\/comments?post=29573"}],"version-history":[{"count":0,"href":"http:\/\/cordobadirecto.com\/index.php\/wp-json\/wp\/v2\/posts\/29573\/revisions"}],"wp:featuredmedia":[{"embeddable":true,"href":"http:\/\/cordobadirecto.com\/index.php\/wp-json\/wp\/v2\/media\/29574"}],"wp:attachment":[{"href":"http:\/\/cordobadirecto.com\/index.php\/wp-json\/wp\/v2\/media?parent=29573"}],"wp:term":[{"taxonomy":"category","embeddable":true,"href":"http:\/\/cordobadirecto.com\/index.php\/wp-json\/wp\/v2\/categories?post=29573"},{"taxonomy":"post_tag","embeddable":true,"href":"http:\/\/cordobadirecto.com\/index.php\/wp-json\/wp\/v2\/tags?post=29573"}],"curies":[{"name":"wp","href":"https:\/\/api.w.org\/{rel}","templated":true}]}}