{"id":29575,"date":"2021-11-22T17:25:26","date_gmt":"2021-11-22T17:25:26","guid":{"rendered":"http:\/\/cordobadirecto.com\/index.php\/2021\/11\/22\/frigorificos-alertan-que-continuara-el-aumento-de-la-carne-hoy-dia-cordoba\/"},"modified":"2021-11-22T17:25:26","modified_gmt":"2021-11-22T17:25:26","slug":"frigorificos-alertan-que-continuara-el-aumento-de-la-carne-hoy-dia-cordoba","status":"publish","type":"post","link":"http:\/\/cordobadirecto.com\/index.php\/2021\/11\/22\/frigorificos-alertan-que-continuara-el-aumento-de-la-carne-hoy-dia-cordoba\/","title":{"rendered":"Frigor\u00edficos alertan que continuar\u00e1 el aumento de la carne &#8211; Hoy D\u00eda C\u00f3rdoba"},"content":{"rendered":"<p>La Federaci\u00f3n de Industrias Frigor\u00edficas Regionales Argentinas (Fifra) advirti\u00f3 por un \u201ccombo de terror\u201d que est\u00e1 sufriendo el sector. <\/p>\n","protected":false},"excerpt":{"rendered":"<p>La Federaci\u00f3n de Industrias Frigor\u00edficas Regionales Argentinas (Fifra) advirti\u00f3 por un \u201ccombo de terror\u201d que est\u00e1 sufriendo el sector.<\/p>\n","protected":false},"author":1,"featured_media":0,"comment_status":"closed","ping_status":"closed","sticky":false,"template":"","format":"standard","meta":[],"categories":[40],"tags":[],"_links":{"self":[{"href":"http:\/\/cordobadirecto.com\/index.php\/wp-json\/wp\/v2\/posts\/29575"}],"collection":[{"href":"http:\/\/cordobadirecto.com\/index.php\/wp-json\/wp\/v2\/posts"}],"about":[{"href":"http:\/\/cordobadirecto.com\/index.php\/wp-json\/wp\/v2\/types\/post"}],"author":[{"embeddable":true,"href":"http:\/\/cordobadirecto.com\/index.php\/wp-json\/wp\/v2\/users\/1"}],"replies":[{"embeddable":true,"href":"http:\/\/cordobadirecto.com\/index.php\/wp-json\/wp\/v2\/comments?post=29575"}],"version-history":[{"count":0,"href":"http:\/\/cordobadirecto.com\/index.php\/wp-json\/wp\/v2\/posts\/29575\/revisions"}],"wp:attachment":[{"href":"http:\/\/cordobadirecto.com\/index.php\/wp-json\/wp\/v2\/media?parent=29575"}],"wp:term":[{"taxonomy":"category","embeddable":true,"href":"http:\/\/cordobadirecto.com\/index.php\/wp-json\/wp\/v2\/categories?post=29575"},{"taxonomy":"post_tag","embeddable":true,"href":"http:\/\/cordobadirecto.com\/index.php\/wp-json\/wp\/v2\/tags?post=29575"}],"curies":[{"name":"wp","href":"https:\/\/api.w.org\/{rel}","templated":true}]}}