{"id":29580,"date":"2021-11-23T02:58:00","date_gmt":"2021-11-23T02:58:00","guid":{"rendered":"http:\/\/estaciontrip.com.ar\/?p=6385"},"modified":"2021-11-23T02:58:00","modified_gmt":"2021-11-23T02:58:00","slug":"cordoba-registro-importantes-niveles-de-ocupacion-este-fin-de-semana-largo","status":"publish","type":"post","link":"http:\/\/cordobadirecto.com\/index.php\/2021\/11\/23\/cordoba-registro-importantes-niveles-de-ocupacion-este-fin-de-semana-largo\/","title":{"rendered":"C\u00f3rdoba registr\u00f3 importantes niveles de ocupaci\u00f3n este fin de semana largo"},"content":{"rendered":"<div><img src=\"http:\/\/cordobadirecto.com\/wp-content\/uploads\/2021\/11\/cordoba-registro-importantes-niveles-de-ocupacion-este-fin-de-semana-largo.jpg\" class=\"ff-og-image-inserted\"><\/div>\n<p>La provincia de C\u00f3rdoba una vez m\u00e1s fue uno de los destinos elegidos por los turistas, registrando niveles de ocupaci\u00f3n que, en algunos casos, superaron el 90%.&nbsp;<\/p>\n<p>\u201cEste excelente fin de semana que estamos teniendo en toda la provincia es la antesala de la temporada de verano de los cordobeses\u201d, vaticin\u00f3 el presidente de la Agencia C\u00f3rdoba Turismo, Esteban Avil\u00e9s.<\/p>\n<p>De acuerdo a lo informado por las distintas secretar\u00edas de turismo&nbsp; de C\u00f3rdoba, los porcentajes de ocupaci\u00f3n fueron muy positivos.<\/p>\n<p>El extenso Valle de Punilla, registr\u00f3 un porcentaje de ocupaci\u00f3n en Villa Carlos Paz del 94,1%, la localidad de La Falda con el Festival Nacional del Alfajor, super\u00f3 el 98%, Capilla del Monte un 75% y Villa Giardino el 87% de sus plazas ocupadas. Mientras que en el Valle de Calamuchita, en Villa General Belgrano hubo una ocupaci\u00f3n del 80%, y Villa Rumipal el 87%.<\/p>\n<p>En el Valle de Paravaschasca los porcentajes son los siguientes: Alta Gracia obtuvo el 83%, la Serranita el 68%, y la localidad de Anisacate un 77 % de ocupaci\u00f3n hotelera.&nbsp; <\/p>\n<p>Para el Valle de Traslasierra, la ciudad de Mina Clavero ocup\u00f3 el 90%, y su par de Villa Cura Brochero un 83%. Adem\u00e1s,&nbsp; Nono registr\u00f3 el 86%.&nbsp;<\/p>\n<p>Por otra parte, ciudades como Capital tuvieron una ocupaci\u00f3n del 93%, Miramar de Ansenuza un 99 %, y la localidad del norte cordob\u00e9s, Colonia Caroya registro una ocupaci\u00f3n del 100 %.<\/p>\n","protected":false},"excerpt":{"rendered":"<p>La provincia de C\u00f3rdoba una vez m\u00e1s fue uno de los destinos elegidos por los turistas, registrando niveles de ocupaci\u00f3n que, en algunos casos, superaron el 90%.&nbsp; \u201cEste excelente fin de semana que estamos teniendo en toda la provincia es la antesala de la temporada de verano de los cordobeses\u201d, vaticin\u00f3 el presidente de la [&hellip;]<\/p>\n","protected":false},"author":1,"featured_media":29581,"comment_status":"closed","ping_status":"closed","sticky":false,"template":"","format":"standard","meta":[],"categories":[22],"tags":[],"_links":{"self":[{"href":"http:\/\/cordobadirecto.com\/index.php\/wp-json\/wp\/v2\/posts\/29580"}],"collection":[{"href":"http:\/\/cordobadirecto.com\/index.php\/wp-json\/wp\/v2\/posts"}],"about":[{"href":"http:\/\/cordobadirecto.com\/index.php\/wp-json\/wp\/v2\/types\/post"}],"author":[{"embeddable":true,"href":"http:\/\/cordobadirecto.com\/index.php\/wp-json\/wp\/v2\/users\/1"}],"replies":[{"embeddable":true,"href":"http:\/\/cordobadirecto.com\/index.php\/wp-json\/wp\/v2\/comments?post=29580"}],"version-history":[{"count":0,"href":"http:\/\/cordobadirecto.com\/index.php\/wp-json\/wp\/v2\/posts\/29580\/revisions"}],"wp:featuredmedia":[{"embeddable":true,"href":"http:\/\/cordobadirecto.com\/index.php\/wp-json\/wp\/v2\/media\/29581"}],"wp:attachment":[{"href":"http:\/\/cordobadirecto.com\/index.php\/wp-json\/wp\/v2\/media?parent=29580"}],"wp:term":[{"taxonomy":"category","embeddable":true,"href":"http:\/\/cordobadirecto.com\/index.php\/wp-json\/wp\/v2\/categories?post=29580"},{"taxonomy":"post_tag","embeddable":true,"href":"http:\/\/cordobadirecto.com\/index.php\/wp-json\/wp\/v2\/tags?post=29580"}],"curies":[{"name":"wp","href":"https:\/\/api.w.org\/{rel}","templated":true}]}}