{"id":29582,"date":"2021-11-22T21:05:00","date_gmt":"2021-11-22T21:05:00","guid":{"rendered":"http:\/\/cordobadirecto.com\/index.php\/2021\/11\/22\/lukashenko-acusa-a-la-union-europea-de-negarse-a-dialogar-sobre-el-tema-migrantes\/"},"modified":"2021-11-22T21:05:00","modified_gmt":"2021-11-22T21:05:00","slug":"lukashenko-acusa-a-la-union-europea-de-negarse-a-dialogar-sobre-el-tema-migrantes","status":"publish","type":"post","link":"http:\/\/cordobadirecto.com\/index.php\/2021\/11\/22\/lukashenko-acusa-a-la-union-europea-de-negarse-a-dialogar-sobre-el-tema-migrantes\/","title":{"rendered":"Lukashenko acusa a la Uni\u00f3n Europea de negarse a dialogar sobre el tema migrantes"},"content":{"rendered":"<figure class=\"mb-3\"><img loading=\"lazy\" src=\"http:\/\/cordobadirecto.com\/wp-content\/uploads\/2021\/11\/lukashenko-acusa-a-la-union-europea-de-negarse-a-dialogar-sobre-el-tema-migrantes.jpg\" width=\"100%\" height=\"100%\" alt=\"Para Lukashenko las autoridades de la UE se niegan a dialogar Foto Archivo\"><figcaption> Para Lukashenko, las autoridades de la UE se niegan a dialogar. Foto: Archivo <\/figcaption><\/figure>\n<p>El presidente bielorruso Alexandr Lukashenko acus\u00f3 este lunes a las autoridades de la Uni\u00f3n Europea (UE) de negarse a discutir con Minsk sobre el destino de los dos mil migrantes bloqueados en la frontera con Polonia.<\/p>\n<p><strong>&#8220;Espero una respuesta de la UE sobre los 2.000 migrantes&#8221;, declar\u00f3 Lukashenko<\/strong>, que pidi\u00f3 al bloque que los reciba, durante una reuni\u00f3n del Gobierno, en declaraciones reproducidas parcialmente por la agencia de prensa estatal Belta.<\/p>\n<p>La canciller alemana <strong>&#8220;Merkel me prometi\u00f3 que iban a examinar el problema a nivel de la UE&#8221;<\/strong>, asegur\u00f3 el dirigente bielorruso, que habl\u00f3 dos veces por tel\u00e9fono esta semana con la l\u00edder germana.<\/p>\n<p>En tanto, un paquete de sanciones aprobado por la UE contra las autoridades de Bielorrusia, se extender\u00e1 tambi\u00e9n a los jueces, fiscales y agentes de seguridad del pa\u00eds, comunic\u00f3 este lunes el ministro interino de Exteriores alem\u00e1n, Heiko Maas, en una conferencia virtual sobre Bielorrusia.<\/p>\n<p><strong>&#8220;La semana pasada, el Consejo de Asuntos Exteriores inici\u00f3 el quinto paquete de sanciones que incluye a los jueces, fiscales y representantes de los servicios de seguridad bielorrusos, responsables de violaciones de derechos humanos&#8221;,<\/strong> dijo Maas, citado por el servicio de prensa del Ministerio de Exteriores alem\u00e1n.<\/p>\n<p>Maas agreg\u00f3 que, junto con sus socios, Alemania estableci\u00f3 una plataforma internacional para llevar ante la justicia a las personas en Bielorrusia que violaron los principios del derecho internacional, a\u00f1adiendo que esta plataforma ya empez\u00f3 su trabajo.<\/p>\n<p>Adem\u00e1s se dirigi\u00f3 al Gobierno de Rusia, llam\u00e1ndolo a apoyar a las fuerzas democr\u00e1ticas bielorrusas en vez de a Lukashenko.<\/p>\n<p><strong>&#8220;El Kremlin defiende a Lukashenko porque lo considera un garante de estabilidad, sin embargo, los recientes acontecimientos volvieron a demostrar que \u00e9l, al contrario, est\u00e1 empujando a Bielorrusia hacia los disturbios y el aislamiento&#8221;<\/strong>, indic\u00f3.<\/p>\n<p>Este lunes, el mandatario bielorruso dijo que su Gobierno se esforzar\u00e1 por hacer cumplir los deseos de los migrantes alojados en la frontera y record\u00f3 que Minsk ya hab\u00eda organizado un vuelo de evacuaci\u00f3n y est\u00e1 preparando uno nuevo para finales de mes.<\/p>\n<p>Miles de migrantes, en su mayor\u00eda kurdos iraqu\u00edes, estuvieron bloqueados durante d\u00edas en el fr\u00edo y h\u00famedo bosque de la frontera que separa Bielorrusia y Polonia, con la esperanza de entrar en territorio de la Uni\u00f3n Europea. &nbsp;<\/p>\n<figure class=\"mb-3\"><img loading=\"lazy\" data-src=\"http:\/\/cordobadirecto.com\/wp-content\/uploads\/2021\/11\/lukashenko-acusa-a-la-union-europea-de-negarse-a-dialogar-sobre-el-tema-migrantes-1.jpg\" src=\"https:\/\/www.telam.com.ar\/assets\/img\/not_image.png\" class=\" lazy \" width=\"100%\" height=\"100%\" alt=\"La frontera bielorrusa es motivo de preocupacin para la UE Foto Archivo\"><figcaption> La frontera bielorrusa es motivo de preocupaci\u00f3n para la UE. Foto: Archivo <\/figcaption><\/figure>\n<p><strong>Alrededor de 400 personas fueron repatriadas el jueves en avi\u00f3n a Irak, y unos 2.000 fueron llevados por las autoridades bielorrusas a un hangar cerca de la frontera.<\/strong><\/p>\n<p>Varias potencias europeas acusan a Bielorrusia de crear una crisis artificial al hacer venir a potenciales demandantes de asilo (sobre todo de Medio Oriente), y de llevarlos hacia la frontera prometi\u00e9ndoles que entrar\u00edan f\u00e1cilmente en la UE, como una forma de venganza por un paquete de sanciones contra el Gobierno, tras unas pol\u00e9micas elecciones.<\/p>\n<p>Bielorrusia desmiente estas acusaciones y reprocha a la UE su negativa a acoger a los migrantes.<\/p>\n<p>En tanto, la Organizaci\u00f3n Mundial de Salud (OMS) realiz\u00f3 la primera entrega de ayuda humanitaria con productos de higiene al centro de migrantes Bruzgi, en la zona frontera centro del conflicto, comunic\u00f3 el jefe del proyecto en la oficina de OMS, Oleg Dubovik.<\/p>\n<p>Los primeros suministros contienen &#8220;paquetes de higiene en marco de la misi\u00f3n de la OMS&#8221;, dijo citado por el portal ruso de noticias Sputnik.<\/p>\n<p>Dubovik destac\u00f3 que los paquetes tienen en cuenta la situaci\u00f3n intensa con el Covid-19 y contienen antis\u00e9pticos, mascarillas, jab\u00f3n liquido y otros art\u00edculos de higiene.<\/p>\n<p>Adem\u00e1s la OMS subray\u00f3 que se prev\u00e9 suministrar medicamentos para situaciones de emergencia.<\/p>\n<p>El domingo, el representante de la OMS Gerald Rockenschaub, se\u00f1al\u00f3 que en el contexto de la grave situaci\u00f3n con la salud de los migrantes en la frontera, la organizaci\u00f3n est\u00e1 dispuesta a suministrar medicamentos, as\u00ed como art\u00edculos m\u00e9dicos y de higiene al centro de migrantes en Bruzgi.<\/p>\n","protected":false},"excerpt":{"rendered":"<p>Para Lukashenko, las autoridades de la UE se niegan a dialogar. Foto: Archivo El presidente bielorruso Alexandr Lukashenko acus\u00f3 este lunes a las autoridades de la Uni\u00f3n Europea (UE) de negarse a discutir con Minsk sobre el destino de los dos mil migrantes bloqueados en la frontera con Polonia. &#8220;Espero una respuesta de la UE [&hellip;]<\/p>\n","protected":false},"author":1,"featured_media":29583,"comment_status":"closed","ping_status":"closed","sticky":false,"template":"","format":"standard","meta":[],"categories":[24],"tags":[],"_links":{"self":[{"href":"http:\/\/cordobadirecto.com\/index.php\/wp-json\/wp\/v2\/posts\/29582"}],"collection":[{"href":"http:\/\/cordobadirecto.com\/index.php\/wp-json\/wp\/v2\/posts"}],"about":[{"href":"http:\/\/cordobadirecto.com\/index.php\/wp-json\/wp\/v2\/types\/post"}],"author":[{"embeddable":true,"href":"http:\/\/cordobadirecto.com\/index.php\/wp-json\/wp\/v2\/users\/1"}],"replies":[{"embeddable":true,"href":"http:\/\/cordobadirecto.com\/index.php\/wp-json\/wp\/v2\/comments?post=29582"}],"version-history":[{"count":0,"href":"http:\/\/cordobadirecto.com\/index.php\/wp-json\/wp\/v2\/posts\/29582\/revisions"}],"wp:featuredmedia":[{"embeddable":true,"href":"http:\/\/cordobadirecto.com\/index.php\/wp-json\/wp\/v2\/media\/29583"}],"wp:attachment":[{"href":"http:\/\/cordobadirecto.com\/index.php\/wp-json\/wp\/v2\/media?parent=29582"}],"wp:term":[{"taxonomy":"category","embeddable":true,"href":"http:\/\/cordobadirecto.com\/index.php\/wp-json\/wp\/v2\/categories?post=29582"},{"taxonomy":"post_tag","embeddable":true,"href":"http:\/\/cordobadirecto.com\/index.php\/wp-json\/wp\/v2\/tags?post=29582"}],"curies":[{"name":"wp","href":"https:\/\/api.w.org\/{rel}","templated":true}]}}