{"id":29584,"date":"2021-11-22T19:33:00","date_gmt":"2021-11-22T19:33:00","guid":{"rendered":"http:\/\/cordobadirecto.com\/index.php\/2021\/11\/22\/la-ue-revisa-recomendaciones-sobre-viajes-internos-ante-el-aumento-de-casos-de-coronavirus\/"},"modified":"2021-11-22T19:33:00","modified_gmt":"2021-11-22T19:33:00","slug":"la-ue-revisa-recomendaciones-sobre-viajes-internos-ante-el-aumento-de-casos-de-coronavirus","status":"publish","type":"post","link":"http:\/\/cordobadirecto.com\/index.php\/2021\/11\/22\/la-ue-revisa-recomendaciones-sobre-viajes-internos-ante-el-aumento-de-casos-de-coronavirus\/","title":{"rendered":"La UE revisa recomendaciones sobre viajes internos ante el aumento de casos de coronavirus"},"content":{"rendered":"<figure class=\"mb-3\"><img loading=\"lazy\" src=\"http:\/\/cordobadirecto.com\/wp-content\/uploads\/2021\/11\/la-ue-revisa-recomendaciones-sobre-viajes-internos-ante-el-aumento-de-casos-de-coronavirus.jpg\" width=\"100%\" height=\"100%\" alt=\"Telam SE\"><figcaption><\/figcaption><\/figure>\n<p>Con el repunte de la cuarta ola de la pandemia <strong>las autoridades de los pa\u00edses europeos restablecen medidas restrictivas<\/strong>, llaman a vacunarse y mantienen el uso obligatorio de pases sanitarios para acudir a lugares de ocio, mientras la Uni\u00f3n Europea (UE) prev\u00e9 modificar sus recomendaciones en relaci\u00f3n con la libre circulaci\u00f3n dentro del bloque comunitario.<\/p>\n<p>&#8220;En las \u00faltimas semanas hemos trabajado con los pa\u00edses miembros y expertos para actualizar las recomendaciones relativas al movimiento. Haremos nuestras propuestas en los pr\u00f3ximos d\u00edas&#8221;, comunic\u00f3 la vocera de la Comisi\u00f3n Europea, Dana Spinant, aunque se abstuvo de dar precisiones.<\/p>\n<p>Desde el 1 de julio de 2021,<strong> la UE utiliza certificados digitales de vacunaci\u00f3n, que confirman que la persona obtuvo resultado negativo en la prueba PCR<\/strong>, padeci\u00f3 la enfermedad recientemente o recibi\u00f3 la pauta completa contra el virus.<\/p>\n<p>Sin embargo, hoy <strong>Europa vuelve a ser epicentro de la pandemia.<\/strong><\/p>\n<p>Ante esta situaci\u00f3n, el mi\u00e9rcoles pasado, el primer ministro de Grecia, Kiriakos Mitsotakis, propuso a la Comisi\u00f3n Europea que el certificado de circulaci\u00f3n sea considerado vigente s\u00f3lo si, al pasar seis meses desde la primera dosis, incluye la tercera inyecci\u00f3n.<\/p>\n<p>Debido al acelerado aumento de los contagios, volvieron las restricciones y con ellas, las frustraciones y rabia de la gente que en las \u00faltimas semanas sali\u00f3 a manifestarse contra las medidas en varias ciudades europeas.<\/p>\n<p>Hoy,<strong> Austria entr\u00f3 oficialmente en confinamiento, una medida radical que desat\u00f3 protestas el fin de semana.<\/strong><\/p>\n<p>Lo mismo sucedi\u00f3 en pa\u00edses como <strong>B\u00e9lgica y Pa\u00edses Bajos, o en Guadalupe,<\/strong> departamento franc\u00e9s de las Antillas, donde la <strong>vuelta de las restricciones <\/strong>gener\u00f3 protestas violentas contra la exigencia del pase sanitario y la vacunaci\u00f3n obligatoria del personal m\u00e9dico.<\/p>\n<p>El departamento franc\u00e9s de Guadalupe, en el Caribe, recibi\u00f3 ayer refuerzos policiales de Francia despu\u00e9s de las manifestaciones violentas, saqueos, incendios y bloqueos de rutas.<\/p>\n<p>Desde la llegada de vacunas anticoronavirus y las vacunaciones masivas, ning\u00fan pa\u00eds de la UE se hab\u00eda atrevido a imponer un nuevo confinamiento.<\/p>\n<p>Como en confinamientos precedentes, los 8,9 millones de austriacos, en teor\u00eda, tienen prohibido salir de su casa salvo para hacer compras, practicar deporte o recibir atenci\u00f3n m\u00e9dica, al tiempo que las autoridades llamaron a la poblaci\u00f3n a optar en lo posible por el teletrabajo.<\/p>\n<p>Ante el aumento de casos, que lleg\u00f3 a niveles in\u00e9ditos desde el inicio de la pandemia, el Gobierno austr\u00edaco se centr\u00f3 en los no vacunados, cuando solamente 66% de los austr\u00edacos recibieron las dos dosis, contra 75% en Francia por ejemplo.<\/p>\n<p>Solo posteriormente opt\u00f3 por medidas radicales, como este confinamiento previsto hasta el 13 de diciembre, y la obligatoriedad de la vacunaci\u00f3n para la poblaci\u00f3n adulta desde el 1 de febrero de 2022, algo que muy pocos pa\u00edses instauraron hasta ahora.<\/p>\n<p>La reacci\u00f3n no se hizo esperar:<strong> la tarde del s\u00e1bado, unas 40.000 personas marcharon por las calles de Viena al grito de &#8220;dictadura&#8221;, convocados por el partido de extrema derecha FPO.<\/strong><\/p>\n<p>Al d\u00eda siguiente, en la ciudad de Linz se produjo tambi\u00e9n una movilizaci\u00f3n de miles de manifestantes.<\/p>\n<p>En tanto, <strong>Pa\u00edses Bajos<\/strong> vivi\u00f3 ayer su tercera noche seguida de protestas, con fuegos artificiales y vandalismo en las ciudades de Groningen, Leeuwarden, Enschede y Tilburg.<\/p>\n<p>El primer ministro neerland\u00e9s, Mark Rutte, calific\u00f3 hoy estos actos de &#8220;pura violencia&#8221;, cometidos por &#8220;idiotas&#8221;.<\/p>\n<p>En <strong>B\u00e9lgica<\/strong>, el primer ministro Alexander De Croo, denunci\u00f3 hoy una violencia &#8220;absolutamente inaceptable&#8221;, un d\u00eda despu\u00e9s de una manifestaci\u00f3n en Bruselas donde miles de personas (35.000 seg\u00fan la polic\u00eda) se congregaron en contra de las restricciones anti Covid que termin\u00f3 con tres polic\u00edas heridos y 40 personas detenidas.<\/p>\n<p>En un contexto de fuerte aumento de las infecciones y las hospitalizaciones, B\u00e9lgica anunci\u00f3 la generalizaci\u00f3n del uso de tapabocas y quiere hacer obligatorio el teletrabajo en los sectores que lo permitan.<\/p>\n<p>En paralelo, Alemania, se est\u00e1 viendo afectada por una nueva ola de infecciones, que los expertos y los pol\u00edticos atribuyen a una de las tasas de vacunaci\u00f3n m\u00e1s bajas de Europa Occidental.<\/p>\n<p>Con apenas el 70,5% de la poblaci\u00f3n vacunada y el 68% con la pauta completa, el debate sobre la obligaci\u00f3n de las vacunas abri\u00f3 en el pa\u00eds.<\/p>\n<p>Al respecto, el ministro de Salud alem\u00e1n, Jens Spahn, inst\u00f3 hoy a sus compatriotas a vacunarse &#8220;urgentemente&#8221; y alert\u00f3 que &#8220;seguramente al final del invierno cada cual estar\u00e1 vacunado, curado o muerto&#8221; debido a la propagaci\u00f3n de la variante Delta, &#8220;muy muy peligrosa&#8221;.<\/p>\n<p>Ante la &#8220;dram\u00e1tica situaci\u00f3n&#8221; provocada por el brote de infecciones, la canciller saliente de Alemania, Angela Merkel, advirti\u00f3 hoy que las actuales restricciones en el pa\u00eds &#8220;ya no son suficientes&#8221;.<\/p>\n<p>Con la evoluci\u00f3n actual la situaci\u00f3n sanitaria &#8220;va a ser peor que todo lo que hemos visto hasta ahora&#8221;, advirti\u00f3 tambi\u00e9n ante dirigentes de su partido, el conservador CDU, inform\u00f3 la agencia de noticias AFP.<\/p>\n<p>Tanto Merkel como su probable sucesor, Olaf Scholz, ya decidieron la semana pasada endurecer las restricciones para las personas no vacunadas.<\/p>\n<p><strong>Rusia <\/strong>registr\u00f3 35.681 nuevos positivos de coronavirus y 1.241 muertes asociadas en la \u00faltima jornada, seg\u00fan el centro operativo nacional para la lucha contra la pandemia, unas cifras levemente m\u00e1s bajas a las del d\u00eda anterior cuando se registraron 36.970 casos y 1.252 decesos asociados, inform\u00f3 la agencia de noticias Sputnik.<\/p>\n<p>El n\u00famero acumulado, 9.366.839 contagios, supone un incremento del 0,38% con respecto al d\u00eda anterior.<\/p>\n<p>Por el contrario, en Nueva Zelanda, el sistema del &#8220;sem\u00e1foro&#8221; de alerta de riesgos epidemiol\u00f3gicos de Covid-19 en lugar de confinamientos comenzar\u00e1 a funcionar en la noche del 2 al 3 de diciembre, inform\u00f3 hoy la primera ministra neozelandesa, Jasinda Ardern.<\/p>\n<p>Se declarar\u00e1n en las regiones del pa\u00eds, donde actualmente alrededor del 83% de la poblaci\u00f3n est\u00e1n vacunados con las dos dosis.<\/p>\n","protected":false},"excerpt":{"rendered":"<p>Con el repunte de la cuarta ola de la pandemia las autoridades de los pa\u00edses europeos restablecen medidas restrictivas, llaman a vacunarse y mantienen el uso obligatorio de pases sanitarios para acudir a lugares de ocio, mientras la Uni\u00f3n Europea (UE) prev\u00e9 modificar sus recomendaciones en relaci\u00f3n con la libre circulaci\u00f3n dentro del bloque comunitario. [&hellip;]<\/p>\n","protected":false},"author":1,"featured_media":29585,"comment_status":"closed","ping_status":"closed","sticky":false,"template":"","format":"standard","meta":[],"categories":[24],"tags":[],"_links":{"self":[{"href":"http:\/\/cordobadirecto.com\/index.php\/wp-json\/wp\/v2\/posts\/29584"}],"collection":[{"href":"http:\/\/cordobadirecto.com\/index.php\/wp-json\/wp\/v2\/posts"}],"about":[{"href":"http:\/\/cordobadirecto.com\/index.php\/wp-json\/wp\/v2\/types\/post"}],"author":[{"embeddable":true,"href":"http:\/\/cordobadirecto.com\/index.php\/wp-json\/wp\/v2\/users\/1"}],"replies":[{"embeddable":true,"href":"http:\/\/cordobadirecto.com\/index.php\/wp-json\/wp\/v2\/comments?post=29584"}],"version-history":[{"count":0,"href":"http:\/\/cordobadirecto.com\/index.php\/wp-json\/wp\/v2\/posts\/29584\/revisions"}],"wp:featuredmedia":[{"embeddable":true,"href":"http:\/\/cordobadirecto.com\/index.php\/wp-json\/wp\/v2\/media\/29585"}],"wp:attachment":[{"href":"http:\/\/cordobadirecto.com\/index.php\/wp-json\/wp\/v2\/media?parent=29584"}],"wp:term":[{"taxonomy":"category","embeddable":true,"href":"http:\/\/cordobadirecto.com\/index.php\/wp-json\/wp\/v2\/categories?post=29584"},{"taxonomy":"post_tag","embeddable":true,"href":"http:\/\/cordobadirecto.com\/index.php\/wp-json\/wp\/v2\/tags?post=29584"}],"curies":[{"name":"wp","href":"https:\/\/api.w.org\/{rel}","templated":true}]}}