{"id":29703,"date":"2021-11-23T16:19:06","date_gmt":"2021-11-23T16:19:06","guid":{"rendered":"https:\/\/puntoapunto.com.ar\/?p=318780"},"modified":"2021-11-23T16:19:06","modified_gmt":"2021-11-23T16:19:06","slug":"nominados-2021-la-terna-de-la-empresa-del-ano","status":"publish","type":"post","link":"http:\/\/cordobadirecto.com\/index.php\/2021\/11\/23\/nominados-2021-la-terna-de-la-empresa-del-ano\/","title":{"rendered":"Nominados 2021: la terna de La Empresa del A\u00f1o"},"content":{"rendered":"<p>Premia a la organizaci\u00f3n industrial, comercial o de servicios que haya sobresalido por su <strong>crecimiento, su actuaci\u00f3n y los logros conseguidos a lo largo del a\u00f1o en su actividad<\/strong>, evaluando los retos o las dificultades del contexto en el que ha tenido que desempe\u00f1arse.<\/p>\n<p><img loading=\"lazy\" class=\"wp-image-318782 aligncenter\" src=\"http:\/\/cordobadirecto.com\/wp-content\/uploads\/2021\/11\/nominados-2021-la-terna-de-la-empresa-del-ano.jpg\" alt width=\"524\" height=\"349\" srcset=\"http:\/\/cordobadirecto.com\/wp-content\/uploads\/2021\/11\/nominados-2021-la-terna-de-la-empresa-del-ano.jpg 300w, http:\/\/cordobadirecto.com\/wp-content\/uploads\/2021\/11\/nominados-2021-la-terna-de-la-empresa-del-ano-1.jpg 768w, http:\/\/cordobadirecto.com\/wp-content\/uploads\/2021\/11\/nominados-2021-la-terna-de-la-empresa-del-ano-2.jpg 600w, http:\/\/cordobadirecto.com\/wp-content\/uploads\/2021\/11\/nominados-2021-la-terna-de-la-empresa-del-ano-3.jpg 200w, http:\/\/cordobadirecto.com\/wp-content\/uploads\/2021\/11\/nominados-2021-la-terna-de-la-empresa-del-ano-4.jpg 150w, http:\/\/cordobadirecto.com\/wp-content\/uploads\/2021\/11\/nominados-2021-la-terna-de-la-empresa-del-ano-5.jpg 696w, http:\/\/cordobadirecto.com\/wp-content\/uploads\/2021\/11\/nominados-2021-la-terna-de-la-empresa-del-ano-6.jpg 630w, http:\/\/cordobadirecto.com\/wp-content\/uploads\/2021\/11\/nominados-2021-la-terna-de-la-empresa-del-ano-7.jpg 1024w\" sizes=\"(max-width: 524px) 100vw, 524px\"><\/p>\n<div class=\"jeg_ad jeg_ad_article jnews_content_inline_ads \">\n<div class=\"ads-wrapper align-center \">\n<div class=\"ads_shortcode\">\n<div class=\"g g-146\">\n<div class=\"g-single a-378\"><a class=\"gofollow\" data-track=\"Mzc4LDE0NiwxLDYw\" href=\"https:\/\/www.grupocanter.com.ar\/notas\/de-hito-en-hito-2021\/?utm_source=Punto%20a%20Punto&amp;utm_medium=Banner&amp;utm_campaign=Departamentos&amp;utm_term=Banner%20Newsletters\/\" target=\"_blank\" rel=\"noopener\"><img src=\"http:\/\/cordobadirecto.com\/wp-content\/uploads\/2021\/11\/nominados-2021-la-terna-de-la-empresa-del-ano.gif\"><\/a><\/div>\n<\/div>\n<\/div>\n<\/div>\n<\/div>\n<h5><b>Hospital Privado<\/b><\/h5>\n<p><span>Est\u00e1 encarando un fuerte proceso de expansi\u00f3n que incluy\u00f3 la<strong> adquisici\u00f3n de Alive Sanatorio Privado,<\/strong> lo que implic\u00f3 el desembarco en la zona norte de la ciudad. En agosto se puso en marcha la ampliaci\u00f3n del centro que poseen en el Villa Allende Shopping (VAS), con el objetivo de<strong> triplicar la superficie actual (1.000 m2)<\/strong>. Adem\u00e1s, construir\u00e1n un Centro Pedi\u00e1trico (de grandes dimensiones) junto a la sede central&nbsp; y se remodelar\u00e1n todos los accesos. En tanto, se levantar\u00e1 el<strong> edificio corporativo del Privado<\/strong>,&nbsp; frente a la sede central del centro de salud, con el objetivo de concentrar la alta complejidad en un solo lugar.<\/span><\/p>\n<h5><b>Biofarma<\/b><\/h5>\n<p><span>&nbsp;Con presencia en el mercado desde hace 40 a\u00f1os es uno de los referentes en <strong>nutrici\u00f3n y sanidad animal.<\/strong> Este a\u00f1o inaugur\u00f3 el CENAB (Centro Experimental de Nutrici\u00f3n Animal), bajo un engranaje que incluye no s\u00f3lo la comercializaci\u00f3n de animales de nivel, sino que tambi\u00e9n la sustentabilidad energ\u00e9tica y profesionalizaci\u00f3n del sector, a escala nacional e internacional. As\u00ed, <strong>Biofarma busca posicionarse a nivel regional con el desarrollo de un nuevo emprendimiento en el que se coordina la investigaci\u00f3n y producci\u00f3n bovina.<\/strong> All\u00ed cuenta con un \u00e1rea comercial que dispone de <strong>50 corrales de engorde para 11.000 cabezas.<\/strong><\/span><\/p>\n<h5><b>Stellantis (Fiat)<\/b><\/h5>\n<p><b> <\/b><span>El grupo Stellantis es en lo que va del a\u00f1o el l\u00edder absoluto del mercado nacional. Fiat Cronos tiene un rol important\u00edsimo en el desempe\u00f1o del Grupo y en las exportaciones del pa\u00eds. La empresa gan\u00f3 el <strong>premio de Excelencia Exportadora por los m\u00e1s de US$ 550 millones exportados.<\/strong> La marca Fiat presenta la cuota de mercado m\u00e1s alta desde el a\u00f1o 1999 con el<strong> 14,5% de participaci\u00f3n.<\/strong> El<strong> Fiat Cronos es el veh\u00edculo m\u00e1s vendido en Argentina, con un total de 33.611 unidades y una participaci\u00f3n del 10,7%.<\/strong> Para 2021 se llegar\u00e1 a una <strong>producci\u00f3n de 70 mil unidades<\/strong>. En tanto, Fiat Strada y Toro se mantienen como l\u00edderes en sus segmentos.&nbsp;<\/span><\/p>\n","protected":false},"excerpt":{"rendered":"<p>Premia a la organizaci\u00f3n industrial, comercial o de servicios que haya sobresalido por su crecimiento, su actuaci\u00f3n y los logros conseguidos a lo largo del a\u00f1o en su actividad, evaluando los retos o las dificultades del contexto en el que ha tenido que desempe\u00f1arse. Hospital Privado Est\u00e1 encarando un fuerte proceso de expansi\u00f3n que incluy\u00f3 [&hellip;]<\/p>\n","protected":false},"author":1,"featured_media":29704,"comment_status":"closed","ping_status":"closed","sticky":false,"template":"","format":"standard","meta":[],"categories":[25],"tags":[],"_links":{"self":[{"href":"http:\/\/cordobadirecto.com\/index.php\/wp-json\/wp\/v2\/posts\/29703"}],"collection":[{"href":"http:\/\/cordobadirecto.com\/index.php\/wp-json\/wp\/v2\/posts"}],"about":[{"href":"http:\/\/cordobadirecto.com\/index.php\/wp-json\/wp\/v2\/types\/post"}],"author":[{"embeddable":true,"href":"http:\/\/cordobadirecto.com\/index.php\/wp-json\/wp\/v2\/users\/1"}],"replies":[{"embeddable":true,"href":"http:\/\/cordobadirecto.com\/index.php\/wp-json\/wp\/v2\/comments?post=29703"}],"version-history":[{"count":0,"href":"http:\/\/cordobadirecto.com\/index.php\/wp-json\/wp\/v2\/posts\/29703\/revisions"}],"wp:featuredmedia":[{"embeddable":true,"href":"http:\/\/cordobadirecto.com\/index.php\/wp-json\/wp\/v2\/media\/29704"}],"wp:attachment":[{"href":"http:\/\/cordobadirecto.com\/index.php\/wp-json\/wp\/v2\/media?parent=29703"}],"wp:term":[{"taxonomy":"category","embeddable":true,"href":"http:\/\/cordobadirecto.com\/index.php\/wp-json\/wp\/v2\/categories?post=29703"},{"taxonomy":"post_tag","embeddable":true,"href":"http:\/\/cordobadirecto.com\/index.php\/wp-json\/wp\/v2\/tags?post=29703"}],"curies":[{"name":"wp","href":"https:\/\/api.w.org\/{rel}","templated":true}]}}