{"id":29896,"date":"2021-11-24T16:51:00","date_gmt":"2021-11-24T16:51:00","guid":{"rendered":"http:\/\/cordobadirecto.com\/index.php\/2021\/11\/24\/scholz-anuncio-acuerdo-de-gobierno-en-alemania-que-pone-fin-a-la-era-merkel\/"},"modified":"2021-11-24T16:51:00","modified_gmt":"2021-11-24T16:51:00","slug":"scholz-anuncio-acuerdo-de-gobierno-en-alemania-que-pone-fin-a-la-era-merkel","status":"publish","type":"post","link":"http:\/\/cordobadirecto.com\/index.php\/2021\/11\/24\/scholz-anuncio-acuerdo-de-gobierno-en-alemania-que-pone-fin-a-la-era-merkel\/","title":{"rendered":"Scholz anunci\u00f3 acuerdo de gobierno en Alemania que pone fin a la era Merkel"},"content":{"rendered":"<figure class=\"mb-3\"><img loading=\"lazy\" src=\"http:\/\/cordobadirecto.com\/wp-content\/uploads\/2021\/11\/scholz-anuncio-acuerdo-de-gobierno-en-alemania-que-pone-fin-a-la-era-merkel.jpg\" width=\"100%\" height=\"100%\" alt=\"El nuevo gobierno se centrar en el coronavirus y la crisis climtica dos temas lgidos en Alemania\"><figcaption> El nuevo gobierno se centrar\u00e1 en el coronavirus y la crisis clim\u00e1tica, dos temas \u00e1lgidos en Alemania. <\/figcaption><\/figure>\n<p>El l\u00edder socialdem\u00f3crata alem\u00e1n Olaf Scholz anunci\u00f3 un acuerdo de coalici\u00f3n con los ecologistas Verdes y los liberales del FDP para gobernar a Alemania, que pone fin a la era de gobiernos de la conservadora Angela Merkel.<\/p>\n<p>Scholz, que suceder\u00e1 a Merkel tras 16 a\u00f1os en el poder, dijo que el nuevo Gobierno <strong>&#8220;no buscar\u00e1 el m\u00e1s bajo denominador com\u00fan, sino las pol\u00edticas de alto impacto&#8221;<\/strong>, y que se centrar\u00e1 en el coronavirus y la crisis clim\u00e1tica, dos temas \u00e1lgidos en Alemania.<\/p>\n<p>En conferencia de prensa en Berl\u00edn junto a l\u00edderes de la coalici\u00f3n, el secretario general del Partido Social Dem\u00f3crata (SPD), de 63 a\u00f1os, dijo que esperaba que el acuerdo reciba el visto bueno de las bases de los tres partidos en los pr\u00f3ximos diez d\u00edas.<\/p>\n<p>Entre las primeras medidas para hacer frente a un avance r\u00e9cord del coronavirus en el pa\u00eds, Shcolz anunci\u00f3 un acuerdo para hacer obligatoria la vacunaci\u00f3n donde se cuida a personas vulnerables, con la opci\u00f3n de ampliar los alcances de la regla.<\/p>\n<p>Tambi\u00e9n dijo que se destinar\u00e1n 1.000 millones de euros al personal sanitario &#8220;particularmente exigido&#8221; y se estudiar\u00e1 una &#8220;extensi\u00f3n&#8221; de la obligaci\u00f3n de vacunarse, ya en vigor en las Fuerzas Armadas y pronto en los establecimientos sanitarios.<\/p>\n<p>Por otro lado, destac\u00f3 que una Europa soberana, la amistad con Francia y la alianza con Estados Unidos ser\u00e1n piedras angulares de la pol\u00edtica exterior de su Gobierno, continuando una larga tradici\u00f3n de posguerra.<\/p>\n<p>Robert Habeck, uno de los l\u00edderes de los Verdes, dijo a su turno que las medidas sobre clima planeadas por el futuro Gobierno de centro pondr\u00e1n a <strong>Alemania en camino a cumplir las metas del Acuerdo de Par\u00eds de 2015 de combate al calentamiento global.<\/strong><\/p>\n<blockquote class><p>&#8220;Esto permitir\u00e1 controlar la calidad, impedir la circulaci\u00f3n de sustancias contaminadas y garantizar la protecci\u00f3n de los j\u00f3venes&#8221;<\/p><\/blockquote>\n<p>La hoja de ruta marcada en un documento presentado este mi\u00e9rcoles por las tres fuerzas que integrar\u00e1n el Gobierno prev\u00e9 que Scholz se someta a la investidura del Parlamento hacia el 6 de diciembre para liderar el que ser\u00e1 el primer tripartido a escala federal de Alemania.<\/p>\n<p>El documento tambi\u00e9n anunci\u00f3 la intenci\u00f3n de la nueva coalici\u00f3n de legalizar la marihuana.<\/p>\n<p>El SPD, los Verdes y los liberales del Partido Democr\u00e1tico Libre (FPD) ven\u00edan negociando una coalici\u00f3n de Gobierno desde que el SPD gan\u00f3 por estrecho margen las elecciones del 26 de septiembre pasado.<\/p>\n<p>Si los afiliados la dan su aprobaci\u00f3n, el tripartito reemplazar\u00e1 a la &#8220;Gran Coalici\u00f3n&#8221; que gobern\u00f3 a Alemania en los \u00faltimos a\u00f1os, integrada por el SPD y el bloque conservador de Merkel, del partido Uni\u00f3n Dem\u00f3crata Cristiana (CDU), que la lideraba.<\/p>\n<p>Merkel, que no se present\u00f3 para un quinto mandato, ser\u00e1 reemplazada por Scholz, quien fue su ministro de Finanzas y vicecanciller desde 2018.<\/p>\n<figure class=\"mb-3\"><img loading=\"lazy\" data-src=\"http:\/\/cordobadirecto.com\/wp-content\/uploads\/2021\/11\/scholz-anuncio-acuerdo-de-gobierno-en-alemania-que-pone-fin-a-la-era-merkel-1.jpg\" src=\"https:\/\/www.telam.com.ar\/assets\/img\/not_image.png\" class=\" lazy \" width=\"100%\" height=\"100%\" alt=\"El lder socialdemcrata alemn Olaf Scholz anunci un acuerdo de coalicin con los ecologistas Verdes y los liberales del FDP\"><figcaption> El l\u00edder socialdem\u00f3crata alem\u00e1n Olaf Scholz anunci\u00f3 un acuerdo de coalici\u00f3n con los ecologistas Verdes y los liberales del FDP. <\/figcaption><\/figure>\n<p>La jefa de Gobierno saliente, de 65 a\u00f1os, encabez\u00f3 este mi\u00e9rcoles la que podr\u00eda ser su \u00faltima reuni\u00f3n de gabinete, poco antes de que Scholz anunciara la nueva coalici\u00f3n.<\/p>\n<p><strong>En la reuni\u00f3n, Scholz le obsequi\u00f3 un ramo de flores.<\/strong><\/p>\n<p>Seg\u00fan el documento sobre el acuerdo de coalici\u00f3n presentado por los partidos, los Verdes asumir\u00e1n los ministerios de Relaciones Exteriores y Medio Ambiente y los liberales del FDP ocupar\u00e1n el de Finanzas, inform\u00f3 la agencia de noticias AFP.<\/p>\n<p>La nueva coalici\u00f3n, seg\u00fan el acuerdo de gobierno, quiere legalizar el cannabis cuya venta en &#8220;tiendas autorizadas&#8221; se reservar\u00e1 al consumo de los &#8220;adultos&#8221;.<\/p>\n<p>&#8220;Esto permitir\u00e1 controlar la calidad, impedir la circulaci\u00f3n de sustancias contaminadas y garantizar la protecci\u00f3n de los j\u00f3venes&#8221;, se\u00f1al\u00f3 el documento, que detall\u00f3 que &#8220;el impacto social de la ley&#8221; se evaluar\u00e1 dentro de cuatro a\u00f1os.<\/p>\n<p>En 2017, <strong>Alemania ya hab\u00eda dado luz verde al uso de cannabis con fines terap\u00e9uticos.<\/strong><\/p>\n<p>Adem\u00e1s, el nuevo Gobierno desea volver &#8220;en 2023&#8221; a las reglas de rigor presupuestario, entre ellas el freno al endeudamiento inscrito en la Constituci\u00f3n.<\/p>\n<figure class=\"mb-3\"><img loading=\"lazy\" data-src=\"http:\/\/cordobadirecto.com\/wp-content\/uploads\/2021\/11\/scholz-anuncio-acuerdo-de-gobierno-en-alemania-que-pone-fin-a-la-era-merkel-2.jpg\" src=\"https:\/\/www.telam.com.ar\/assets\/img\/not_image.png\" class=\" lazy \" width=\"100%\" height=\"100%\" alt=\"Scholz quien reemplazar a Merkel tras 16 aos en el poder dijo que el nuevo Gobierno no buscar el ms bajo denominador comn sino las polticas de alto impacto\"><figcaption> Scholz, quien reemplazar\u00e1 a Merkel tras 16 a\u00f1os en el poder, dijo que el nuevo Gobierno &#8220;no buscar\u00e1 el m\u00e1s bajo denominador com\u00fan, sino las pol\u00edticas de alto impacto&#8221;. <\/figcaption><\/figure>\n<p>La coalici\u00f3n tambi\u00e9n desea acelerar el fin del carb\u00f3n y avanzarlo &#8220;idealmente&#8221; a 2030, en lugar de 2038, como est\u00e1 previsto hasta ahora.<\/p>\n<p>Para ello hay que &#8220;desarrollar masivamente las energ\u00edas renovables&#8221; y &#8220;construir centrales de gas modernas para responder a las demandas de electricidad y energ\u00eda de los pr\u00f3ximos a\u00f1os a precios competitivos&#8221;.<\/p>\n<p>El acuerdo de Gobierno se anuncia en momentos en que Alemania enfrenta un avance r\u00e9cord del coronavirus, quiz\u00e1s su peor ola desde el inicio de la pandemia.<\/p>\n<p>Las autoridades sanitarias informaron justamente hoy un r\u00e9cord de casi 67.000 casos en las \u00faltimas 24 horas. El crecimiento se atribuye a la renuncia de muchas personas a vacunarse. En algunas regiones escasean las camas de hospitales. <\/p>\n","protected":false},"excerpt":{"rendered":"<p>El nuevo gobierno se centrar\u00e1 en el coronavirus y la crisis clim\u00e1tica, dos temas \u00e1lgidos en Alemania. El l\u00edder socialdem\u00f3crata alem\u00e1n Olaf Scholz anunci\u00f3 un acuerdo de coalici\u00f3n con los ecologistas Verdes y los liberales del FDP para gobernar a Alemania, que pone fin a la era de gobiernos de la conservadora Angela Merkel. Scholz, [&hellip;]<\/p>\n","protected":false},"author":1,"featured_media":29897,"comment_status":"closed","ping_status":"closed","sticky":false,"template":"","format":"standard","meta":[],"categories":[24],"tags":[],"_links":{"self":[{"href":"http:\/\/cordobadirecto.com\/index.php\/wp-json\/wp\/v2\/posts\/29896"}],"collection":[{"href":"http:\/\/cordobadirecto.com\/index.php\/wp-json\/wp\/v2\/posts"}],"about":[{"href":"http:\/\/cordobadirecto.com\/index.php\/wp-json\/wp\/v2\/types\/post"}],"author":[{"embeddable":true,"href":"http:\/\/cordobadirecto.com\/index.php\/wp-json\/wp\/v2\/users\/1"}],"replies":[{"embeddable":true,"href":"http:\/\/cordobadirecto.com\/index.php\/wp-json\/wp\/v2\/comments?post=29896"}],"version-history":[{"count":0,"href":"http:\/\/cordobadirecto.com\/index.php\/wp-json\/wp\/v2\/posts\/29896\/revisions"}],"wp:featuredmedia":[{"embeddable":true,"href":"http:\/\/cordobadirecto.com\/index.php\/wp-json\/wp\/v2\/media\/29897"}],"wp:attachment":[{"href":"http:\/\/cordobadirecto.com\/index.php\/wp-json\/wp\/v2\/media?parent=29896"}],"wp:term":[{"taxonomy":"category","embeddable":true,"href":"http:\/\/cordobadirecto.com\/index.php\/wp-json\/wp\/v2\/categories?post=29896"},{"taxonomy":"post_tag","embeddable":true,"href":"http:\/\/cordobadirecto.com\/index.php\/wp-json\/wp\/v2\/tags?post=29896"}],"curies":[{"name":"wp","href":"https:\/\/api.w.org\/{rel}","templated":true}]}}