{"id":29898,"date":"2021-11-24T16:49:00","date_gmt":"2021-11-24T16:49:00","guid":{"rendered":"http:\/\/cordobadirecto.com\/index.php\/2021\/11\/24\/alarmante-record-en-alemania-casi-67-000-casos-en-un-dia\/"},"modified":"2021-11-24T16:49:00","modified_gmt":"2021-11-24T16:49:00","slug":"alarmante-record-en-alemania-casi-67-000-casos-en-un-dia","status":"publish","type":"post","link":"http:\/\/cordobadirecto.com\/index.php\/2021\/11\/24\/alarmante-record-en-alemania-casi-67-000-casos-en-un-dia\/","title":{"rendered":"Alarmante r\u00e9cord en Alemania: casi 67.000 casos en un d\u00eda"},"content":{"rendered":"<figure class=\"mb-3\"><img loading=\"lazy\" src=\"http:\/\/cordobadirecto.com\/wp-content\/uploads\/2021\/11\/alarmante-record-en-alemania-casi-67-000-casos-en-un-dia.jpg\" width=\"100%\" height=\"100%\" alt=\"La tasa de vacunacin se encuentra mayormente estancada en torno al 68 de la poblacin muy por debajo del 75 de meta que se fij el Gobierno Foto AFP\"><figcaption> La tasa de vacunaci\u00f3n se encuentra mayormente estancada en torno al 68% de la poblaci\u00f3n, muy por debajo del 75% de meta que se fij\u00f3 el Gobierno. Foto: AFP <\/figcaption><\/figure>\n<p>Alemania inform\u00f3 un r\u00e9cord de 66.884 nuevos casos de coronavirus en 24 horas y otro de su tasa semanal de infecciones, mientras<strong> la cifra de muertes se acerca a las 100.000 y las autoridades estudian a\u00fan m\u00e1s medidas <\/strong>para contener el rebrote.<\/p>\n<p>Se supon\u00eda que la disciplina ciudadana, el robusto sistema de salud p\u00fablica y la disponibilidad de m\u00faltiples vacunas, una de ellas de producci\u00f3n nacional, iban a garantizar un invierno sin la ola de casos de Covid-19 que golpe\u00f3 a Alemania el a\u00f1o pasado.<\/p>\n<p>Pero la complacencia y una elecci\u00f3n nacional, seguida de una larga transici\u00f3n, hicieron que autoridades y pol\u00edticos se inclinaran por un relajamiento de restricciones incluso mientras las tasas de infecci\u00f3n no paraban de crecer durante el oto\u00f1o.<\/p>\n<h2 class>La vacunaci\u00f3n<\/h2>\n<p>Las autoridades han atribuido el <strong>fuerte repunte de los casos o &#8220;cuarta ola&#8221;, que ya lleva varias semanas<\/strong>, a la renuencia de muchos alemanes a recibir las vacunas del coronavirus, luyendo a la de la compa\u00f1\u00eda alemana BionTech, que desarroll\u00f3 una junto con Pfizer.<\/p>\n<p>La tasa de vacunaci\u00f3n <strong>se encuentra mayormente estancada en torno al 68% de la poblaci\u00f3n<\/strong>, muy por debajo del 75% de meta que se fij\u00f3 el Gobierno.<\/p>\n<blockquote class=\"twitter-tweet\" readability=\"10.325966850829\">\n<p lang=\"de\" dir=\"ltr\">Wie ist der Fortschritt der <a href=\"https:\/\/twitter.com\/hashtag\/COVID19?src=hash&amp;ref_src=twsrc%5Etfw\">#COVID19<\/a>-Impfung? <\/p>\n<p>Die Mindest-Quote an erhaltenen <a href=\"https:\/\/twitter.com\/hashtag\/Impfungen?src=hash&amp;ref_src=twsrc%5Etfw\">#Impfungen<\/a> in \ud83c\udde9\ud83c\uddea: <br \/>\ud83d\udc8970,7% (min. einmal geimpft) <br \/>\ud83d\udc8968,1% (vollst\u00e4ndig geimpft)<br \/>\ud83d\udc898,0% (Auffrischimpfung)<a href=\"https:\/\/twitter.com\/hashtag\/Impfquoten?src=hash&amp;ref_src=twsrc%5Etfw\">#Impfquoten<\/a> nach Altersgruppen\ud83d\udc47<\/p>\n<p>Quelle: <a href=\"https:\/\/t.co\/oFg423SAY2\">https:\/\/t.co\/oFg423SAY2<\/a><br \/>Stand: 24.11.21, 8:00 Uhr <a href=\"https:\/\/t.co\/ClyKiSF5oX\">pic.twitter.com\/ClyKiSF5oX<\/a><\/p>\n<p>\u2014 RKI f\u00fcr Euch (@RKI_fuer_Euch) <a href=\"https:\/\/twitter.com\/RKI_fuer_Euch\/status\/1463451281008345093?ref_src=twsrc%5Etfw\">November 24, 2021<\/a><\/p><\/blockquote>\n<p>Este martes,<a href=\"https:\/\/www.telam.com.ar\/notas\/202111\/575640-militares-alemania-vacunacion-coronavirus.html\" target=\"_blank\" rel=\"noopener\"> el Gobierno confirm\u00f3 que las Fuerzas Armadas de Alemania har\u00e1n obligatoria la vacunaci\u00f3n contra el coronavirus de todos sus miembros<\/a>, mientras que una asociaci\u00f3n de m\u00e9dicos de Berl\u00edn pidi\u00f3 que tambi\u00e9n lo sea para toda la poblaci\u00f3n.<\/p>\n<p>Algunos pol\u00edticos de Alemania, incluyendo a gobernadores de estados, han apoyado este idea de la vacuna obligatoria para todos, pero un vocero de la jefa de Gobierno saliente, la canciller Angela Merkel, dijo que este asunto deber\u00e1 ser resuelto por el pr\u00f3ximo Gobierno.<\/p>\n<h2 class>Los casos, en un m\u00e1ximo hist\u00f3rico<\/h2>\n<p>El organismo alem\u00e1n encargado del control de las enfermedades infecciosas, dijo este mi\u00e9rcoles que la incidencia de nuevos contagios de Covid-19 en siete d\u00edas <strong>volvi\u00f3 a marcar un m\u00e1ximo hist\u00f3rico en Alemania al registrar 404,5 casos por cada 100.000 habitantes.<\/strong><\/p>\n<p>El organismo, el Instituto Robert Koch (RKI), indic\u00f3 que la v\u00edspera el valor fue de 399,8, hace una semana de 319,5 y hace un mes de 106,3, inform\u00f3 la agencia de noticias alemana DPA.<\/p>\n<p>El RKI inform\u00f3 adem\u00e1s de un nuevo r\u00e9cord de contagios, con 66.884 nuevas infecciones de coronavirus en las \u00faltimas 24 horas. Hace una semana, los nuevos casos fueron 52.826.<\/p>\n<p><strong>En toda Alemania fallecieron 335 personas debido a Covid-19 o bien en relaci\u00f3n con la enfermedad en las \u00faltimas 24 horas<\/strong>, con lo que el total asciende ya a 99.768.<\/p>\n<p>La tasa de incidencia hospitalaria -el principal par\u00e1metro para un posible endurecimiento de las restricciones- fue el martes de 5,60 por cada 100.000 habitantes, seg\u00fan los \u00faltimos datos del RKI, tambi\u00e9n en ascenso frente al valor de 5,28 del lunes.<\/p>\n<figure class=\"mb-3\"><img loading=\"lazy\" data-src=\"http:\/\/cordobadirecto.com\/wp-content\/uploads\/2021\/11\/alarmante-record-en-alemania-casi-67-000-casos-en-un-dia-1.jpg\" src=\"https:\/\/www.telam.com.ar\/assets\/img\/not_image.png\" class=\" lazy \" width=\"100%\" height=\"100%\" alt=\"La incidencia de nuevos contagios de Covid19 en siete das volvi a marcar un mximo histrico en Alemania Foto AFP\"><figcaption> La incidencia de nuevos contagios de Covid-19 en siete d\u00edas volvi\u00f3 a marcar un m\u00e1ximo hist\u00f3rico en Alemania. Foto: AFP <\/figcaption><\/figure>\n<h2 class>Nueva normativa<\/h2>\n<p>Este mi\u00e9rcoles entr\u00f3 en vigor una normativa que<strong> exige a las personas mostrar prueba de estar vacunado, de haberse curado del coronavirus o tener un test con resultado negativo<\/strong> como condici\u00f3n para presentarse a trabajar o usar el transporte p\u00fablico.<\/p>\n<p>El test debe haber sido realizado por un centro autorizado en las \u00faltimas 24 horas si se trata de una prueba de ant\u00edgenos o en las \u00faltimas 48 horas, si es PCR.<\/p>\n<p>El control en el transporte p\u00fablico se realizar\u00e1 de manera aleatoria, mientras en el lugar de trabajo, ser\u00e1 el empleador el que deber\u00e1 asegurarse de que sus empleados cumplen con la normativa.<\/p>\n<p>Esta medida, acordada por el Gobierno federal y los estados federados <strong>estar\u00e1 vigente hasta el 19 de marzo del a\u00f1o que viene.<\/strong><\/p>\n<figure class=\"mb-3\"><img loading=\"lazy\" data-src=\"http:\/\/cordobadirecto.com\/wp-content\/uploads\/2021\/11\/alarmante-record-en-alemania-casi-67-000-casos-en-un-dia-2.jpg\" src=\"https:\/\/www.telam.com.ar\/assets\/img\/not_image.png\" class=\" lazy \" width=\"100%\" height=\"100%\" alt=\"Entr en vigor una normativa que exige a las personas mostrar prueba de estar vacunado de haberse curado del coronavirus o tener un test con resultado negativo como condicin para presentarse a trabajar o usar el transporte Foto AFP\"><figcaption> Entr\u00f3 en vigor una normativa que exige a las personas mostrar prueba de estar vacunado, de haberse curado del coronavirus o tener un test con resultado negativo como condici\u00f3n para presentarse a trabajar o usar el transporte. Foto: AFP <\/figcaption><\/figure>\n<p>Algunos estados han endurecido las reglas para los no vacunados en d\u00edas recientes y urgido a las personas no inoculadas a recibir su primera dosis lo m\u00e1s pronto posible.<\/p>\n<p>Pero una minor\u00eda muy numerosa a\u00fan se resiste, lo que llev\u00f3 al ministro de salud a hacer una fuerte advertencia sobre las consecuencias de no estar vacunado.<\/p>\n<p>&#8220;Para fines del invierno, casi todos en Alemania se habr\u00e1n vacunado, recuperado o muerto&#8221; de coronavirus, dijo esta semana el ministro Jens Spahn. <\/p>\n","protected":false},"excerpt":{"rendered":"<p>La tasa de vacunaci\u00f3n se encuentra mayormente estancada en torno al 68% de la poblaci\u00f3n, muy por debajo del 75% de meta que se fij\u00f3 el Gobierno. Foto: AFP Alemania inform\u00f3 un r\u00e9cord de 66.884 nuevos casos de coronavirus en 24 horas y otro de su tasa semanal de infecciones, mientras la cifra de muertes [&hellip;]<\/p>\n","protected":false},"author":1,"featured_media":29899,"comment_status":"closed","ping_status":"closed","sticky":false,"template":"","format":"standard","meta":[],"categories":[24],"tags":[],"_links":{"self":[{"href":"http:\/\/cordobadirecto.com\/index.php\/wp-json\/wp\/v2\/posts\/29898"}],"collection":[{"href":"http:\/\/cordobadirecto.com\/index.php\/wp-json\/wp\/v2\/posts"}],"about":[{"href":"http:\/\/cordobadirecto.com\/index.php\/wp-json\/wp\/v2\/types\/post"}],"author":[{"embeddable":true,"href":"http:\/\/cordobadirecto.com\/index.php\/wp-json\/wp\/v2\/users\/1"}],"replies":[{"embeddable":true,"href":"http:\/\/cordobadirecto.com\/index.php\/wp-json\/wp\/v2\/comments?post=29898"}],"version-history":[{"count":0,"href":"http:\/\/cordobadirecto.com\/index.php\/wp-json\/wp\/v2\/posts\/29898\/revisions"}],"wp:featuredmedia":[{"embeddable":true,"href":"http:\/\/cordobadirecto.com\/index.php\/wp-json\/wp\/v2\/media\/29899"}],"wp:attachment":[{"href":"http:\/\/cordobadirecto.com\/index.php\/wp-json\/wp\/v2\/media?parent=29898"}],"wp:term":[{"taxonomy":"category","embeddable":true,"href":"http:\/\/cordobadirecto.com\/index.php\/wp-json\/wp\/v2\/categories?post=29898"},{"taxonomy":"post_tag","embeddable":true,"href":"http:\/\/cordobadirecto.com\/index.php\/wp-json\/wp\/v2\/tags?post=29898"}],"curies":[{"name":"wp","href":"https:\/\/api.w.org\/{rel}","templated":true}]}}