{"id":29903,"date":"2021-11-25T05:15:37","date_gmt":"2021-11-25T05:15:37","guid":{"rendered":"https:\/\/puntoapunto.com.ar\/?p=319204"},"modified":"2021-11-25T05:15:37","modified_gmt":"2021-11-25T05:15:37","slug":"edicion-semanal-savant-de-clase-global","status":"publish","type":"post","link":"http:\/\/cordobadirecto.com\/index.php\/2021\/11\/25\/edicion-semanal-savant-de-clase-global\/","title":{"rendered":"Edici\u00f3n semanal: Savant, de clase global"},"content":{"rendered":"<p>En medio de la pandemia, el laboratorio nacido en el interior de C\u00f3rdoba, avanza con<strong> planes de inversi\u00f3n:<\/strong> <strong>duplica l\u00ednea en el pa\u00eds y levanta nueva planta en Espa\u00f1a.<\/strong> El plan de Virixine, la sociedad desde la que gestiona dos marcas corporativas con un objetivo claro: <strong>convertirse en un grupo farmac\u00e9utico internacional.<\/strong><\/p>\n<p>En un nuevo desayuno de coyuntura de Punto a Punto,<b> Gast\u00f3n Utrera repasa el escenario econ\u00f3mico posterior a las elecciones. Inflaci\u00f3n, d\u00e9ficit fiscal, brecha cambiar y FMI, algunas de las aristas de analiz\u00f3 el economista cordob\u00e9s.&nbsp;<\/b><\/p>\n<div class=\"jeg_ad jeg_ad_article jnews_content_inline_ads \">\n<div class=\"ads-wrapper align-center \">\n<div class=\"ads_shortcode\">\n<div class=\"g g-146\">\n<div class=\"g-single a-378\"><a class=\"gofollow\" data-track=\"Mzc4LDE0NiwxLDYw\" href=\"https:\/\/www.grupocanter.com.ar\/notas\/de-hito-en-hito-2021\/?utm_source=Punto%20a%20Punto&amp;utm_medium=Banner&amp;utm_campaign=Departamentos&amp;utm_term=Banner%20Newsletters\/\" target=\"_blank\" rel=\"noopener\"><img src=\"http:\/\/cordobadirecto.com\/wp-content\/uploads\/2021\/11\/edicion-semanal-savant-de-clase-global.gif\"><\/a><\/div>\n<\/div>\n<\/div>\n<\/div>\n<\/div>\n<p><strong>The Food Box<\/strong> naci\u00f3 en Buenos Aires como un proyecto enfocado en los markets para countries y busca desembarcar en C\u00f3rdoba:<strong> c\u00f3mo funciona el negocio de los almacenes para barrios cerrados.<\/strong><\/p>\n<p>En diciembre inaugura una nueva propuesta cultura en la cuidad de C\u00f3rdoba: <strong>qu\u00e9 es y c\u00f3mo funcionar\u00e1 el Microteatro<\/strong>, el proyecto que encara Emilio Bruno.<\/p>\n<p>Sigue la<strong> votaci\u00f3n para el Empresario del A\u00f1o 2021.<\/strong> Conoc\u00e9 las \u00faltimas novedades del evento de negocios m\u00e1s convocante del interior del pa\u00eds.<\/p>\n","protected":false},"excerpt":{"rendered":"<p>En medio de la pandemia, el laboratorio nacido en el interior de C\u00f3rdoba, avanza con planes de inversi\u00f3n: duplica l\u00ednea en el pa\u00eds y levanta nueva planta en Espa\u00f1a. El plan de Virixine, la sociedad desde la que gestiona dos marcas corporativas con un objetivo claro: convertirse en un grupo farmac\u00e9utico internacional. En un nuevo [&hellip;]<\/p>\n","protected":false},"author":1,"featured_media":29904,"comment_status":"closed","ping_status":"closed","sticky":false,"template":"","format":"standard","meta":[],"categories":[25],"tags":[],"_links":{"self":[{"href":"http:\/\/cordobadirecto.com\/index.php\/wp-json\/wp\/v2\/posts\/29903"}],"collection":[{"href":"http:\/\/cordobadirecto.com\/index.php\/wp-json\/wp\/v2\/posts"}],"about":[{"href":"http:\/\/cordobadirecto.com\/index.php\/wp-json\/wp\/v2\/types\/post"}],"author":[{"embeddable":true,"href":"http:\/\/cordobadirecto.com\/index.php\/wp-json\/wp\/v2\/users\/1"}],"replies":[{"embeddable":true,"href":"http:\/\/cordobadirecto.com\/index.php\/wp-json\/wp\/v2\/comments?post=29903"}],"version-history":[{"count":0,"href":"http:\/\/cordobadirecto.com\/index.php\/wp-json\/wp\/v2\/posts\/29903\/revisions"}],"wp:featuredmedia":[{"embeddable":true,"href":"http:\/\/cordobadirecto.com\/index.php\/wp-json\/wp\/v2\/media\/29904"}],"wp:attachment":[{"href":"http:\/\/cordobadirecto.com\/index.php\/wp-json\/wp\/v2\/media?parent=29903"}],"wp:term":[{"taxonomy":"category","embeddable":true,"href":"http:\/\/cordobadirecto.com\/index.php\/wp-json\/wp\/v2\/categories?post=29903"},{"taxonomy":"post_tag","embeddable":true,"href":"http:\/\/cordobadirecto.com\/index.php\/wp-json\/wp\/v2\/tags?post=29903"}],"curies":[{"name":"wp","href":"https:\/\/api.w.org\/{rel}","templated":true}]}}