{"id":29934,"date":"2021-11-24T23:21:14","date_gmt":"2021-11-24T23:21:14","guid":{"rendered":"https:\/\/cordoba.gob.ar\/?p=17269"},"modified":"2021-11-24T23:21:14","modified_gmt":"2021-11-24T23:21:14","slug":"se-realizo-festicordobva-un-encuentro-educativo-virtual-de-cordobveses-en-el-mundo","status":"publish","type":"post","link":"http:\/\/cordobadirecto.com\/index.php\/2021\/11\/24\/se-realizo-festicordobva-un-encuentro-educativo-virtual-de-cordobveses-en-el-mundo\/","title":{"rendered":"Se realiz\u00f3 \u201cFestiC\u00f3rdob(V)a\u201d, un encuentro educativo virtual de Cordob(v)eses en el mundo"},"content":{"rendered":"<div><img src=\"http:\/\/cordobadirecto.com\/wp-content\/uploads\/2021\/11\/se-realizo-festicordobva-un-encuentro-educativo-virtual-de-cordobveses-en-el-mundo.jpg\" class=\"ff-og-image-inserted\"><\/div>\n<ul>\n<li><strong>Estudiantes de jardines y escuelas municipales participaron del evento que tuvo como objetivo generar intercambios entre referentes de diversas localidades que llevan el nombre C\u00f3rdoba o C\u00f3rdova.<\/strong><\/li>\n<\/ul>\n<hr>\n<p>Se llev\u00f3 a cabo de manera virtual el primer Encuentro Educativo de \u201cCordob(v)eses en el mundo: FestiC\u00f3rdob(v)a\u201d, durante la ma\u00f1ana del jueves 18 de noviembre de 2021. Estudiantes de jardines y escuelas municipales, en compa\u00f1\u00eda de invitados especiales de las C\u00f3rdob(v)as de Espa\u00f1a, Colombia y M\u00e9xico, compartieron sus producciones audiovisuales en marco del Proyecto Educativo Municipal \u201cC\u00f3rdob(v)as del Mundo\u201d.<\/p>\n<p>La organizaci\u00f3n del mismo estuvo a cargo de la Direcci\u00f3n de Aprendizaje y Desarrollo Profesional, dependiente de la Direcci\u00f3n General de Educaci\u00f3n, Secretar\u00eda de Educaci\u00f3n de la Municipalidad de C\u00f3rdoba.<\/p>\n<p>\u201cC\u00f3rdob(v)as del Mundo\u201d tiene como finalidad generar espacios para intercambios significativos entre referentes de diversas localidades que llevan el nombre \u201cC\u00f3rdoba\u201d o \u201cC\u00f3rdova\u201d a lo largo del mundo. Los dos objetivos centrales que gu\u00edan el proyecto desde su inicio son desarrollar una red de ciudadanos e instituciones p\u00fablicas y privadas de localidades llamadas C\u00f3rdob(v)a y Fomentar la cooperaci\u00f3n entre gobiernos de las localidades cordob(v)esas.<\/p>\n<p>Algunas de las l\u00edneas de acci\u00f3n en \u201cC\u00f3rdob(v)as del Mundo\u201d, ser\u00e1n el desarrollo de actividades culturales sobre la identidad cordob(v)esa en diferentes latitudes, la realizaci\u00f3n de diversos encuentros entre comunidades educativas de las C\u00f3rdob(v)as y la construcci\u00f3n de v\u00ednculos institucionales, educativos y tur\u00edsticos para iniciar actividades conjuntas.<\/p>\n<p>Con la permanente confluencia y mixtura de dos dialectos significativamente distinguibles, el primer encuentro educativo estuvo colmado de significativas reflexiones en torno a nuestras culturas e identidades, como as\u00ed tambi\u00e9n sobre nuestra historia, educaci\u00f3n y pol\u00edtica. A su vez, los estudiantes fueron voz de sus propias experiencias educativas.<\/p>\n<p>Del encuentro participaron estudiantes de los Jardines Municipales Color\u00edn Colorado, Padre Mart\u00ednez, Larguirucho, El Principito y Travesuras; y estudiantes de las Escuelas Municipales Arsenio Murugarren, Victorino Martinez, Angel Gastaldi y Carlos Ordo\u00f1ez, mientras que de otras C\u00f3rdob(v)as del mundo participaron, en representaci\u00f3n de los estudiantes, docentes de cuatro Escuelas de Espa\u00f1a, una Escuela de M\u00e9xico y una de Colombia. Finalmente, cabe destacar tambi\u00e9n la participaci\u00f3n especial de nuestro Coro Municipal Juvenil.<\/p>\n<p>La directora de Aprendizaje y Desarrollo Profesional, Dra. Alicia Olmos coment\u00f3 que <em>\u201cesta es una iniciativa que tiene un gran potencial socioeducativo, puesto que no s\u00f3lo genera espacios para la b\u00fasqueda de conocimientos y nuevos \u00e1mbitos de vinculaci\u00f3n\u201d.<\/em><\/p>\n<p>Por su parte, el secretario de Educaci\u00f3n, Horacio Ferreyra afirm\u00f3 que <em>\u201cesta actividad acerca a los estudiantes y docentes de nuestro sistema educativo municipal la posibilidad de ampliar los horizontes culturales, tal cual se prev\u00e9 en el plan de metas que propuso el Intendente Mart\u00edn Llaryora\u201d<\/em>. Tambi\u00e9n destac\u00f3 el trabajo realizado con la Secretar\u00eda de Planeamiento, Modernizaci\u00f3n y Relaciones Internacionales, a los fines de estrechar lazos de colaboraci\u00f3n de la \u201cC\u00f3rdob(v)as del Mundo\u201d.<\/p>\n","protected":false},"excerpt":{"rendered":"<p>Estudiantes de jardines y escuelas municipales participaron del evento que tuvo como objetivo generar intercambios entre referentes de diversas localidades que llevan el nombre C\u00f3rdoba o C\u00f3rdova. Se llev\u00f3 a cabo de manera virtual el primer Encuentro Educativo de \u201cCordob(v)eses en el mundo: FestiC\u00f3rdob(v)a\u201d, durante la ma\u00f1ana del jueves 18 de noviembre de 2021. Estudiantes [&hellip;]<\/p>\n","protected":false},"author":1,"featured_media":29935,"comment_status":"closed","ping_status":"closed","sticky":false,"template":"","format":"standard","meta":[],"categories":[44],"tags":[],"_links":{"self":[{"href":"http:\/\/cordobadirecto.com\/index.php\/wp-json\/wp\/v2\/posts\/29934"}],"collection":[{"href":"http:\/\/cordobadirecto.com\/index.php\/wp-json\/wp\/v2\/posts"}],"about":[{"href":"http:\/\/cordobadirecto.com\/index.php\/wp-json\/wp\/v2\/types\/post"}],"author":[{"embeddable":true,"href":"http:\/\/cordobadirecto.com\/index.php\/wp-json\/wp\/v2\/users\/1"}],"replies":[{"embeddable":true,"href":"http:\/\/cordobadirecto.com\/index.php\/wp-json\/wp\/v2\/comments?post=29934"}],"version-history":[{"count":0,"href":"http:\/\/cordobadirecto.com\/index.php\/wp-json\/wp\/v2\/posts\/29934\/revisions"}],"wp:featuredmedia":[{"embeddable":true,"href":"http:\/\/cordobadirecto.com\/index.php\/wp-json\/wp\/v2\/media\/29935"}],"wp:attachment":[{"href":"http:\/\/cordobadirecto.com\/index.php\/wp-json\/wp\/v2\/media?parent=29934"}],"wp:term":[{"taxonomy":"category","embeddable":true,"href":"http:\/\/cordobadirecto.com\/index.php\/wp-json\/wp\/v2\/categories?post=29934"},{"taxonomy":"post_tag","embeddable":true,"href":"http:\/\/cordobadirecto.com\/index.php\/wp-json\/wp\/v2\/tags?post=29934"}],"curies":[{"name":"wp","href":"https:\/\/api.w.org\/{rel}","templated":true}]}}