{"id":29964,"date":"2021-11-25T06:02:56","date_gmt":"2021-11-25T06:02:56","guid":{"rendered":"https:\/\/www.bbc.com\/mundo\/noticias-internacional-59410930"},"modified":"2021-11-25T06:02:56","modified_gmt":"2021-11-25T06:02:56","slug":"olaf-scholz-como-es-el-gobierno-semaforo-que-sucedera-al-de-angela-merkel-en-alemania-y-cuales-son-sus-objetivos","status":"publish","type":"post","link":"http:\/\/cordobadirecto.com\/index.php\/2021\/11\/25\/olaf-scholz-como-es-el-gobierno-semaforo-que-sucedera-al-de-angela-merkel-en-alemania-y-cuales-son-sus-objetivos\/","title":{"rendered":"Olaf Scholz: c\u00f3mo es el &#8220;gobierno sem\u00e1foro&#8221; que suceder\u00e1 al de Angela Merkel en Alemania (y cu\u00e1les son sus objetivos)"},"content":{"rendered":"<div dir=\"ltr\" class=\"e1j2237y5 bbc-q4ibpr e57qer20\">\n<div class=\"bbc-1atl7vu e1c9i7u14\">\n<ul role=\"list\" class=\"bbc-k0l9bd e1c9i7u12\">\n<li role=\"listitem\" class=\"bbc-1a3w4ok e1c9i7u11\">Redacci\u00f3n <\/li>\n<li role=\"listitem\" class=\"bbc-1p92jtu e1c9i7u10\">BBC News Mundo<\/li>\n<\/ul>\n<\/div>\n<\/div>\n<p><time datetime=\"2021-11-25\" class=\"bbc-14xtggo e4zesg50\">2 horas<\/time><\/p>\n<div dir=\"ltr\" class=\"bbc-1ka88fa e57qer20\">\n<figure class=\"bbc-1qdcvv9 e6bmn90\">\n<div dir=\"ltr\" class=\"bbc-172p16q e57qer20\">\n<div dir=\"ltr\" class=\"bbc-189y18v e57qer20\" readability=\"6.5\">\n<div data-e2e=\"image-placeholder\" class=\"bbc-997y1y e1whu0\" readability=\"8\"><img loading=\"lazy\" srcset=\"http:\/\/cordobadirecto.com\/wp-content\/uploads\/2021\/11\/olaf-scholz-como-es-el-gobierno-semaforo-que-sucedera-al-de-angela-merkel-en-alemania-y-cuales-son-sus-objetivos-5.jpg 240w, http:\/\/cordobadirecto.com\/wp-content\/uploads\/2021\/11\/olaf-scholz-como-es-el-gobierno-semaforo-que-sucedera-al-de-angela-merkel-en-alemania-y-cuales-son-sus-objetivos-6.jpg 320w, http:\/\/cordobadirecto.com\/wp-content\/uploads\/2021\/11\/olaf-scholz-como-es-el-gobierno-semaforo-que-sucedera-al-de-angela-merkel-en-alemania-y-cuales-son-sus-objetivos-7.jpg 480w, http:\/\/cordobadirecto.com\/wp-content\/uploads\/2021\/11\/olaf-scholz-como-es-el-gobierno-semaforo-que-sucedera-al-de-angela-merkel-en-alemania-y-cuales-son-sus-objetivos-8.jpg 624w, http:\/\/cordobadirecto.com\/wp-content\/uploads\/2021\/11\/olaf-scholz-como-es-el-gobierno-semaforo-que-sucedera-al-de-angela-merkel-en-alemania-y-cuales-son-sus-objetivos-9.jpg 800w\" alt=\"Angela Merkel porta una corona de flores en presencia de Olaf Scholz.\" src=\"http:\/\/cordobadirecto.com\/wp-content\/uploads\/2021\/11\/olaf-scholz-como-es-el-gobierno-semaforo-que-sucedera-al-de-angela-merkel-en-alemania-y-cuales-son-sus-objetivos.jpg\" sizes=\"(min-width: 1008px) 645px, 100vw\" width=\"976\" height=\"549\" class=\"eehpdyc0 bbc-100dhyn e1enwo3v0\"><\/p>\n<p role=\"text\" class=\"bbc-1s1cxbv etq3yw90\"><span class=\"bbc-1gnhmg2 e1yt7oin0\">Fuente de la imagen, <\/span><span lang=\"en-GB\">Reuters<\/span><\/p>\n<\/div>\n<\/div>\n<div dir=\"ltr\" class=\"bbc-3edg7g e57qer20\" readability=\"6\"><figcaption dir=\"ltr\" class=\"bbc-1t9zlwf eede9f50\" readability=\"2\"><span class=\"bbc-1gnhmg2 e1yt7oin0\">Pie de foto, <\/span><\/p>\n<p>Olaf Scholz ha sido vicecanciller de Merkel desde 2018 y ahora se dispone a tomar su relevo.<\/p>\n<\/figcaption><\/div>\n<\/div>\n<\/figure>\n<\/div>\n<div dir=\"ltr\" class=\"bbc-19j92fr e57qer20\" readability=\"7\">\n<p dir=\"ltr\" class=\"bbc-bm53ic e1cc2ql70\"><b>Alemania ya conoce c\u00f3mo ser\u00e1 su nuevo gobierno. <\/b><\/p>\n<\/div>\n<div dir=\"ltr\" class=\"bbc-19j92fr e57qer20\" readability=\"10\">\n<p dir=\"ltr\" class=\"bbc-bm53ic e1cc2ql70\">El socialdem\u00f3crata Olaf Scholz liderar\u00e1 el nuevo Ejecutivo alem\u00e1n, tras lograr un acuerdo con otros dos partidos luego de que Angela Merkel decidiera no optar por un nuevo t\u00e9rmino tras 16 a\u00f1os en el poder. <\/p>\n<\/div>\n<div dir=\"ltr\" class=\"bbc-19j92fr e57qer20\" readability=\"10\">\n<p dir=\"ltr\" class=\"bbc-bm53ic e1cc2ql70\">Dos meses despu\u00e9s de que el Partido Socialdem\u00f3crata (SPD) se impusiera en las Elecciones Federales, Scholz alcanz\u00f3 un acuerdo definitivo con los verdes y los liberales para formar un nuevo gobierno de coalici\u00f3n. <\/p>\n<\/div>\n<div dir=\"ltr\" class=\"bbc-19j92fr e57qer20\" readability=\"8\">\n<p dir=\"ltr\" class=\"bbc-bm53ic e1cc2ql70\">El acuerdo de gobierno fija la lucha contra el cambio clim\u00e1tico como la gran prioridad del nuevo Ejecutivo.<\/p>\n<\/div>\n<div dir=\"ltr\" class=\"bbc-19j92fr e57qer20\" readability=\"11\">\n<p dir=\"ltr\" class=\"bbc-bm53ic e1cc2ql70\">El pacto a\u00fan debe ser refrendado por las bases de los partidos que lo suscriben, pero se espera que el nuevo gobierno pueda formarse definitivamente en diciembre, una vez supere la votaci\u00f3n en el Parlamento prevista para entre el 6 y el 9 de ese mes.<\/p>\n<\/div>\n<div dir=\"ltr\" class=\"bbc-19j92fr e57qer20\" readability=\"9\">\n<p dir=\"ltr\" class=\"bbc-bm53ic e1cc2ql70\">Ser\u00e1 el fin a la larga era de Angela Merkel, quien ha dominado la pol\u00edtica alemana y europea en los \u00faltimos a\u00f1os. <\/p>\n<\/div>\n<div dir=\"ltr\" class=\"bbc-19j92fr e57qer20\" readability=\"12\">\n<p dir=\"ltr\" class=\"bbc-bm53ic e1cc2ql70\">El futuro de Alemania, la gran potencia de la Uni\u00f3n Europea, marcar\u00e1 el futuro del bloque continental y es probable que otros Estados sigan sus pasos en defensa del medioambiente, si es que finalmente los da. <\/p>\n<\/div>\n<div dir=\"ltr\" class=\"bbc-19j92fr e57qer20\" readability=\"11\">\n<p dir=\"ltr\" class=\"bbc-bm53ic e1cc2ql70\">En la prensa alemana ya lo han bautizado como el &#8220;gobierno sem\u00e1foro&#8221;, por los colores de los partidos que lo van a formar (rojo de los socialdem\u00f3cratas, verde de los verdes y amarillo de los liberal-dem\u00f3cratas). <\/p>\n<\/div>\n<p><h2 id=\"Los-objetivos-del-nuevo-gobierno\" tabindex=\"-1\" class=\"bbc-l3e97o e14hemmw0\">Los objetivos del nuevo gobierno<\/h2>\n<\/p>\n<div dir=\"ltr\" class=\"bbc-19j92fr e57qer20\" readability=\"9\">\n<p dir=\"ltr\" class=\"bbc-bm53ic e1cc2ql70\"><b>Lucha contra el cambio clim\u00e1tico:<\/b> los partidos han pactado abandonar el carb\u00f3n como fuente de energ\u00eda para 2030, ocho a\u00f1os antes de lo que estaba previsto. <\/p>\n<\/div>\n<div dir=\"ltr\" class=\"bbc-19j92fr e57qer20\" readability=\"9\">\n<p dir=\"ltr\" class=\"bbc-bm53ic e1cc2ql70\">Un 2% del territorio alem\u00e1n se dedicar\u00e1 a la generaci\u00f3n de energ\u00eda e\u00f3lica y basada en hidr\u00f3geno. El objetivo es que para 2030 el 80% de la electricidad se obtenga de fuentes de energ\u00eda renovables y 15 millones de autos el\u00e9ctricos circulen por las carreteras alemanas. <\/p>\n<\/div>\n<div dir=\"ltr\" class=\"bbc-19j92fr e57qer20\" readability=\"10\">\n<p dir=\"ltr\" class=\"bbc-bm53ic e1cc2ql70\">Los partidos se plantean como objetivo que Alemania alcance la neutralidad en sus emisiones contaminantes antes de 2045 y los paneles de energ\u00eda solar ser\u00e1n obligatorios en los tejados de todos los edificios comerciales de nueva construcci\u00f3n. Tambi\u00e9n habr\u00e1 paneles solares en los edificios residenciales. <\/p>\n<\/div>\n<div dir=\"ltr\" class=\"bbc-1ka88fa e57qer20\">\n<figure class=\"bbc-1qdcvv9 e6bmn90\">\n<div dir=\"ltr\" class=\"bbc-172p16q e57qer20\">\n<div dir=\"ltr\" class=\"bbc-189y18v e57qer20\" readability=\"6.5\">\n<div data-e2e=\"image-placeholder\" class=\"bbc-997y1y e1whu0\" readability=\"8\"><noscript><img loading=\"lazy\" srcset=\"http:\/\/cordobadirecto.com\/wp-content\/uploads\/2021\/11\/olaf-scholz-como-es-el-gobierno-semaforo-que-sucedera-al-de-angela-merkel-en-alemania-y-cuales-son-sus-objetivos-10.jpg 240w, http:\/\/cordobadirecto.com\/wp-content\/uploads\/2021\/11\/olaf-scholz-como-es-el-gobierno-semaforo-que-sucedera-al-de-angela-merkel-en-alemania-y-cuales-son-sus-objetivos-11.jpg 320w, http:\/\/cordobadirecto.com\/wp-content\/uploads\/2021\/11\/olaf-scholz-como-es-el-gobierno-semaforo-que-sucedera-al-de-angela-merkel-en-alemania-y-cuales-son-sus-objetivos-12.jpg 480w, http:\/\/cordobadirecto.com\/wp-content\/uploads\/2021\/11\/olaf-scholz-como-es-el-gobierno-semaforo-que-sucedera-al-de-angela-merkel-en-alemania-y-cuales-son-sus-objetivos-13.jpg 624w, http:\/\/cordobadirecto.com\/wp-content\/uploads\/2021\/11\/olaf-scholz-como-es-el-gobierno-semaforo-que-sucedera-al-de-angela-merkel-en-alemania-y-cuales-son-sus-objetivos-14.jpg 800w\" alt=\"Paneles solares y generadores de energ\u00eda e\u00f3lica en un paisaje alem\u00e1n.\" src=\"http:\/\/cordobadirecto.com\/wp-content\/uploads\/2021\/11\/olaf-scholz-como-es-el-gobierno-semaforo-que-sucedera-al-de-angela-merkel-en-alemania-y-cuales-son-sus-objetivos-1.jpg\" sizes=\"(min-width: 1008px) 645px, 100vw\" width=\"976\" height=\"549\" class=\"eehpdyc0 bbc-100dhyn e1enwo3v0\"><\/noscript><\/p>\n<p role=\"text\" class=\"bbc-1s1cxbv etq3yw90\"><span class=\"bbc-1gnhmg2 e1yt7oin0\">Fuente de la imagen, <\/span><span lang=\"en-GB\">Sean Gallup \/ Getty<\/span><\/p>\n<\/div>\n<\/div>\n<div dir=\"ltr\" class=\"bbc-3edg7g e57qer20\" readability=\"6\"><figcaption dir=\"ltr\" class=\"bbc-1t9zlwf eede9f50\" readability=\"2\"><span class=\"bbc-1gnhmg2 e1yt7oin0\">Pie de foto, <\/span><\/p>\n<p>Las energ\u00edas renovables ganar\u00e1n peso en Alemania.<\/p>\n<\/figcaption><\/div>\n<\/div>\n<\/figure>\n<\/div>\n<div dir=\"ltr\" class=\"bbc-19j92fr e57qer20\" readability=\"8\">\n<p dir=\"ltr\" class=\"bbc-bm53ic e1cc2ql70\">Alemania mantendr\u00e1 su compromiso con el objetivo de la UE de abandonar los veh\u00edculos de combusti\u00f3n interna en 2035. <\/p>\n<\/div>\n<div dir=\"ltr\" class=\"bbc-19j92fr e57qer20\" readability=\"11\">\n<p dir=\"ltr\" class=\"bbc-bm53ic e1cc2ql70\"><b>Una pol\u00edtica exterior con Europa como prioridad:<\/b> El nuevo gobierno apuesta por &#8220;aumentar la soberan\u00eda estrat\u00e9gica europea&#8221;, lo que implica la b\u00fasqueda de una mayor independencia en seguridad, energ\u00eda y otros asuntos de la agenda internacional. <\/p>\n<\/div>\n<div dir=\"ltr\" class=\"bbc-19j92fr e57qer20\" readability=\"9\">\n<p dir=\"ltr\" class=\"bbc-bm53ic e1cc2ql70\">Scholz dijo en una rueda de prensa: &#8220;La soberan\u00eda de Europa ser\u00e1 una piedra angular de nuestra pol\u00edtica exterior&#8221;. Tambi\u00e9n destac\u00f3 la amistad con Francia, su gran aliado en la UE. <\/p>\n<\/div>\n<div dir=\"ltr\" class=\"bbc-19j92fr e57qer20\" readability=\"10\">\n<p dir=\"ltr\" class=\"bbc-bm53ic e1cc2ql70\">Sin embargo, la relaci\u00f3n de Berl\u00edn con Estados Unidos y otros miembros de la OTAN seguir\u00e1 siendo central, seg\u00fan los planes de la coalici\u00f3n. <\/p>\n<\/div>\n<div dir=\"ltr\" class=\"bbc-19j92fr e57qer20\" readability=\"10\">\n<p dir=\"ltr\" class=\"bbc-bm53ic e1cc2ql70\"><b>Aumento del salario m\u00ednimo y <\/b><b>de la vivienda p\u00fablica<\/b><b>:<\/b> el salario m\u00ednimo aumentar\u00e1 hasta los 12 euros (US$13,45) por hora y se construir\u00e1n 400.000 nuevos apartamentos. Un 25% de ellos se ofrecer\u00e1n como vivienda social.<\/p>\n<\/div>\n<div dir=\"ltr\" class=\"bbc-19j92fr e57qer20\" readability=\"10\">\n<p dir=\"ltr\" class=\"bbc-bm53ic e1cc2ql70\"><b>Voto a los 16 a\u00f1os:<\/b> la edad para votar bajar\u00e1 de 18 a 16 a\u00f1os, con intenci\u00f3n de reformar la ley electoral para acabar con el problema de que el n\u00famero de parlamentarios no cesa de aumentar. El Bundestag actual tiene 735 diputados. <\/p>\n<\/div>\n<div dir=\"ltr\" class=\"bbc-19j92fr e57qer20\" readability=\"12\">\n<p dir=\"ltr\" class=\"bbc-bm53ic e1cc2ql70\">El cambio en la edad de votaci\u00f3n en las elecciones al Parlamento Europeo podr\u00e1 aprobarse por mayor\u00eda simple, que los partidos firmantes tienen asegurada, pero ser\u00e1 m\u00e1s dif\u00edcil en el caso de los comicios federales alemanes, para los que se requieren dos tercios de los votos en el Bundestag. <\/p>\n<\/div>\n<div class=\"bbc-sffzb7 e8v25yx0\">\n<div dir=\"ltr\" class=\"bbc-1ka88fa e57qer20\">\n<figure class=\"bbc-1qdcvv9 e6bmn90\">\n<div dir=\"ltr\" class=\"bbc-172p16q e57qer20\">\n<div dir=\"ltr\" class=\"bbc-189y18v e57qer20\" readability=\"6.5\">\n<div data-e2e=\"image-placeholder\" class=\"bbc-997y1y e1whu0\" readability=\"8\"><noscript><img loading=\"lazy\" srcset=\"http:\/\/cordobadirecto.com\/wp-content\/uploads\/2021\/11\/olaf-scholz-como-es-el-gobierno-semaforo-que-sucedera-al-de-angela-merkel-en-alemania-y-cuales-son-sus-objetivos-15.jpg 240w, http:\/\/cordobadirecto.com\/wp-content\/uploads\/2021\/11\/olaf-scholz-como-es-el-gobierno-semaforo-que-sucedera-al-de-angela-merkel-en-alemania-y-cuales-son-sus-objetivos-16.jpg 320w, http:\/\/cordobadirecto.com\/wp-content\/uploads\/2021\/11\/olaf-scholz-como-es-el-gobierno-semaforo-que-sucedera-al-de-angela-merkel-en-alemania-y-cuales-son-sus-objetivos-17.jpg 480w, http:\/\/cordobadirecto.com\/wp-content\/uploads\/2021\/11\/olaf-scholz-como-es-el-gobierno-semaforo-que-sucedera-al-de-angela-merkel-en-alemania-y-cuales-son-sus-objetivos-18.jpg 624w, http:\/\/cordobadirecto.com\/wp-content\/uploads\/2021\/11\/olaf-scholz-como-es-el-gobierno-semaforo-que-sucedera-al-de-angela-merkel-en-alemania-y-cuales-son-sus-objetivos-19.jpg 800w\" alt=\"J\u00f3venes protegidas con m\u00e1scaras caminan en un centro de estudios alem\u00e1n.\" src=\"http:\/\/cordobadirecto.com\/wp-content\/uploads\/2021\/11\/olaf-scholz-como-es-el-gobierno-semaforo-que-sucedera-al-de-angela-merkel-en-alemania-y-cuales-son-sus-objetivos-2.jpg\" sizes=\"(min-width: 1008px) 645px, 100vw\" width=\"976\" height=\"549\" class=\"eehpdyc0 bbc-100dhyn e1enwo3v0\"><\/noscript><\/p>\n<p role=\"text\" class=\"bbc-1s1cxbv etq3yw90\"><span class=\"bbc-1gnhmg2 e1yt7oin0\">Fuente de la imagen, <\/span><span lang=\"en-GB\">Christian Ender \/ Getty<\/span><\/p>\n<\/div>\n<\/div>\n<div dir=\"ltr\" class=\"bbc-3edg7g e57qer20\" readability=\"6\"><figcaption dir=\"ltr\" class=\"bbc-1t9zlwf eede9f50\" readability=\"2\"><span class=\"bbc-1gnhmg2 e1yt7oin0\">Pie de foto, <\/span><\/p>\n<p>La coalici\u00f3n planea que los j\u00f3venes de 16 a\u00f1os puedan votar.<\/p>\n<\/figcaption><\/div>\n<\/div>\n<\/figure>\n<\/div>\n<\/div>\n<div dir=\"ltr\" class=\"bbc-19j92fr e57qer20\" readability=\"10\">\n<p dir=\"ltr\" class=\"bbc-bm53ic e1cc2ql70\">Christian Lindner, l\u00edder de los liberales y futuro ministro de Finanzas, declar\u00f3: &#8220;La generaci\u00f3n m\u00e1s joven nos ha encargado el trabajo de superar el status quo de los \u00faltimos a\u00f1os&#8221;. <\/p>\n<\/div>\n<div dir=\"ltr\" class=\"bbc-19j92fr e57qer20\" readability=\"8\">\n<p dir=\"ltr\" class=\"bbc-bm53ic e1cc2ql70\"><b>Facilidades para que los inmigrantes obtengan la ciudadan\u00eda: <\/b>los inmigrantes podr\u00e1n solicitar la nacionalidad alemana a los cinco a\u00f1os y se les permitir\u00e1 tener doble ciudadan\u00eda.<\/p>\n<\/div>\n<div dir=\"ltr\" class=\"bbc-19j92fr e57qer20\" readability=\"10\">\n<p dir=\"ltr\" class=\"bbc-bm53ic e1cc2ql70\">De concretarse, ser\u00eda un cambio significativo para millones de inmigrantes, que siguen siendo extranjeros pese a que muchos llevan d\u00e9cadas en el pa\u00eds. <\/p>\n<\/div>\n<div dir=\"ltr\" class=\"bbc-19j92fr e57qer20\" readability=\"9\">\n<p dir=\"ltr\" class=\"bbc-bm53ic e1cc2ql70\"><b>Lucha contra <\/b><b>la <\/b><b>covid:<\/b> el gobierno crear\u00e1 un equipo de trabajo para hacer frente a la pandemia, ahora que Alemania se encuentra entre los pa\u00edses europeos golpeados por una nueva ola de la covid. <\/p>\n<\/div>\n<div dir=\"ltr\" class=\"bbc-19j92fr e57qer20\" readability=\"9\">\n<p dir=\"ltr\" class=\"bbc-bm53ic e1cc2ql70\">Scholz dijo que la vacunaci\u00f3n es la \u00fanica manera de superar la pandemia y abog\u00f3 por que sea obligatoria en los centros de atenci\u00f3n a personas vulnerables. Tambi\u00e9n estudia la posibilidad de obligar a vacunarse a los profesionales de la salud. <\/p>\n<\/div>\n<div dir=\"ltr\" class=\"bbc-19j92fr e57qer20\" readability=\"11\">\n<p dir=\"ltr\" class=\"bbc-bm53ic e1cc2ql70\">Scholf, que anunci\u00f3 un bono de un mill\u00f3n de euros (US$1,12 millones) para los trabajadores sanitarios, asumir\u00e1 el cargo previsiblemente en un momento de infecciones al alza. <\/p>\n<\/div>\n<div dir=\"ltr\" class=\"bbc-19j92fr e57qer20\" readability=\"9\">\n<p dir=\"ltr\" class=\"bbc-bm53ic e1cc2ql70\">&#8220;El panorama es sombr\u00edo&#8221;, declar\u00f3. &#8220;El coronavirus no ha sido a\u00fan vencido&#8221;, a\u00f1adi\u00f3. <\/p>\n<\/div>\n<div dir=\"ltr\" class=\"bbc-19j92fr e57qer20\" readability=\"10\">\n<p dir=\"ltr\" class=\"bbc-bm53ic e1cc2ql70\"><b>Vuelve el freno a la deuda:<\/b> la Constituci\u00f3n alemana contempla un l\u00edmite m\u00e1ximo al endeudamiento del pa\u00eds. Aunque se levant\u00f3 durante la pandemia para hacer frente a la necesidad de fondos p\u00fablicos, la coalici\u00f3n &#8220;sem\u00e1foro&#8221; planea restablecerlo antes de 2023. <\/p>\n<\/div>\n<div dir=\"ltr\" class=\"bbc-19j92fr e57qer20\" readability=\"10\">\n<p dir=\"ltr\" class=\"bbc-bm53ic e1cc2ql70\"><b>Fin a las restricciones a la publicidad de m\u00e9dicos que practican abortos:<\/b> la prohibici\u00f3n a los m\u00e9dicos de anunciarse como profesionales que practican abortos se eliminar\u00e1, para permitir que puedan suministrar toda la informaci\u00f3n sobre el m\u00e9todo de interrupci\u00f3n del embarazo utilizado. <\/p>\n<\/div>\n<div dir=\"ltr\" class=\"bbc-19j92fr e57qer20\" readability=\"8\">\n<p dir=\"ltr\" class=\"bbc-bm53ic e1cc2ql70\"><b>Legalizaci\u00f3n del cannabis<\/b>: esta sustancia podr\u00e1 venderse en establecimientos autorizados y se establecer\u00e1n controles sobre su calidad y transporte. <\/p>\n<\/div>\n<p><h2 id=\"Las-caras-del-Ejecutivo\" tabindex=\"-1\" class=\"bbc-l3e97o e14hemmw0\">Las caras del Ejecutivo<\/h2>\n<\/p>\n<div dir=\"ltr\" class=\"bbc-19j92fr e57qer20\" readability=\"8\">\n<p dir=\"ltr\" class=\"bbc-bm53ic e1cc2ql70\">El nuevo gobierno tendr\u00e1 como canciller o jefe del gobierno a Scholz, de 63 a\u00f1os. <\/p>\n<\/div>\n<div dir=\"ltr\" class=\"bbc-19j92fr e57qer20\" readability=\"10\">\n<p dir=\"ltr\" class=\"bbc-bm53ic e1cc2ql70\">Scholz ha sido vicecanciller y ministro de Finanzas en el gobierno de coalici\u00f3n de Merkel desde 2018 y lleva a\u00f1os en la primera l\u00ednea de la pol\u00edtica alemana, por lo que dif\u00edcilmente ser\u00e1 una sorpresa para los votantes. <\/p>\n<\/div>\n<div dir=\"ltr\" class=\"bbc-19j92fr e57qer20\" readability=\"9\">\n<p dir=\"ltr\" class=\"bbc-bm53ic e1cc2ql70\">Es visto como una garant\u00eda de estabilidad y moderaci\u00f3n, y en las elecciones de septiembre logr\u00f3 llevar a la izquierda alemana a una victoria que se le resist\u00eda hac\u00eda a\u00f1os. <\/p>\n<\/div>\n<div dir=\"ltr\" class=\"bbc-1ka88fa e57qer20\">\n<figure class=\"bbc-1qdcvv9 e6bmn90\">\n<div dir=\"ltr\" class=\"bbc-172p16q e57qer20\">\n<div dir=\"ltr\" class=\"bbc-189y18v e57qer20\" readability=\"6.5\">\n<div data-e2e=\"image-placeholder\" class=\"bbc-997y1y e1whu0\" readability=\"8\"><noscript><img loading=\"lazy\" srcset=\"http:\/\/cordobadirecto.com\/wp-content\/uploads\/2021\/11\/olaf-scholz-como-es-el-gobierno-semaforo-que-sucedera-al-de-angela-merkel-en-alemania-y-cuales-son-sus-objetivos-20.jpg 240w, http:\/\/cordobadirecto.com\/wp-content\/uploads\/2021\/11\/olaf-scholz-como-es-el-gobierno-semaforo-que-sucedera-al-de-angela-merkel-en-alemania-y-cuales-son-sus-objetivos-21.jpg 320w, http:\/\/cordobadirecto.com\/wp-content\/uploads\/2021\/11\/olaf-scholz-como-es-el-gobierno-semaforo-que-sucedera-al-de-angela-merkel-en-alemania-y-cuales-son-sus-objetivos-22.jpg 480w, http:\/\/cordobadirecto.com\/wp-content\/uploads\/2021\/11\/olaf-scholz-como-es-el-gobierno-semaforo-que-sucedera-al-de-angela-merkel-en-alemania-y-cuales-son-sus-objetivos-23.jpg 624w, http:\/\/cordobadirecto.com\/wp-content\/uploads\/2021\/11\/olaf-scholz-como-es-el-gobierno-semaforo-que-sucedera-al-de-angela-merkel-en-alemania-y-cuales-son-sus-objetivos-24.jpg 800w\" alt=\"De izquierda a derecha, Annalena Baerbock, l\u00edder de Los Verdes; Robert Habeck y Olaf Scholz, del SPD; y Christian Lindner, de los liberales, posan para una foto.\" src=\"http:\/\/cordobadirecto.com\/wp-content\/uploads\/2021\/11\/olaf-scholz-como-es-el-gobierno-semaforo-que-sucedera-al-de-angela-merkel-en-alemania-y-cuales-son-sus-objetivos-3.jpg\" sizes=\"(min-width: 1008px) 645px, 100vw\" width=\"976\" height=\"549\" class=\"eehpdyc0 bbc-100dhyn e1enwo3v0\"><\/noscript><\/p>\n<p role=\"text\" class=\"bbc-1s1cxbv etq3yw90\"><span class=\"bbc-1gnhmg2 e1yt7oin0\">Fuente de la imagen, <\/span><span lang=\"en-GB\">Reuters<\/span><\/p>\n<\/div>\n<\/div>\n<div dir=\"ltr\" class=\"bbc-3edg7g e57qer20\" readability=\"6\"><figcaption dir=\"ltr\" class=\"bbc-1t9zlwf eede9f50\" readability=\"2\"><span class=\"bbc-1gnhmg2 e1yt7oin0\">Pie de foto, <\/span><\/p>\n<p>Scholz present\u00f3 el acuerdo en Berl\u00edn con los l\u00edderes de los verdes y los liberales.<\/p>\n<\/figcaption><\/div>\n<\/div>\n<\/figure>\n<\/div>\n<div dir=\"ltr\" class=\"bbc-19j92fr e57qer20\" readability=\"11\">\n<p dir=\"ltr\" class=\"bbc-bm53ic e1cc2ql70\">Pero Scholz tendr\u00e1 que entenderse con sus dos socios de coalici\u00f3n, liderados por pol\u00edticos m\u00e1s j\u00f3venes y cuyas fuerzas sumaron en conjunto m\u00e1s votos que el SPD, por lo que el nuevo canciller tendr\u00e1 que hacer concesiones a sus compa\u00f1eros de viaje y har\u00e1 falta un esfuerzo negociador. <\/p>\n<\/div>\n<div dir=\"ltr\" class=\"bbc-19j92fr e57qer20\" readability=\"10\">\n<p dir=\"ltr\" class=\"bbc-bm53ic e1cc2ql70\">Se espera que la nueva ministra de Exteriores sea Annalena Baerbock, l\u00edder de Los Verdes. Baerbock lider\u00f3 a los ecologistas a los mejores resultados de su historia y su rostro encarna el aumento de la sensibilidad de los votantes alemanes sobre el problema clim\u00e1tico. <\/p>\n<\/div>\n<div dir=\"ltr\" class=\"bbc-19j92fr e57qer20\" readability=\"11\">\n<p dir=\"ltr\" class=\"bbc-bm53ic e1cc2ql70\">La futura ministra ha calificado la crisis clim\u00e1tica como el mayor desaf\u00edo de este tiempo y se ha comprometido a que Alemania alcance el objetivo de las emisiones neutras en el plazo previsto. Ese, seg\u00fan ha dicho, es el &#8220;denominador com\u00fan&#8221; del nuevo gobierno. <\/p>\n<\/div>\n<div dir=\"ltr\" class=\"bbc-19j92fr e57qer20\" readability=\"11\">\n<p dir=\"ltr\" class=\"bbc-bm53ic e1cc2ql70\">Junto a Lindner, el l\u00edder liberal que ser\u00e1 ministro de Finanzas, Baerbock est\u00e1 llamada a llevar la voz cantante en el nuevo gobierno y a empujar a Scholz a dar pasos m\u00e1s audaces de los que quiz\u00e1 hubiera dado en solitario. <\/p>\n<\/div>\n<div dir=\"ltr\" class=\"bbc-1ka88fa e57qer20\">\n<figure class=\"bbc-1qdcvv9 e6bmn90\">\n<div dir=\"ltr\" class=\"bbc-172p16q e57qer20\">\n<div dir=\"ltr\" class=\"bbc-189y18v e57qer20\">\n<div data-e2e=\"image-placeholder\" class=\"bbc-997y1y e1whu0\"><noscript><img loading=\"lazy\" srcset=\"http:\/\/cordobadirecto.com\/wp-content\/uploads\/2021\/11\/olaf-scholz-como-es-el-gobierno-semaforo-que-sucedera-al-de-angela-merkel-en-alemania-y-cuales-son-sus-objetivos-25.jpg 240w, http:\/\/cordobadirecto.com\/wp-content\/uploads\/2021\/11\/olaf-scholz-como-es-el-gobierno-semaforo-que-sucedera-al-de-angela-merkel-en-alemania-y-cuales-son-sus-objetivos-26.jpg 320w, http:\/\/cordobadirecto.com\/wp-content\/uploads\/2021\/11\/olaf-scholz-como-es-el-gobierno-semaforo-que-sucedera-al-de-angela-merkel-en-alemania-y-cuales-son-sus-objetivos-27.jpg 464w\" alt=\"L\u00ednea\" src=\"http:\/\/cordobadirecto.com\/wp-content\/uploads\/2021\/11\/olaf-scholz-como-es-el-gobierno-semaforo-que-sucedera-al-de-angela-merkel-en-alemania-y-cuales-son-sus-objetivos-4.jpg\" sizes=\"(min-width: 1008px) 645px, 100vw\" width=\"464\" height=\"2\" class=\"eehpdyc0 bbc-100dhyn e1enwo3v0\"><\/noscript><\/div>\n<\/div>\n<\/div>\n<\/figure>\n<\/div>\n<div dir=\"ltr\" class=\"bbc-19j92fr e57qer20\" readability=\"8\">\n<p dir=\"ltr\" class=\"bbc-bm53ic e1cc2ql70\"><i class=\"bbc-h1y5j7 ewc4zcb0\">Ahora puedes recibir notificaciones de BBC News Mundo. Descarga nuestra app y act\u00edvalas para no perderte nuestro mejor contenido.<\/i><\/p>\n<\/div>\n","protected":false},"excerpt":{"rendered":"<p>Redacci\u00f3n BBC News Mundo 2 horas Fuente de la imagen, Reuters Pie de foto, Olaf Scholz ha sido vicecanciller de Merkel desde 2018 y ahora se dispone a tomar su relevo. Alemania ya conoce c\u00f3mo ser\u00e1 su nuevo gobierno. El socialdem\u00f3crata Olaf Scholz liderar\u00e1 el nuevo Ejecutivo alem\u00e1n, tras lograr un acuerdo con otros dos [&hellip;]<\/p>\n","protected":false},"author":1,"featured_media":29965,"comment_status":"closed","ping_status":"closed","sticky":false,"template":"","format":"standard","meta":[],"categories":[24],"tags":[],"_links":{"self":[{"href":"http:\/\/cordobadirecto.com\/index.php\/wp-json\/wp\/v2\/posts\/29964"}],"collection":[{"href":"http:\/\/cordobadirecto.com\/index.php\/wp-json\/wp\/v2\/posts"}],"about":[{"href":"http:\/\/cordobadirecto.com\/index.php\/wp-json\/wp\/v2\/types\/post"}],"author":[{"embeddable":true,"href":"http:\/\/cordobadirecto.com\/index.php\/wp-json\/wp\/v2\/users\/1"}],"replies":[{"embeddable":true,"href":"http:\/\/cordobadirecto.com\/index.php\/wp-json\/wp\/v2\/comments?post=29964"}],"version-history":[{"count":0,"href":"http:\/\/cordobadirecto.com\/index.php\/wp-json\/wp\/v2\/posts\/29964\/revisions"}],"wp:featuredmedia":[{"embeddable":true,"href":"http:\/\/cordobadirecto.com\/index.php\/wp-json\/wp\/v2\/media\/29965"}],"wp:attachment":[{"href":"http:\/\/cordobadirecto.com\/index.php\/wp-json\/wp\/v2\/media?parent=29964"}],"wp:term":[{"taxonomy":"category","embeddable":true,"href":"http:\/\/cordobadirecto.com\/index.php\/wp-json\/wp\/v2\/categories?post=29964"},{"taxonomy":"post_tag","embeddable":true,"href":"http:\/\/cordobadirecto.com\/index.php\/wp-json\/wp\/v2\/tags?post=29964"}],"curies":[{"name":"wp","href":"https:\/\/api.w.org\/{rel}","templated":true}]}}