{"id":30016,"date":"2021-11-25T08:08:35","date_gmt":"2021-11-25T08:08:35","guid":{"rendered":"http:\/\/cordobadirecto.com\/index.php\/2021\/11\/25\/un-sentimiento-nacional-que-copo-las-calles-y-pario-un-mito-eterno\/"},"modified":"2021-11-25T08:08:35","modified_gmt":"2021-11-25T08:08:35","slug":"un-sentimiento-nacional-que-copo-las-calles-y-pario-un-mito-eterno","status":"publish","type":"post","link":"http:\/\/cordobadirecto.com\/index.php\/2021\/11\/25\/un-sentimiento-nacional-que-copo-las-calles-y-pario-un-mito-eterno\/","title":{"rendered":"Un sentimiento nacional que cop\u00f3 las calles y pari\u00f3 un mito eterno"},"content":{"rendered":"<figure class=\"mb-3\"><img loading=\"lazy\" src=\"http:\/\/cordobadirecto.com\/wp-content\/uploads\/2021\/11\/un-sentimiento-nacional-que-copo-las-calles-y-pario-un-mito-eterno.jpg\" width=\"100%\" height=\"100%\" alt=\"El amor por Maradona ser eterno\"><figcaption> El amor por Maradona ser\u00e1 eterno. <\/figcaption><\/figure>\n<p>Una foto. Un abrazo. Un pa\u00eds futbolero que durante dos d\u00edas de conmovedora despedida regalaba esa imagen, con el abrazo de dos hombres -uno con la camiseta de Boca, el otro con la de River- a puro llanto, dejaba constancia de que Diego Armando Maradona entraba a la Historia como un actor social que excede al juego de la pelota.<\/p>\n<p>Todo eso y mucho m\u00e1s expres\u00f3 un pueblo que no durmi\u00f3 esa noche de mi\u00e9rcoles, el 25 de noviembre de 2020, para amanecer de tristeza, de silencio y de bronca contenida. Pero tambi\u00e9n con el renovado grito del mejor gol en la historia de la Copa del Mundo, seg\u00fan el veredicto del planeta f\u00fatbol.<\/p>\n<p>Un pueblo, en definitiva, que viaj\u00f3 hacia la Plaza de Mayo desafiando la pandemia en busca de retener en un abrazo imaginario al futbolista que se subi\u00f3 al podio mundial con las pilchas del h\u00e9roe nacional.<\/p>\n<p>En el reconocimiento generalizado para con el \u00eddolo que regal\u00f3 juego y talento -y nunca se guard\u00f3 nada sin darlo- con la camiseta del seleccionado argentino, se robustece entonces la idea de que el abrazo final ser\u00e1 no s\u00f3lo para un astro del f\u00fatbol, sino para un abanderado que levant\u00f3 una Copa Mundial en M\u00e9xico tras vencer todos los desaf\u00edos.<\/p>\n<p>Hubo largu\u00edsimas filas de cuadras y cuadras por la Avenida de Mayo para poder ingresar a la Casa Rosada, en donde un ritual de camisetas y gorritos de todos los clubes de todas las categor\u00edas del f\u00fatbol argentino -y de Sudam\u00e9rica y Europa- ratificaron un sentimiento que estaba en el aire: Maradona es de todos.<\/p>\n<p><strong>&#8220;Gracias, Diego&#8221;, <\/strong>se escuch\u00f3 reiteradamente esa ma\u00f1ana en que hasta los descre\u00eddos, los distantes y los que no sab\u00edan que lo quer\u00edan tanto, en realidad le estaban diciendo: No te vayas nunca.<\/p>\n<p>Y al salir de nuevo al sol de la Plaza en esa ma\u00f1ana de jueves, abrazos y m\u00e1s abrazos, como para consolar y consolarse.<\/p>\n<p>El anuncio de que las puertas de la calle Balcarce se cierran a las cuatro de la tarde s\u00ed o s\u00ed, altera el pulso de la multitud, a sabiendas de que los que est\u00e1n por la 9 de Julio no podr\u00e1n ingresar. El mal humor atraviesa entonces a una marea que necesita de lo simb\u00f3lico para plasmar el amor y el dolor que el &#8220;10&#8221; deja en esas almas hu\u00e9rfanas.<\/p>\n<p>Las redes sociales estallan con millones y millones de mensajes que cruzan el aire: <strong>desde Fiorito a N\u00e1poles; de La Boca a Barcelona; de La Paternal a Inglaterra; de Jap\u00f3n a M\u00e9xico; de Rosario a Cuba; de Dubai a La Plata. Apenas puntos en un mapa que Diego atraves\u00f3 con su accionar durante casi medio siglo.<\/strong><\/p>\n<p>Es el mundo que expresa asombro y desempolva recuerdos: todos tienen su Maradona guardado en una foto, en un video, en un gol, en un tatuaje. Los que lo vieron jugar y los que lo conocieron por la TV. Los que se asombraron en una cancha y los que se imaginan c\u00f3mo ser\u00eda eso desde una tribuna repleta y en estado de gracia.<\/p>\n<figure class=\"mb-3\"><img loading=\"lazy\" data-src=\"http:\/\/cordobadirecto.com\/wp-content\/uploads\/2021\/11\/un-sentimiento-nacional-que-copo-las-calles-y-pario-un-mito-eterno-1.jpg\" src=\"https:\/\/www.telam.com.ar\/assets\/img\/not_image.png\" class=\" lazy \" width=\"100%\" height=\"100%\" alt=\"La foto que recorri el mundo Maximiliano Luna\"><figcaption> La foto que recorri\u00f3 el mundo (Maximiliano Luna). <\/figcaption><\/figure>\n<p>En la rebeld\u00eda de sus peleas con el poder, y a\u00fan en sus contradicciones, desmesuras e inconductas, late el imaginario colectivo: hacer un gol como el de Diego a los ingleses; levantar la Copa del Mundo con la camiseta celeste y blanca; plantarse a lo Maradona -con verba filosa y frases memorables- ante el que cuadre en un mundo hostil con los de abajo.<\/p>\n<p>La familia no cede y el horario no se extender\u00e1. La multitud se quiere acercar a las puertas de la Casa de Gobierno ya sin la formalidad de fila alguna. Ceden las rejas, todo se encamina a un final ca\u00f3tico y la polic\u00eda de la CABA acelera los tiempos a su modo, con represi\u00f3n, para intentar disolver lo que est\u00e1 en las calles y en el aire: el pueblo quiere despedir a quien lo representa a la hora de la victoria y tambi\u00e9n de las batallas perdidas.<\/p>\n<p>Al caer la tarde, comienza el traslado del f\u00e9retro hacia Bella Vista, la morada final junto con sus padres, Don Diego (Chitoro) y la Tota. Pero nada concluye al fin: a la vera de la autopista y en las calles atascadas que obligan a la reducida comitiva llegar a paso de hombre al cementerio, la multitud no baja las banderas y deja marcada a fuego su presencia.<\/p>\n<p><strong>Como Gardel, como Evita, como Per\u00f3n, como Gatica y como Maradona: la despedida popular es la que tiene la llave de una galer\u00eda a la que ingresan para siempre los que llegan en andas del fervor<\/strong> -y tambi\u00e9n las l\u00e1grimas- de las mayor\u00edas.<\/p>\n<p>El p\u00fablico, el espectador, suele elegir a sus \u00eddolos deportivos y los mantiene en esos carriles por d\u00e9cadas.<\/p>\n<p>Pero cuando un pueblo eleva a un \u00eddolo a la categor\u00eda de emblema, el sue\u00f1o de gloria que rueda junto con la pelota y los libros de la academia se funden para plantar un \u00e1rbol de ramas frondosas que tiene alcance nacional. Eso expres\u00f3 este pueblo hace un a\u00f1o, y nada indica que lo vaya a olvidar. <\/p>\n","protected":false},"excerpt":{"rendered":"<p>El amor por Maradona ser\u00e1 eterno. Una foto. Un abrazo. Un pa\u00eds futbolero que durante dos d\u00edas de conmovedora despedida regalaba esa imagen, con el abrazo de dos hombres -uno con la camiseta de Boca, el otro con la de River- a puro llanto, dejaba constancia de que Diego Armando Maradona entraba a la Historia [&hellip;]<\/p>\n","protected":false},"author":1,"featured_media":30017,"comment_status":"closed","ping_status":"closed","sticky":false,"template":"","format":"standard","meta":[],"categories":[21],"tags":[],"_links":{"self":[{"href":"http:\/\/cordobadirecto.com\/index.php\/wp-json\/wp\/v2\/posts\/30016"}],"collection":[{"href":"http:\/\/cordobadirecto.com\/index.php\/wp-json\/wp\/v2\/posts"}],"about":[{"href":"http:\/\/cordobadirecto.com\/index.php\/wp-json\/wp\/v2\/types\/post"}],"author":[{"embeddable":true,"href":"http:\/\/cordobadirecto.com\/index.php\/wp-json\/wp\/v2\/users\/1"}],"replies":[{"embeddable":true,"href":"http:\/\/cordobadirecto.com\/index.php\/wp-json\/wp\/v2\/comments?post=30016"}],"version-history":[{"count":0,"href":"http:\/\/cordobadirecto.com\/index.php\/wp-json\/wp\/v2\/posts\/30016\/revisions"}],"wp:featuredmedia":[{"embeddable":true,"href":"http:\/\/cordobadirecto.com\/index.php\/wp-json\/wp\/v2\/media\/30017"}],"wp:attachment":[{"href":"http:\/\/cordobadirecto.com\/index.php\/wp-json\/wp\/v2\/media?parent=30016"}],"wp:term":[{"taxonomy":"category","embeddable":true,"href":"http:\/\/cordobadirecto.com\/index.php\/wp-json\/wp\/v2\/categories?post=30016"},{"taxonomy":"post_tag","embeddable":true,"href":"http:\/\/cordobadirecto.com\/index.php\/wp-json\/wp\/v2\/tags?post=30016"}],"curies":[{"name":"wp","href":"https:\/\/api.w.org\/{rel}","templated":true}]}}