{"id":30048,"date":"2021-11-25T08:09:07","date_gmt":"2021-11-25T08:09:07","guid":{"rendered":"http:\/\/cordobadirecto.com\/index.php\/2021\/11\/25\/presentaron-en-el-cck-la-fiesta-nacional-del-chamame\/"},"modified":"2021-11-25T08:09:07","modified_gmt":"2021-11-25T08:09:07","slug":"presentaron-en-el-cck-la-fiesta-nacional-del-chamame","status":"publish","type":"post","link":"http:\/\/cordobadirecto.com\/index.php\/2021\/11\/25\/presentaron-en-el-cck-la-fiesta-nacional-del-chamame\/","title":{"rendered":"Presentaron en el CCK la Fiesta Nacional del Chamam\u00e9"},"content":{"rendered":"<figure class=\"mb-3\"><img loading=\"lazy\" src=\"http:\/\/cordobadirecto.com\/wp-content\/uploads\/2021\/11\/presentaron-en-el-cck-la-fiesta-nacional-del-chamame.jpg\" width=\"100%\" height=\"100%\" alt=\"Foto Alejandro Santa Cruz\"><figcaption> Foto: Alejandro Santa Cruz. <\/figcaption><\/figure>\n<p>Ra\u00fal Barboza, Chango Spasiuk, Teresa Parodi, Rudi Flores, Soledad, Jairo, Mar\u00eda Ofelia, las Hermanas Vera, Imaguar\u00e9 e Hilda Lizarazu son algunos de los muchos m\u00fasicos que estar\u00e1n en la ciudad de Corrientes para festejar del 14 al 23 de enero pr\u00f3ximos la 31 Fiesta Nacional del Chamam\u00e9.<\/p>\n<p>El encuentro, que en 2022 celebrar\u00e1 la distinci\u00f3n de Patrimonio Cultural de la Humanidad que la Unesco concedi\u00f3 al chamam\u00e9 en diciembre de 2020, se present\u00f3 oficialmente hoy en La C\u00fapula del Centro Cultural Kirchner, con la presencia de m\u00fasicos, organizadores, funcionarios y el ministro de Cultura de la Naci\u00f3n, Trist\u00e1n Bauer.<\/p>\n<p>La presentaci\u00f3n de la 31 Fiesta Nacional y 17 del Mercosur, que se extender\u00e1 por 10 d\u00edas desde el auditorio al aire libre Tr\u00e1nsito Cocomarola, con capacidad para 15.000 personas en la ciudad de Corrientes, cont\u00f3 adem\u00e1s con un n\u00famero vivo a cargo de un quinteto de mujeres liderado por la bandoneonista Milagros Caliva, que ofreci\u00f3 un peque\u00f1o set musical, coronado por &#8220;Cosechero&#8221;, en la voz de Carolina Rojas.<\/p>\n<figure class=\"mb-3\"><img loading=\"lazy\" data-src=\"http:\/\/cordobadirecto.com\/wp-content\/uploads\/2021\/11\/presentaron-en-el-cck-la-fiesta-nacional-del-chamame-1.jpg\" src=\"https:\/\/www.telam.com.ar\/assets\/img\/not_image.png\" class=\" lazy \" width=\"100%\" height=\"100%\" alt=\"Foto Alejandro Santa Cruz\"><figcaption> Foto: Alejandro Santa Cruz. <\/figcaption><\/figure>\n<p>M\u00fasicos locales, de pa\u00edses vecinos como Brasil, Paraguay y Bolivia, una orquesta de c\u00e1mara holandesa, m\u00fasicos del pop y otros registros que llegar\u00e1n a Corrientes para interpretar un inhabitual repertorio chamamecero en ellos y figuras emblem\u00e1ticas del g\u00e9nero afincadas en el territorio animar\u00e1n las 10 noches de festejos, que se prolongar\u00e1n a lo largo del todo el d\u00eda con actividades y eventos y tendr\u00e1n epicentro en el Coco Marolla desde la ca\u00edda del sol hasta cerca de las tres de la ma\u00f1ana.<\/p>\n<p>La Fiesta se extender\u00e1 adem\u00e1s a pueblos y ciudades correntinos a trav\u00e9s de bailantes y reuniones que se realizar\u00e1n en simult\u00e1neo con el desarrollo de los eventos en el capitalino escenario principal de los festejos.<\/p>\n<p>Ofelia Leiva estar\u00e1 en la noche inaugural y la Sole ser\u00e1 la encargada del cierre, que se desarrollar\u00e1 el domingo 23 y en medio habr\u00e1 espacio para las expresiones m\u00e1s tradicionales y camperas, modulaciones de corte acad\u00e9mico, el baile y los ballets, relecturas y trazos m\u00e1s experimentales de la m\u00fasica del Litoral, uno de los tesoros del vasto e invaluable universo de la m\u00fasica popular argentina.<\/p>\n<figure class=\"mb-3\"><img loading=\"lazy\" data-src=\"http:\/\/cordobadirecto.com\/wp-content\/uploads\/2021\/11\/presentaron-en-el-cck-la-fiesta-nacional-del-chamame-2.jpg\" src=\"https:\/\/www.telam.com.ar\/assets\/img\/not_image.png\" class=\" lazy \" width=\"100%\" height=\"100%\" alt=\"Foto Alejandro Santa Cruz\"><figcaption> Foto: Alejandro Santa Cruz. <\/figcaption><\/figure>\n<p>De alcance musical, bailable, cultural e identitario, el chamam\u00e9 volver\u00e1 a la presencialidad en 2022 luego de un a\u00f1o de festejos virtuales, producto de las obligaciones que impuso la pandemia.<\/p>\n<p>&#8220;La presencialidad tiene que ver con lo nuestro, el chamam\u00e9 es abrazo&#8221;, asegur\u00f3 en la presentaci\u00f3n el director de la Fiesta, Eduardo S\u00edvori, para celebrar la vuelta a la presencialidad y el encuentro de los cuerpos.<\/p>\n<p>Mientras que el ministro de Cultura de la Naci\u00f3n, destac\u00f3 que &#8220;gracias a la campa\u00f1a de vacunaci\u00f3n tenemos hoy un horizonte de reconstrucci\u00f3n y renacimiento en el que la cultura en su diversidad tiene centralidad&#8221;.<\/p>\n<p>Bauer remarc\u00f3 &#8220;la maravilla del chamam\u00e9, una m\u00fasica que naci\u00f3 en nuestra patria y es patrimonio universal de la Humanidad&#8221;, distinci\u00f3n que comparte con el tango y el fileteado porte\u00f1o.<\/p>\n<p>El presidente del Instituto de Cultura de Corrientes, Gabriel Romero, destac\u00f3, por su parte que se trata de &#8220;una fiesta que representa una regi\u00f3n. El chamam\u00e9 es m\u00e1s que m\u00fasica y baile, es una cultura que hermana&#8221;, destac\u00f3.<\/p>\n<figure class=\"mb-3\"><img loading=\"lazy\" data-src=\"http:\/\/cordobadirecto.com\/wp-content\/uploads\/2021\/11\/presentaron-en-el-cck-la-fiesta-nacional-del-chamame-3.jpg\" src=\"https:\/\/www.telam.com.ar\/assets\/img\/not_image.png\" class=\" lazy \" width=\"100%\" height=\"100%\" alt=\"Foto Alejandro Santa Cruz\"><figcaption> Foto: Alejandro Santa Cruz. <\/figcaption><\/figure>\n<p>MIentras que el senador y vicegobernador electo de Corrientes, Pedro Braillard Poccard asegur\u00f3: &#8220;El chamam\u00e9 es lo que tenemos y lo que ofrecemos al pa\u00eds y al mundo y todo se lo debemos a nuestros artistas&#8221;.<\/p>\n<p>Al comienzo de las presentaciones, la secretaria de Desarrollo Cultural del Ministerio de Cultura de la Naci\u00f3n, Lucrecia Cardoso, puso en evidencia la capacidad del chamam\u00e9, al que calific\u00f3 como &#8220;una industrioa culetral de potencia enorme con capacidad `para internacionalizarse y llegar a distintas partes del mundo&#8221;. <\/p>\n","protected":false},"excerpt":{"rendered":"<p>Foto: Alejandro Santa Cruz. Ra\u00fal Barboza, Chango Spasiuk, Teresa Parodi, Rudi Flores, Soledad, Jairo, Mar\u00eda Ofelia, las Hermanas Vera, Imaguar\u00e9 e Hilda Lizarazu son algunos de los muchos m\u00fasicos que estar\u00e1n en la ciudad de Corrientes para festejar del 14 al 23 de enero pr\u00f3ximos la 31 Fiesta Nacional del Chamam\u00e9. El encuentro, que en [&hellip;]<\/p>\n","protected":false},"author":1,"featured_media":30049,"comment_status":"closed","ping_status":"closed","sticky":false,"template":"","format":"standard","meta":[],"categories":[20],"tags":[],"_links":{"self":[{"href":"http:\/\/cordobadirecto.com\/index.php\/wp-json\/wp\/v2\/posts\/30048"}],"collection":[{"href":"http:\/\/cordobadirecto.com\/index.php\/wp-json\/wp\/v2\/posts"}],"about":[{"href":"http:\/\/cordobadirecto.com\/index.php\/wp-json\/wp\/v2\/types\/post"}],"author":[{"embeddable":true,"href":"http:\/\/cordobadirecto.com\/index.php\/wp-json\/wp\/v2\/users\/1"}],"replies":[{"embeddable":true,"href":"http:\/\/cordobadirecto.com\/index.php\/wp-json\/wp\/v2\/comments?post=30048"}],"version-history":[{"count":0,"href":"http:\/\/cordobadirecto.com\/index.php\/wp-json\/wp\/v2\/posts\/30048\/revisions"}],"wp:featuredmedia":[{"embeddable":true,"href":"http:\/\/cordobadirecto.com\/index.php\/wp-json\/wp\/v2\/media\/30049"}],"wp:attachment":[{"href":"http:\/\/cordobadirecto.com\/index.php\/wp-json\/wp\/v2\/media?parent=30048"}],"wp:term":[{"taxonomy":"category","embeddable":true,"href":"http:\/\/cordobadirecto.com\/index.php\/wp-json\/wp\/v2\/categories?post=30048"},{"taxonomy":"post_tag","embeddable":true,"href":"http:\/\/cordobadirecto.com\/index.php\/wp-json\/wp\/v2\/tags?post=30048"}],"curies":[{"name":"wp","href":"https:\/\/api.w.org\/{rel}","templated":true}]}}