{"id":30252,"date":"2021-11-26T22:11:00","date_gmt":"2021-11-26T22:11:00","guid":{"rendered":"http:\/\/cordobadirecto.com\/index.php\/2021\/11\/26\/paises-bajos-endurecio-las-restricciones-por-el-aumento-de-casos\/"},"modified":"2021-11-26T22:11:00","modified_gmt":"2021-11-26T22:11:00","slug":"paises-bajos-endurecio-las-restricciones-por-el-aumento-de-casos","status":"publish","type":"post","link":"http:\/\/cordobadirecto.com\/index.php\/2021\/11\/26\/paises-bajos-endurecio-las-restricciones-por-el-aumento-de-casos\/","title":{"rendered":"Pa\u00edses bajos endureci\u00f3 las restricciones por el aumento de casos"},"content":{"rendered":"<figure class=\"mb-3\"><img loading=\"lazy\" src=\"http:\/\/cordobadirecto.com\/wp-content\/uploads\/2021\/11\/paises-bajos-endurecio-las-restricciones-por-el-aumento-de-casos.jpg\" width=\"100%\" height=\"100%\" alt=\"El primer ministro de Pases Bajos Mark Rutt anunci un refuerzo de restricciones sanitarias para aliviar otro rebrote de coronavirus\"><figcaption> El primer ministro de Pa\u00edses Bajos, Mark Rutt, anunci\u00f3 un refuerzo de restricciones sanitarias para aliviar otro rebrote de coronavirus, <\/figcaption><\/figure>\n<p>El primer ministro de Pa\u00edses Bajos, Mark Rutt, anunci\u00f3 este viernes un refuerzo de restricciones sanitarias para aliviar otro rebrote de coronavirus, mediante el cierre de bares, restaurantes y comercios considerados &#8220;no esenciales&#8221; desde la media tarde, a partir del 28 de noviembre, lo que agrav\u00f3 tensiones y renov\u00f3 protestas.<\/p>\n<p><strong>&#8220;En principio, todo estar\u00e1 cerrado entre las 17 y las 5&#8221;, excepto &#8220;las tiendas consideradas esenciales&#8221;<\/strong>, precis\u00f3 el funcionario en una rueda de prensa en La Haya, donde se concentraron decenas de manifestantes para protestar contra la medida.<\/p>\n<p>Las personas reunidas frente a los ministerios de la Haya durante la rueda de prensa de Rutte llevaban meg\u00e1fonos y silbatos, constat\u00f3 un periodista de la agencia de noticias AFP.<\/p>\n<p>Varios furgones de<strong> la polic\u00eda vigilaban el lugar, ante el temor de que se produjeran nuevos disturbios, tras varios d\u00edas de tensiones en todo el pa\u00eds.<\/strong><\/p>\n<p><strong>Las escuelas seguir\u00e1n abiertas<\/strong> pese a que el fuerte aumento de infecciones afecta a los ni\u00f1os.<\/p>\n<p><strong>Las medidas tendr\u00e1n una vigencia inicial de tres semanas<\/strong>, aunque Rutte advirti\u00f3 que &#8220;no puede garantizar que el virus desaparecer\u00e1 en tres semanas&#8221;, cuando se tomar\u00e1 una decisi\u00f3n sobre si alargar o endurecer las restricciones.<\/p>\n<p><strong>&#8220;Los contagios son altos, m\u00e1s altos, m\u00e1s altos cada d\u00eda<\/strong>&#8220;, lament\u00f3 Rutte, quien alert\u00f3 sobre una <strong>cada vez m\u00e1s limitada capacidad de camas de terapia intensiva, con apenas siete por cada 100.000 habitantes.<\/strong><\/p>\n<p>&#8220;La gran diferencia con el a\u00f1o pasado es que la mayor\u00eda de nosotros estamos completamente vacunados. Pero la segunda diferencia es menos positiva. En verano pens\u00e1bamos que tendr\u00edamos una vacunaci\u00f3n a gran escala y eso finalmente no ha sucedido&#8221;, expuso el ministro, citado por la agencia de noticias Europa Press.<\/p>\n<p><strong>Pa\u00edses Bajos tiene actualmente una tasa de vacunaci\u00f3n del 85%, <\/strong>aunque respecto de las dosis de refuerzo est\u00e1 rezagado en comparaci\u00f3n con otros pa\u00edses, como Alemania o Austria.<\/p>\n<p>En este contexto, la saliente Administraci\u00f3n de Rutte t<strong>ambi\u00e9n insisti\u00f3 en la importancia de teletrabajar<\/strong>, y en caso de no ser posible, mantener la regla de distanciamiento f\u00edsico de 1,5 metros.<\/p>\n<p>Adem\u00e1s,<strong> a partir del domingo una persona solo podr\u00e1 recibir un m\u00e1ximo de cuatro personas en su casa.<\/strong><\/p>\n<p>&#8220;Tenemos que reducir la cantidad de actividades y movimientos en un 20% para bajar la cantidad de infecciones&#8221;, ampli\u00f3.<\/p>\n<p><strong>&#8220;Hoy, 340 personas han sido hospitalizadas y ahora hay 2.600 casos activo<\/strong>s. Escuchamos estos n\u00fameros a menudo y es posible que nos hayamos vuelto inmunes a ellos&#8221;, refiri\u00f3 el ministro de Salud, Hugo de Jonge.<\/p>\n<p>Las autoridades registraron este viernes 21.350 nuevos contagios, algo menos que la media de 22.258 casos constatada en los \u00faltimos siete d\u00edas.<\/p>\n<p>&#8220;Menos de la mitad de las personas con s\u00edntomas se hacen test, lo que muestra que el mensaje no est\u00e1 calando lo suficientemente y asumo la culpa&#8221;, apunt\u00f3 Rutte.<\/p>\n<p><strong>Pa\u00edses Bajos suma 2.530.000 casos y 19.159 muertes desde el inicio de la pandemia,<\/strong> seg\u00fan los \u00faltimos datos oficiales. <\/p>\n","protected":false},"excerpt":{"rendered":"<p>El primer ministro de Pa\u00edses Bajos, Mark Rutt, anunci\u00f3 un refuerzo de restricciones sanitarias para aliviar otro rebrote de coronavirus, El primer ministro de Pa\u00edses Bajos, Mark Rutt, anunci\u00f3 este viernes un refuerzo de restricciones sanitarias para aliviar otro rebrote de coronavirus, mediante el cierre de bares, restaurantes y comercios considerados &#8220;no esenciales&#8221; desde la [&hellip;]<\/p>\n","protected":false},"author":1,"featured_media":30253,"comment_status":"closed","ping_status":"closed","sticky":false,"template":"","format":"standard","meta":[],"categories":[24],"tags":[],"_links":{"self":[{"href":"http:\/\/cordobadirecto.com\/index.php\/wp-json\/wp\/v2\/posts\/30252"}],"collection":[{"href":"http:\/\/cordobadirecto.com\/index.php\/wp-json\/wp\/v2\/posts"}],"about":[{"href":"http:\/\/cordobadirecto.com\/index.php\/wp-json\/wp\/v2\/types\/post"}],"author":[{"embeddable":true,"href":"http:\/\/cordobadirecto.com\/index.php\/wp-json\/wp\/v2\/users\/1"}],"replies":[{"embeddable":true,"href":"http:\/\/cordobadirecto.com\/index.php\/wp-json\/wp\/v2\/comments?post=30252"}],"version-history":[{"count":0,"href":"http:\/\/cordobadirecto.com\/index.php\/wp-json\/wp\/v2\/posts\/30252\/revisions"}],"wp:featuredmedia":[{"embeddable":true,"href":"http:\/\/cordobadirecto.com\/index.php\/wp-json\/wp\/v2\/media\/30253"}],"wp:attachment":[{"href":"http:\/\/cordobadirecto.com\/index.php\/wp-json\/wp\/v2\/media?parent=30252"}],"wp:term":[{"taxonomy":"category","embeddable":true,"href":"http:\/\/cordobadirecto.com\/index.php\/wp-json\/wp\/v2\/categories?post=30252"},{"taxonomy":"post_tag","embeddable":true,"href":"http:\/\/cordobadirecto.com\/index.php\/wp-json\/wp\/v2\/tags?post=30252"}],"curies":[{"name":"wp","href":"https:\/\/api.w.org\/{rel}","templated":true}]}}