{"id":30333,"date":"2021-11-27T08:27:41","date_gmt":"2021-11-27T08:27:41","guid":{"rendered":"http:\/\/cordobadirecto.com\/index.php\/2021\/11\/27\/maxi-rodriguez-anuncio-su-retiro-del-futbol\/"},"modified":"2021-11-27T08:27:41","modified_gmt":"2021-11-27T08:27:41","slug":"maxi-rodriguez-anuncio-su-retiro-del-futbol","status":"publish","type":"post","link":"http:\/\/cordobadirecto.com\/index.php\/2021\/11\/27\/maxi-rodriguez-anuncio-su-retiro-del-futbol\/","title":{"rendered":"Maxi Rodr\u00edguez anunci\u00f3 su retiro del f\u00fatbol"},"content":{"rendered":"<figure class=\"mb-3\"><img loading=\"lazy\" src=\"http:\/\/cordobadirecto.com\/wp-content\/uploads\/2021\/11\/maxi-rodriguez-anuncio-su-retiro-del-futbol.jpg\" width=\"100%\" height=\"100%\" alt=\"Maximiliano Rodrguez Foto archivo\"><figcaption> Maximiliano Rodr\u00edguez. Foto: archivo. <\/figcaption><\/figure>\n<p>El mediocampista de Newell&#8217;s Old Boys Maximiliano Rodr\u00edguez anunci\u00f3 el final de su carrera profesional, que lo llev\u00f3 por distintos clubes y hasta el seleccionado argentino, a trav\u00e9s de un emocionante video difundido desde sus redes sociales.<\/p>\n<p>&#8220;Tengo algo para contarles&#8221;, escribi\u00f3 Maxi en sus cuentas de las redes sociales, y con la voz quebrada por la emoci\u00f3n expuso su decisi\u00f3n de retirarse y repas\u00f3 con im\u00e1genes su larga trayectoria.<\/p>\n<p><strong>&#8220;Lleg\u00f3 el momento que nunca pens\u00e9 que iba a llegar, o el que los jugadores de f\u00fatbol queremos que nunca llegue: la de retirarme del f\u00fatbol. Es una decisi\u00f3n dif\u00edcil pero estoy tranquilo&#8221;<\/strong>, dijo.<\/p>\n<blockquote class=\"instagram-media\" data-instgrm-captioned data-instgrm-permalink=\"https:\/\/www.instagram.com\/tv\/CWwSiuwlRxE\/?utm_source=ig_embed&amp;utm_campaign=loading\" data-instgrm-version=\"14\" readability=\"0\"><\/blockquote>\n<p>&#8220;Fueron muchos a\u00f1os de carrera y me brind\u00e9 al m\u00e1ximo. Me vaci\u00e9 por completo y ya no tengo nada m\u00e1s para dar&#8221;, a\u00f1adi\u00f3.<\/p>\n<p>Maxi dijo tambi\u00e9n: &#8220;Me vienen muchas cosas a la cabeza, desde aquellos primeros pasos en el &#8216;baby&#8217; que me llevaba mi abuelo hasta el esfuerzo de mi vieja para acompa\u00f1arme a jugar&#8221;.<\/p>\n<p>&#8220;Cumpl\u00ed el sue\u00f1o de jugar en la Primera de Newell&#8217;s y despu\u00e9s tuve el apoyo de mi esposa para ir a Europa, siempre d\u00e1ndome su apoyo para que yo nunca bajara los brazos&#8221;, record\u00f3.<\/p>\n<p>El ahora exjugador a<strong>gradeci\u00f3 a todos clubes por los que pas\u00f3 (Espanyol de Barcelona, Atl\u00e9tico de Madrid, Liverpool, Newell&#8217;s y Pe\u00f1arol de Montevideo); &#8220;a todos los entrenadores&#8221; que tuvo y se emocion\u00f3 especialmente al recordar su paso por la selecci\u00f3n<\/strong>.<\/p>\n<p>&#8220;Es una camiseta que amo con locura y tuve el orgullo que mis hijas me vieran vestirla&#8221;, se\u00f1al\u00f3.<\/p>\n<p>Finalmente, <strong>manifest\u00f3 su deseo de que lo recuerden como &#8220;un gran compa\u00f1ero y una gran persona&#8221;; y explic\u00f3 que eligi\u00f3 despedirse &#8220;as\u00ed, natural, aunque sea dif\u00edcil hablar ahora&#8221;<\/strong>.<\/p>\n<p><strong>Maxi, de 40 a\u00f1os de edad, debut\u00f3 en Newell&#8217;s en 1999 y ahora se retira en el club rosarino<\/strong>. Para los hinchas en general es inolvidable el gol que le hizo jugando para la Selecci\u00f3n a M\u00e9xico en octavos de final del Mundial Alemania 2006, y que represent\u00f3 el triunfo 2-1 en el alargue y la clasificaci\u00f3n a los octavos.<\/p>\n<blockquote class=\"twitter-tweet\" readability=\"3.734693877551\">\n<p lang=\"en\" dir=\"ltr\">\ud83c\udde6\ud83c\uddf7\ud83d\udca5\ud83d\ude2e<\/p>\n<p>\ud83d\udd19 <a href=\"https:\/\/twitter.com\/hashtag\/TBT?src=hash&amp;ref_src=twsrc%5Etfw\">#TBT<\/a> to this moment of Maxi Rodriguez magic at Germany 2006 \ud83e\ude84<a href=\"https:\/\/twitter.com\/hashtag\/WorldCup?src=hash&amp;ref_src=twsrc%5Etfw\">#WorldCup<\/a> | <a href=\"https:\/\/twitter.com\/MR11ok?ref_src=twsrc%5Etfw\">@MR11ok<\/a> | <a href=\"https:\/\/twitter.com\/Argentina?ref_src=twsrc%5Etfw\">@Argentina<\/a><a href=\"https:\/\/t.co\/JxFkEEnSfk\">pic.twitter.com\/JxFkEEnSfk<\/a><\/p>\n<p>\u2014 FIFA World Cup (@FIFAWorldCup) <a href=\"https:\/\/twitter.com\/FIFAWorldCup\/status\/1306597525877600256?ref_src=twsrc%5Etfw\">September 17, 2020<\/a><\/p><\/blockquote>\n","protected":false},"excerpt":{"rendered":"<p>Maximiliano Rodr\u00edguez. Foto: archivo. El mediocampista de Newell&#8217;s Old Boys Maximiliano Rodr\u00edguez anunci\u00f3 el final de su carrera profesional, que lo llev\u00f3 por distintos clubes y hasta el seleccionado argentino, a trav\u00e9s de un emocionante video difundido desde sus redes sociales. &#8220;Tengo algo para contarles&#8221;, escribi\u00f3 Maxi en sus cuentas de las redes sociales, y [&hellip;]<\/p>\n","protected":false},"author":1,"featured_media":30334,"comment_status":"closed","ping_status":"closed","sticky":false,"template":"","format":"standard","meta":[],"categories":[21],"tags":[],"_links":{"self":[{"href":"http:\/\/cordobadirecto.com\/index.php\/wp-json\/wp\/v2\/posts\/30333"}],"collection":[{"href":"http:\/\/cordobadirecto.com\/index.php\/wp-json\/wp\/v2\/posts"}],"about":[{"href":"http:\/\/cordobadirecto.com\/index.php\/wp-json\/wp\/v2\/types\/post"}],"author":[{"embeddable":true,"href":"http:\/\/cordobadirecto.com\/index.php\/wp-json\/wp\/v2\/users\/1"}],"replies":[{"embeddable":true,"href":"http:\/\/cordobadirecto.com\/index.php\/wp-json\/wp\/v2\/comments?post=30333"}],"version-history":[{"count":0,"href":"http:\/\/cordobadirecto.com\/index.php\/wp-json\/wp\/v2\/posts\/30333\/revisions"}],"wp:featuredmedia":[{"embeddable":true,"href":"http:\/\/cordobadirecto.com\/index.php\/wp-json\/wp\/v2\/media\/30334"}],"wp:attachment":[{"href":"http:\/\/cordobadirecto.com\/index.php\/wp-json\/wp\/v2\/media?parent=30333"}],"wp:term":[{"taxonomy":"category","embeddable":true,"href":"http:\/\/cordobadirecto.com\/index.php\/wp-json\/wp\/v2\/categories?post=30333"},{"taxonomy":"post_tag","embeddable":true,"href":"http:\/\/cordobadirecto.com\/index.php\/wp-json\/wp\/v2\/tags?post=30333"}],"curies":[{"name":"wp","href":"https:\/\/api.w.org\/{rel}","templated":true}]}}