{"id":30367,"date":"2021-11-27T08:28:13","date_gmt":"2021-11-27T08:28:13","guid":{"rendered":"http:\/\/cordobadirecto.com\/index.php\/2021\/11\/27\/misa-criolla-y-la-navidad-nuestra-homenaje-a-ariel-ramirez-en-el-teatro-colon\/"},"modified":"2021-11-27T08:28:13","modified_gmt":"2021-11-27T08:28:13","slug":"misa-criolla-y-la-navidad-nuestra-homenaje-a-ariel-ramirez-en-el-teatro-colon","status":"publish","type":"post","link":"http:\/\/cordobadirecto.com\/index.php\/2021\/11\/27\/misa-criolla-y-la-navidad-nuestra-homenaje-a-ariel-ramirez-en-el-teatro-colon\/","title":{"rendered":"&#8220;Misa Criolla&#8221; y &#8220;La Navidad Nuestra&#8221;, homenaje a Ariel Ram\u00edrez en el Teatro Col\u00f3n"},"content":{"rendered":"<figure class=\"mb-3\"><img loading=\"lazy\" src=\"http:\/\/cordobadirecto.com\/wp-content\/uploads\/2021\/11\/misa-criolla-y-la-navidad-nuestra-homenaje-a-ariel-ramirez-en-el-teatro-colon.jpg\" width=\"100%\" height=\"100%\" alt=\"Abel Pintos\"><figcaption> Abel Pintos. <\/figcaption><\/figure>\n<p>El Chango Spasiuk y Abel Pintos ser\u00e1n parte del concierto con el que se celebrar\u00e1 el 22 de diciembre pr\u00f3ximo el centenario del nacimiento de Ariel Ram\u00edrez, con la interpretaci\u00f3n en el Teatro Col\u00f3n de la &#8220;Misa Criolla&#8221; y &#8220;La Navidad Nuestra&#8221;, dos de sus obras emblem\u00e1ticas, y la presencia de Facundo Ram\u00edrez, hijo del m\u00fasico homenajeado.<\/p>\n<figure class=\"mb-3\"><img loading=\"lazy\" src=\"http:\/\/cordobadirecto.com\/wp-content\/uploads\/2021\/11\/misa-criolla-y-la-navidad-nuestra-homenaje-a-ariel-ramirez-en-el-teatro-colon-1.jpg\" width=\"100%\" height=\"100%\" alt=\"Abel Pintos\"><figcaption> Abel Pintos. <\/figcaption><\/figure>\n<p>Facundo Ram\u00edrez estar\u00e1 a cargo del piano y la direcci\u00f3n, junto a m\u00fasicos que trabajaron con su padre, la voz solista de Abel Pintos y el acorde\u00f3n de Chango Spasiuk, adem\u00e1s de la participaci\u00f3n del Coro Estable y el Coro de Ni\u00f1os del Teatro Col\u00f3n.<\/p>\n<figure class=\"mb-3\"><img loading=\"lazy\" src=\"http:\/\/cordobadirecto.com\/wp-content\/uploads\/2021\/11\/misa-criolla-y-la-navidad-nuestra-homenaje-a-ariel-ramirez-en-el-teatro-colon-2.jpg\" width=\"100%\" height=\"100%\" alt=\"El Chango Spasiuk\"><figcaption> El Chango Spasiuk. <\/figcaption><\/figure>\n<p>El concierto homenaje al gran pianista que compusiera, entre otros, memorables trabajos como &#8220;Cantata Sudamericana&#8221; y &#8220;Mujeres argentinas&#8221;, se desarrollar\u00e1 el mi\u00e9rcoles 22 de diciembre a las 20. <\/p>\n","protected":false},"excerpt":{"rendered":"<p>Abel Pintos. El Chango Spasiuk y Abel Pintos ser\u00e1n parte del concierto con el que se celebrar\u00e1 el 22 de diciembre pr\u00f3ximo el centenario del nacimiento de Ariel Ram\u00edrez, con la interpretaci\u00f3n en el Teatro Col\u00f3n de la &#8220;Misa Criolla&#8221; y &#8220;La Navidad Nuestra&#8221;, dos de sus obras emblem\u00e1ticas, y la presencia de Facundo Ram\u00edrez, [&hellip;]<\/p>\n","protected":false},"author":1,"featured_media":30368,"comment_status":"closed","ping_status":"closed","sticky":false,"template":"","format":"standard","meta":[],"categories":[20],"tags":[],"_links":{"self":[{"href":"http:\/\/cordobadirecto.com\/index.php\/wp-json\/wp\/v2\/posts\/30367"}],"collection":[{"href":"http:\/\/cordobadirecto.com\/index.php\/wp-json\/wp\/v2\/posts"}],"about":[{"href":"http:\/\/cordobadirecto.com\/index.php\/wp-json\/wp\/v2\/types\/post"}],"author":[{"embeddable":true,"href":"http:\/\/cordobadirecto.com\/index.php\/wp-json\/wp\/v2\/users\/1"}],"replies":[{"embeddable":true,"href":"http:\/\/cordobadirecto.com\/index.php\/wp-json\/wp\/v2\/comments?post=30367"}],"version-history":[{"count":0,"href":"http:\/\/cordobadirecto.com\/index.php\/wp-json\/wp\/v2\/posts\/30367\/revisions"}],"wp:featuredmedia":[{"embeddable":true,"href":"http:\/\/cordobadirecto.com\/index.php\/wp-json\/wp\/v2\/media\/30368"}],"wp:attachment":[{"href":"http:\/\/cordobadirecto.com\/index.php\/wp-json\/wp\/v2\/media?parent=30367"}],"wp:term":[{"taxonomy":"category","embeddable":true,"href":"http:\/\/cordobadirecto.com\/index.php\/wp-json\/wp\/v2\/categories?post=30367"},{"taxonomy":"post_tag","embeddable":true,"href":"http:\/\/cordobadirecto.com\/index.php\/wp-json\/wp\/v2\/tags?post=30367"}],"curies":[{"name":"wp","href":"https:\/\/api.w.org\/{rel}","templated":true}]}}