{"id":30422,"date":"2021-11-27T12:36:07","date_gmt":"2021-11-27T12:36:07","guid":{"rendered":"https:\/\/puntoapunto.com.ar\/?p=319332"},"modified":"2021-11-27T12:36:07","modified_gmt":"2021-11-27T12:36:07","slug":"inauguraron-el-parque-solar-oncativo-abastecera-de-energia-a-56-familias","status":"publish","type":"post","link":"http:\/\/cordobadirecto.com\/index.php\/2021\/11\/27\/inauguraron-el-parque-solar-oncativo-abastecera-de-energia-a-56-familias\/","title":{"rendered":"Inauguraron el Parque Solar Oncativo: abastecer\u00e1 de energ\u00eda a 56 familias"},"content":{"rendered":"<p>Se inaugur\u00f3 el <strong>Parque Solar Comunitario Oncativo, el cual prev\u00e9 generar\u00e1 la energ\u00eda suficiente para abastecer los hogares de 56 familias.<\/strong>&nbsp;El proyecto fue producto del trabajo triangulado por la firma <strong>HINS<\/strong>, encarga del desarrollo de energ\u00edas renovables&nbsp;la<strong> Cooperativa El\u00e9ctrica de Servicios y Obras P\u00fablicas de Oncativo (CESOPOL).<\/strong><\/p>\n<p>El Parque fue construido sobre la recuperaci\u00f3n de un terreno que funcionaba como basural y busca <strong>posicionarse como una&nbsp; soluci\u00f3n energ\u00e9tica.<\/strong> All\u00ed <strong>se instalaron 168 m\u00f3dulos fotovoltaicos, alcanzando una potencia total de 76,44 kWp <\/strong><strong>y 60 kW de Potencia AC<\/strong>. Esto generar\u00e1 la energ\u00eda suficiente para<strong> abastecer los hogares de 56 familias y adem\u00e1s reducir\u00e1 1.333 toneladas de emisiones de CO2e<\/strong>, valorizando las mismas para beneficio de los usuarios copropietarios, ya que el proyecto es parte de un programa llevado adelante por HINS.<\/p>\n<div class=\"jeg_ad jeg_ad_article jnews_content_inline_ads \">\n<div class=\"ads-wrapper align-center \">\n<div class=\"ads_shortcode\">\n<div class=\"a-single a-377\"><a class=\"gofollow\" data-track=\"Mzc3LDAsMSw2MA==\" href=\"https:\/\/www.osde.com.ar\/novedades\/en-osde-contas-con-la-cartilla-mas-amplia-del-pais-22867.html\" target=\"_blank\" rel=\"noopener\"><img src=\"http:\/\/cordobadirecto.com\/wp-content\/uploads\/2021\/11\/inauguraron-el-parque-solar-oncativo-abastecera-de-energia-a-56-familias.gif\"><\/a><\/div>\n<\/div>\n<\/div>\n<\/div>\n<p>El proyecto se concret\u00f3 a trav\u00e9s de la ejecuci\u00f3n de una experiencia piloto en el marco de la nueva normativa implementada en la provincia de C\u00f3rdoba para la Generaci\u00f3n Distribuida Comunitaria, y tiene como objetivo <strong>generar energ\u00eda a trav\u00e9s de la irradiaci\u00f3n solar para luego inyectarla a la red el\u00e9ctrica y lograr un beneficio ecol\u00f3gico y econ\u00f3mico para sus propietarios.<\/strong><\/p>\n<p><img loading=\"lazy\" class=\"alignnone wp-image-319334 \" src=\"http:\/\/cordobadirecto.com\/wp-content\/uploads\/2021\/11\/inauguraron-el-parque-solar-oncativo-abastecera-de-energia-a-56-familias.jpg\" alt width=\"779\" height=\"584\" srcset=\"http:\/\/cordobadirecto.com\/wp-content\/uploads\/2021\/11\/inauguraron-el-parque-solar-oncativo-abastecera-de-energia-a-56-familias.jpg 300w, http:\/\/cordobadirecto.com\/wp-content\/uploads\/2021\/11\/inauguraron-el-parque-solar-oncativo-abastecera-de-energia-a-56-familias-1.jpg 1024w, http:\/\/cordobadirecto.com\/wp-content\/uploads\/2021\/11\/inauguraron-el-parque-solar-oncativo-abastecera-de-energia-a-56-familias-2.jpg 768w, http:\/\/cordobadirecto.com\/wp-content\/uploads\/2021\/11\/inauguraron-el-parque-solar-oncativo-abastecera-de-energia-a-56-familias-3.jpg 1536w, http:\/\/cordobadirecto.com\/wp-content\/uploads\/2021\/11\/inauguraron-el-parque-solar-oncativo-abastecera-de-energia-a-56-familias-4.jpg 2048w, http:\/\/cordobadirecto.com\/wp-content\/uploads\/2021\/11\/inauguraron-el-parque-solar-oncativo-abastecera-de-energia-a-56-familias-5.jpg 750w, http:\/\/cordobadirecto.com\/wp-content\/uploads\/2021\/11\/inauguraron-el-parque-solar-oncativo-abastecera-de-energia-a-56-familias-6.jpg 1140w\" sizes=\"(max-width: 779px) 100vw, 779px\"><\/p>\n<p>Este parque ser\u00e1 administrado por la cooperativa y los usuarios de la instituci\u00f3n podr\u00e1n ser copropietarios de este proyecto, recibiendo un <strong>cr\u00e9dito a favor en su factura gracias a la distribuci\u00f3n de la energ\u00eda generada.<\/strong><\/p>\n<p>Esta obra constituye la primera etapa de un proyecto que busca ampliar su potencia en una segunda etapa. A partir de esto, y a trav\u00e9s de los beneficios de escala, se podr\u00e1 <strong>generar energ\u00eda renovable m\u00e1s asequible para otros usuarios.<\/strong><\/p>\n","protected":false},"excerpt":{"rendered":"<p>Se inaugur\u00f3 el Parque Solar Comunitario Oncativo, el cual prev\u00e9 generar\u00e1 la energ\u00eda suficiente para abastecer los hogares de 56 familias.&nbsp;El proyecto fue producto del trabajo triangulado por la firma HINS, encarga del desarrollo de energ\u00edas renovables&nbsp;la Cooperativa El\u00e9ctrica de Servicios y Obras P\u00fablicas de Oncativo (CESOPOL). El Parque fue construido sobre la recuperaci\u00f3n de [&hellip;]<\/p>\n","protected":false},"author":1,"featured_media":30423,"comment_status":"closed","ping_status":"closed","sticky":false,"template":"","format":"standard","meta":[],"categories":[25],"tags":[],"_links":{"self":[{"href":"http:\/\/cordobadirecto.com\/index.php\/wp-json\/wp\/v2\/posts\/30422"}],"collection":[{"href":"http:\/\/cordobadirecto.com\/index.php\/wp-json\/wp\/v2\/posts"}],"about":[{"href":"http:\/\/cordobadirecto.com\/index.php\/wp-json\/wp\/v2\/types\/post"}],"author":[{"embeddable":true,"href":"http:\/\/cordobadirecto.com\/index.php\/wp-json\/wp\/v2\/users\/1"}],"replies":[{"embeddable":true,"href":"http:\/\/cordobadirecto.com\/index.php\/wp-json\/wp\/v2\/comments?post=30422"}],"version-history":[{"count":0,"href":"http:\/\/cordobadirecto.com\/index.php\/wp-json\/wp\/v2\/posts\/30422\/revisions"}],"wp:featuredmedia":[{"embeddable":true,"href":"http:\/\/cordobadirecto.com\/index.php\/wp-json\/wp\/v2\/media\/30423"}],"wp:attachment":[{"href":"http:\/\/cordobadirecto.com\/index.php\/wp-json\/wp\/v2\/media?parent=30422"}],"wp:term":[{"taxonomy":"category","embeddable":true,"href":"http:\/\/cordobadirecto.com\/index.php\/wp-json\/wp\/v2\/categories?post=30422"},{"taxonomy":"post_tag","embeddable":true,"href":"http:\/\/cordobadirecto.com\/index.php\/wp-json\/wp\/v2\/tags?post=30422"}],"curies":[{"name":"wp","href":"https:\/\/api.w.org\/{rel}","templated":true}]}}