{"id":30602,"date":"2021-11-28T04:18:12","date_gmt":"2021-11-28T04:18:12","guid":{"rendered":"http:\/\/cordobadirecto.com\/index.php\/2021\/11\/28\/los-5-ejes-que-busca-estimular-la-nueva-ley-de-promocion-industrial-perfil\/"},"modified":"2021-11-28T04:18:12","modified_gmt":"2021-11-28T04:18:12","slug":"los-5-ejes-que-busca-estimular-la-nueva-ley-de-promocion-industrial-perfil","status":"publish","type":"post","link":"http:\/\/cordobadirecto.com\/index.php\/2021\/11\/28\/los-5-ejes-que-busca-estimular-la-nueva-ley-de-promocion-industrial-perfil\/","title":{"rendered":"Los 5 ejes que busca estimular la <b>nueva<\/b> Ley de Promoci\u00f3n Industrial | Perfil"},"content":{"rendered":"<p>En tanto, desde el sector privado hubo un gui\u00f1o a la <b>nueva<\/b> propuesta: el presidente de la Uni\u00f3n Industrial de <b>C\u00f3rdoba<\/b>, Marcelo Uribarren, se\u00f1al\u00f3 que \u201c&nbsp;&#8230; <\/p>\n","protected":false},"excerpt":{"rendered":"<p>En tanto, desde el sector privado hubo un gui\u00f1o a la nueva propuesta: el presidente de la Uni\u00f3n Industrial de C\u00f3rdoba, Marcelo Uribarren, se\u00f1al\u00f3 que \u201c&nbsp;&#8230;<\/p>\n","protected":false},"author":1,"featured_media":0,"comment_status":"closed","ping_status":"closed","sticky":false,"template":"","format":"standard","meta":[],"categories":[40],"tags":[],"_links":{"self":[{"href":"http:\/\/cordobadirecto.com\/index.php\/wp-json\/wp\/v2\/posts\/30602"}],"collection":[{"href":"http:\/\/cordobadirecto.com\/index.php\/wp-json\/wp\/v2\/posts"}],"about":[{"href":"http:\/\/cordobadirecto.com\/index.php\/wp-json\/wp\/v2\/types\/post"}],"author":[{"embeddable":true,"href":"http:\/\/cordobadirecto.com\/index.php\/wp-json\/wp\/v2\/users\/1"}],"replies":[{"embeddable":true,"href":"http:\/\/cordobadirecto.com\/index.php\/wp-json\/wp\/v2\/comments?post=30602"}],"version-history":[{"count":0,"href":"http:\/\/cordobadirecto.com\/index.php\/wp-json\/wp\/v2\/posts\/30602\/revisions"}],"wp:attachment":[{"href":"http:\/\/cordobadirecto.com\/index.php\/wp-json\/wp\/v2\/media?parent=30602"}],"wp:term":[{"taxonomy":"category","embeddable":true,"href":"http:\/\/cordobadirecto.com\/index.php\/wp-json\/wp\/v2\/categories?post=30602"},{"taxonomy":"post_tag","embeddable":true,"href":"http:\/\/cordobadirecto.com\/index.php\/wp-json\/wp\/v2\/tags?post=30602"}],"curies":[{"name":"wp","href":"https:\/\/api.w.org\/{rel}","templated":true}]}}