{"id":30603,"date":"2021-11-27T21:02:14","date_gmt":"2021-11-27T21:02:14","guid":{"rendered":"https:\/\/cordoba.gob.ar\/?p=17524"},"modified":"2021-11-27T21:02:14","modified_gmt":"2021-11-27T21:02:14","slug":"la-ciudad-se-suma-a-los-16-dias-de-activismo-contra-la-violencia-de-genero","status":"publish","type":"post","link":"http:\/\/cordobadirecto.com\/index.php\/2021\/11\/27\/la-ciudad-se-suma-a-los-16-dias-de-activismo-contra-la-violencia-de-genero\/","title":{"rendered":"La ciudad se suma a los 16 d\u00edas de activismo contra la violencia de g\u00e9nero"},"content":{"rendered":"<div><img src=\"http:\/\/cordobadirecto.com\/wp-content\/uploads\/2021\/11\/la-ciudad-se-suma-a-los-16-dias-de-activismo-contra-la-violencia-de-genero.jpg\" class=\"ff-og-image-inserted\"><\/div>\n<ul>\n<li><strong>Hasta el 10 de diciembre, habr\u00e1 diversas actividades en el marco del D\u00eda Internacional de la Eliminaci\u00f3n de la Violencia contra las Mujeres.<\/strong><\/li>\n<li><strong>La consigna del 2021 es \u201cPinta el mundo de naranja: \u00a1PONGAMOS FIN A LA VIOLENCIA CONTRA LAS MUJERES YA!\u201d<\/strong><\/li>\n<\/ul>\n<hr>\n<p>La ciudad de C\u00f3rdoba se suma nuevamente a las acciones de concientizaci\u00f3n y de di\u00e1logo propuestas por ONU Mujeres.<\/p>\n<p>A partir del 25 de noviembre, D\u00eda Internacional para la Eliminaci\u00f3n de la Violencia contra la Mujer, hasta el 10 de diciembre, D\u00eda de los Derechos Humanos, se desarrollar\u00e1n eventos educativos, deportivos, art\u00edsticos y culturales, charlas y actividades que tengan por finalidad propiciar la sensibilizaci\u00f3n y fomento de la reflexi\u00f3n con perspectiva de g\u00e9nero.<\/p>\n<p>Desde la Direcci\u00f3n de G\u00e9nero, dependiente de la Secretar\u00eda de Gobierno, junto a distintas \u00e1reas de la Municipalidad de C\u00f3rdoba, Organizaciones Sociales, instituciones, sector privado y ciudadan\u00eda en general, se realiza la construcci\u00f3n de una agenda participativa para trabajar sobre la problem\u00e1tica mundial de violencia contra las mujeres y las ni\u00f1as.<\/p>\n<p>Las distintas actividades que componen la campa\u00f1a 2021 de los \u201c16 d\u00edas de activismo contra la violencia de g\u00e9nero\u201d, estar\u00e1n disponibles en las redes sociales de la Direcci\u00f3n de G\u00e9nero de la Municipalidad de C\u00f3rdoba.<\/p>\n<p>El color naranja ser\u00e1 el elemento clave unificador de todas las actividades para visibilizar la consigna.<\/p>\n<p>Adem\u00e1s se realizaron propuestas en espacios p\u00fablicos de la ciudad, el jueves 25 en la Supermanzana de plaza de la Intendencia fue escenario de una radio a cielo abierto, arte y concientizaci\u00f3n sobre violencia de g\u00e9nero; el viernes, en la Plaza Rodrigo Bueno de Barrio Ampliacion Am\u00e9rica, se realiz\u00f3 un Conversatorio sobre Vidas libres de Violencias e Intervenci\u00f3n de Banco Rojo; y por otro lado, el s\u00e1bado al mediod\u00eda el grupo Vaya Alboroto hizo una intervenci\u00f3n de baile flamenco en el Mercado Norte.<\/p>\n<p><strong>AGENDA DE ACTIVIDADES<\/strong><\/p>\n<p>*28 de noviembre \u2013 18 hs.<\/p>\n<p>Plaza de Horizonte \u2013 Calle P\u00fablica \u201cA\u201d 400<br \/>Jornada de concientizaci\u00f3n&nbsp; en prevenci\u00f3n de las violencias e intervenci\u00f3n de Banco Rojo.<\/p>\n<p>*29 de noviembre \u2013 18 hs<\/p>\n<p>Plaza Mariano Moreno: Radio a cielo abierto<br \/>Plaza Urquiza Barrio San Vicente: Jornada de concientizaci\u00f3n&nbsp; en prevenci\u00f3n de las violencias<\/p>\n<p>*30 de noviembre \u2013 18 hs.<\/p>\n<p>Plaza \u201cH\u00e9roes de Malvinas\u201d \u2013 Barrio Inaudi<br \/>Jornada de concientizaci\u00f3n&nbsp; en prevenci\u00f3n de las violencias e intervenci\u00f3n de Banco Rojo.<\/p>\n<p>*1 de diciembre \u2013 18.30 hs.<\/p>\n<p>Los Pinos y Rufino Varela Ortiz \u2013 Barrio Matienzo<br \/>Conversatorio sobre Vidas Libres de Violencias<\/p>\n<p>*2 de diciembre \u2013 18 hs.<\/p>\n<p>\u201cLa Plaza de las Madres\u201d \u2013 B\u00b0 Inaudi Anexo \u2013 Manzana 5<br \/>Radio a cielo abierto<\/p>\n<p>*3 de diciembre \u2013 18.30 hs<\/p>\n<p>Predio \u201cLos Filtros\u201d- Locatelli 1022 Barrio Villa Martinez<br \/>Conversatorio sobre Vidas Libres de Violencias<\/p>\n<p>*4 de diciembre \u2013 18.30 hs<\/p>\n<p>Plaza de Bolsillo Elvira Ceballos \u2013 Pje la Reforma 279<br \/>Barrio Alberdi<br \/>Radio a cielo abierto<\/p>\n<p>*6 de diciembre- 18 hs.<\/p>\n<p>Plaza del Play\u00f3n de Panamericano- Fragueiro esq. Juan Constans.<br \/>Radio a cielo abierto y Jornada de concientizaci\u00f3n en prevenci\u00f3n de las violencias.<\/p>\n<p>Actividad al aire libre. Pens\u00e1 y camin\u00e1 en naranja.<\/p>\n<p>*9 de diciembre- 18 hs.<\/p>\n<p>Play\u00f3n IPV Arguello \u2013 Ferm\u00edn Martin y Ra\u00fal Riganti<br \/>Conversatorio sobre Vidas Libres de Violencias<\/p>\n<p>*10 de diciembre<\/p>\n<p>Entrega de diplomas Unidades Barriales de G\u00e9nero<\/p>\n","protected":false},"excerpt":{"rendered":"<p>Hasta el 10 de diciembre, habr\u00e1 diversas actividades en el marco del D\u00eda Internacional de la Eliminaci\u00f3n de la Violencia contra las Mujeres. La consigna del 2021 es \u201cPinta el mundo de naranja: \u00a1PONGAMOS FIN A LA VIOLENCIA CONTRA LAS MUJERES YA!\u201d La ciudad de C\u00f3rdoba se suma nuevamente a las acciones de concientizaci\u00f3n y [&hellip;]<\/p>\n","protected":false},"author":1,"featured_media":30604,"comment_status":"closed","ping_status":"closed","sticky":false,"template":"","format":"standard","meta":[],"categories":[44],"tags":[],"_links":{"self":[{"href":"http:\/\/cordobadirecto.com\/index.php\/wp-json\/wp\/v2\/posts\/30603"}],"collection":[{"href":"http:\/\/cordobadirecto.com\/index.php\/wp-json\/wp\/v2\/posts"}],"about":[{"href":"http:\/\/cordobadirecto.com\/index.php\/wp-json\/wp\/v2\/types\/post"}],"author":[{"embeddable":true,"href":"http:\/\/cordobadirecto.com\/index.php\/wp-json\/wp\/v2\/users\/1"}],"replies":[{"embeddable":true,"href":"http:\/\/cordobadirecto.com\/index.php\/wp-json\/wp\/v2\/comments?post=30603"}],"version-history":[{"count":0,"href":"http:\/\/cordobadirecto.com\/index.php\/wp-json\/wp\/v2\/posts\/30603\/revisions"}],"wp:featuredmedia":[{"embeddable":true,"href":"http:\/\/cordobadirecto.com\/index.php\/wp-json\/wp\/v2\/media\/30604"}],"wp:attachment":[{"href":"http:\/\/cordobadirecto.com\/index.php\/wp-json\/wp\/v2\/media?parent=30603"}],"wp:term":[{"taxonomy":"category","embeddable":true,"href":"http:\/\/cordobadirecto.com\/index.php\/wp-json\/wp\/v2\/categories?post=30603"},{"taxonomy":"post_tag","embeddable":true,"href":"http:\/\/cordobadirecto.com\/index.php\/wp-json\/wp\/v2\/tags?post=30603"}],"curies":[{"name":"wp","href":"https:\/\/api.w.org\/{rel}","templated":true}]}}