{"id":30757,"date":"2021-11-29T08:40:45","date_gmt":"2021-11-29T08:40:45","guid":{"rendered":"https:\/\/www.ole.com.ar\/futbol-ascenso\/ferro-san-martin_0_VrMBCZf1a.html"},"modified":"2021-11-29T08:40:45","modified_gmt":"2021-11-29T08:40:45","slug":"ferro-quiere-sellar-la-clasificacion","status":"publish","type":"post","link":"http:\/\/cordobadirecto.com\/index.php\/2021\/11\/29\/ferro-quiere-sellar-la-clasificacion\/","title":{"rendered":"Ferro quiere sellar la clasificaci\u00f3n"},"content":{"rendered":"<div><img src=\"http:\/\/cordobadirecto.com\/wp-content\/uploads\/2021\/11\/ferro-quiere-sellar-la-clasificacion.jpg\" class=\"ff-og-image-inserted\"><\/div>\n<p>La tarea m\u00e1s dif\u00edcil la realiz\u00f3 hace una semana en Tucum\u00e1n, pero sabe que no se puede dormir en casa. Ferro recibe este lunes, desde las 21.10, a San Mart\u00edn con el objetivo de cerrar la serie de los cuartos de final del Reducido por el segundo ascenso a la Liga Profesional. En la ida, los de Caballito se impusieron 3-1, de manera que le alcanzar\u00e1 la derrota por un gol para avanzar de instancia y llegar a la semifinal. Ojo, en caso de conseguir el pasaje a la pr\u00f3xima ronda, ya tiene rival definido. \u00bfQui\u00e9n? Quilmes.<\/p>\n<p>Pese a que obtuvo una buena diferencia en la ida, O\u00e9 no quiere confiarse y, por eso, la dupla Orsi-G\u00f3mez ir\u00e1 con lo mejor que tiene para seguir por la senda del triunfo (acumula cinco victorias de manera consecutiva). Enfrente estar\u00e1 el Santo de Pablo de Muner, que buscar\u00e1 recuperarse del cachetazo que sufri\u00f3 en La Ciudadela. \u00bfPodr\u00e1 hacerlo? Dif\u00edcil, aunque no imposible. A jugar, che.<\/p>\n<div class=\"entry-tags\">\n<h2>TEMAS QUE APARECEN EN ESTA NOTA<\/h2>\n<\/p><\/div>\n","protected":false},"excerpt":{"rendered":"<p>La tarea m\u00e1s dif\u00edcil la realiz\u00f3 hace una semana en Tucum\u00e1n, pero sabe que no se puede dormir en casa. Ferro recibe este lunes, desde las 21.10, a San Mart\u00edn con el objetivo de cerrar la serie de los cuartos de final del Reducido por el segundo ascenso a la Liga Profesional. En la ida, [&hellip;]<\/p>\n","protected":false},"author":1,"featured_media":30758,"comment_status":"closed","ping_status":"closed","sticky":false,"template":"","format":"standard","meta":[],"categories":[21],"tags":[],"_links":{"self":[{"href":"http:\/\/cordobadirecto.com\/index.php\/wp-json\/wp\/v2\/posts\/30757"}],"collection":[{"href":"http:\/\/cordobadirecto.com\/index.php\/wp-json\/wp\/v2\/posts"}],"about":[{"href":"http:\/\/cordobadirecto.com\/index.php\/wp-json\/wp\/v2\/types\/post"}],"author":[{"embeddable":true,"href":"http:\/\/cordobadirecto.com\/index.php\/wp-json\/wp\/v2\/users\/1"}],"replies":[{"embeddable":true,"href":"http:\/\/cordobadirecto.com\/index.php\/wp-json\/wp\/v2\/comments?post=30757"}],"version-history":[{"count":0,"href":"http:\/\/cordobadirecto.com\/index.php\/wp-json\/wp\/v2\/posts\/30757\/revisions"}],"wp:featuredmedia":[{"embeddable":true,"href":"http:\/\/cordobadirecto.com\/index.php\/wp-json\/wp\/v2\/media\/30758"}],"wp:attachment":[{"href":"http:\/\/cordobadirecto.com\/index.php\/wp-json\/wp\/v2\/media?parent=30757"}],"wp:term":[{"taxonomy":"category","embeddable":true,"href":"http:\/\/cordobadirecto.com\/index.php\/wp-json\/wp\/v2\/categories?post=30757"},{"taxonomy":"post_tag","embeddable":true,"href":"http:\/\/cordobadirecto.com\/index.php\/wp-json\/wp\/v2\/tags?post=30757"}],"curies":[{"name":"wp","href":"https:\/\/api.w.org\/{rel}","templated":true}]}}