{"id":30784,"date":"2021-11-29T18:58:05","date_gmt":"2021-11-29T18:58:05","guid":{"rendered":"https:\/\/es.digitaltrends.com\/?p=895986"},"modified":"2021-11-29T18:58:05","modified_gmt":"2021-11-29T18:58:05","slug":"tom-holland-hara-una-nueva-trilogia-de-spider-man","status":"publish","type":"post","link":"http:\/\/cordobadirecto.com\/index.php\/2021\/11\/29\/tom-holland-hara-una-nueva-trilogia-de-spider-man\/","title":{"rendered":"Tom Holland har\u00e1 una nueva trilog\u00eda de Spider-Man"},"content":{"rendered":"<div><img src=\"http:\/\/cordobadirecto.com\/wp-content\/uploads\/2021\/11\/tom-holland-hara-una-nueva-trilogia-de-spider-man.jpg\" class=\"ff-og-image-inserted\"><\/div>\n<p>Esta semana comienza la preventa para el estreno en cines de <a href=\"https:\/\/es.digitaltrends.com\/entretenimiento\/spider-man-no-way-home-segundo-trailer\/\">Spider-Man: No Way Home<\/a>, una de las cintas de superh\u00e9roes m\u00e1s esperadas del \u00faltimo tiempo.<\/p>\n<p>Adem\u00e1s, varios adelantos y rumores hicieron que las expectativas entre los fan\u00e1ticos aumentara, sobre todo en torno a la eventual aparici\u00f3n de Tobey Maguire y Andrew Garfield, quienes interpretaron al superh\u00e9roe ar\u00e1cnido en otras cintas.<\/p>\n<p><a href=\"https:\/\/es.digitaltrends.com\/entretenimiento\/tom-holland-su-grandilocuente-vision-de-spider-man-3\/\">Tom Holland<\/a>, el protagonista de la \u00faltima entrega, mencion\u00f3 en una entrevista que este ser\u00eda su <a href=\"https:\/\/es.digitaltrends.com\/entretenimiento\/tom-holland-peter-parker-spider-man\/\">\u00faltimo trabajo encarnando a Peter Parker<\/a>, especialmente porque no se siente a gusto con la idea de vincularse tanto a un mismo personaje.<\/p>\n<p>Lamentablemente para \u00e9l, los planes de Sony son otros, ya que el estudio pretende una nueva trilog\u00eda del Hombre Ara\u00f1a que volver\u00e1 a tener a Holland como actor principal.<\/p>\n<p>\u201cEsta no es la \u00faltima pel\u00edcula que vamos a hacer con Marvel, esta no es la \u00faltima pel\u00edcula de Spider-Man. Nos estamos preparando para hacer la pr\u00f3xima pel\u00edcula de Spider-Man con Tom Holland y Marvel. Estamos pensando en esto como tres pel\u00edculas, y ahora vamos a pasar a las siguientes tres. Esta no es la \u00faltima de nuestras pel\u00edculas del MCU\u201d, se\u00f1al\u00f3 Amy Pascal, productora de Sony.<\/p>\n<p>Las declaraciones de Pascal confirman que Marvel y Sony continuar\u00e1n siendo socios.<\/p>\n<p>Esto no solo quiere decir que el actor seguir\u00e1 interpretando al h\u00e9roe, sino que tambi\u00e9n podr\u00e1 aparecer en otras pel\u00edculas del Universo Cinematogr\u00e1fico de Marvel, como ya ha ocurrido con <a href=\"https:\/\/es.digitaltrends.com\/cine\/the-avengers-en-orden\/\">Avengers<\/a>.<\/p>\n<p><em>Spider-Man: No Way Home <\/em>deber\u00eda llegar a las salas de cine de todo el planeta el pr\u00f3ximo 17 de diciembre.<\/p>\n<h4 class=\"h-editors-recs-title\"> Recomendaciones del editor\t<\/h4>\n<p> <span id=\"publisher-md\" itemprop=\"publisher\" itemscope itemtype=\"https:\/\/schema.org\/Organization\"> <span itemprop=\"url\" itemtype=\"https:\/\/schema.org\/Url\" content=\"https:\/\/es.digitaltrends.com\"> <span itemprop=\"logo\" itemscope itemtype=\"https:\/\/schema.org\/ImageObject\"> <meta itemprop=\"url\" content=\"https:\/\/cdn.dtcn.com\/dt\/dt-logo-small.png\"> <meta itemprop=\"width\" content=\"0\"> <meta itemprop=\"height\" content=\"0\"> <\/span> <meta itemprop=\"name\" content=\"Digital Trends Espa\u00f1ol\"> <\/span> <span itemprop=\"image\" itemscope itemtype=\"https:\/\/schema.org\/ImageObject\"> <meta itemprop=\"url\" content=\"http:\/\/cordobadirecto.com\/wp-content\/uploads\/2021\/11\/tom-holland-hara-una-nueva-trilogia-de-spider-man.jpg\"> <\/span> <\/span><\/p>\n","protected":false},"excerpt":{"rendered":"<p>Esta semana comienza la preventa para el estreno en cines de Spider-Man: No Way Home, una de las cintas de superh\u00e9roes m\u00e1s esperadas del \u00faltimo tiempo. Adem\u00e1s, varios adelantos y rumores hicieron que las expectativas entre los fan\u00e1ticos aumentara, sobre todo en torno a la eventual aparici\u00f3n de Tobey Maguire y Andrew Garfield, quienes interpretaron [&hellip;]<\/p>\n","protected":false},"author":1,"featured_media":30785,"comment_status":"closed","ping_status":"closed","sticky":false,"template":"","format":"standard","meta":[],"categories":[18],"tags":[],"_links":{"self":[{"href":"http:\/\/cordobadirecto.com\/index.php\/wp-json\/wp\/v2\/posts\/30784"}],"collection":[{"href":"http:\/\/cordobadirecto.com\/index.php\/wp-json\/wp\/v2\/posts"}],"about":[{"href":"http:\/\/cordobadirecto.com\/index.php\/wp-json\/wp\/v2\/types\/post"}],"author":[{"embeddable":true,"href":"http:\/\/cordobadirecto.com\/index.php\/wp-json\/wp\/v2\/users\/1"}],"replies":[{"embeddable":true,"href":"http:\/\/cordobadirecto.com\/index.php\/wp-json\/wp\/v2\/comments?post=30784"}],"version-history":[{"count":0,"href":"http:\/\/cordobadirecto.com\/index.php\/wp-json\/wp\/v2\/posts\/30784\/revisions"}],"wp:featuredmedia":[{"embeddable":true,"href":"http:\/\/cordobadirecto.com\/index.php\/wp-json\/wp\/v2\/media\/30785"}],"wp:attachment":[{"href":"http:\/\/cordobadirecto.com\/index.php\/wp-json\/wp\/v2\/media?parent=30784"}],"wp:term":[{"taxonomy":"category","embeddable":true,"href":"http:\/\/cordobadirecto.com\/index.php\/wp-json\/wp\/v2\/categories?post=30784"},{"taxonomy":"post_tag","embeddable":true,"href":"http:\/\/cordobadirecto.com\/index.php\/wp-json\/wp\/v2\/tags?post=30784"}],"curies":[{"name":"wp","href":"https:\/\/api.w.org\/{rel}","templated":true}]}}