{"id":30786,"date":"2021-11-29T16:45:00","date_gmt":"2021-11-29T16:45:00","guid":{"rendered":"http:\/\/cordobadirecto.com\/index.php\/2021\/11\/29\/francisco-viaja-a-chipre-y-a-grecia-para-pedirle-a-europa-que-se-abra-a-los-inmigrantes\/"},"modified":"2021-11-29T16:45:00","modified_gmt":"2021-11-29T16:45:00","slug":"francisco-viaja-a-chipre-y-a-grecia-para-pedirle-a-europa-que-se-abra-a-los-inmigrantes","status":"publish","type":"post","link":"http:\/\/cordobadirecto.com\/index.php\/2021\/11\/29\/francisco-viaja-a-chipre-y-a-grecia-para-pedirle-a-europa-que-se-abra-a-los-inmigrantes\/","title":{"rendered":"Francisco viaja a Chipre y a Grecia para pedirle a Europa que se abra a los inmigrantes"},"content":{"rendered":"<figure class=\"mb-3\"><img loading=\"lazy\" src=\"http:\/\/cordobadirecto.com\/wp-content\/uploads\/2021\/11\/francisco-viaja-a-chipre-y-a-grecia-para-pedirle-a-europa-que-se-abra-a-los-inmigrantes.jpg\" width=\"100%\" height=\"100%\" alt=\"Francisco visitar Chipre y Grecia y recorrer un campo de refugiados Foto AFP\"><figcaption> Francisco visitar\u00e1 Chipre y Grecia y recorrer\u00e1 un campo de refugiados. Foto: AFP. <\/figcaption><\/figure>\n<p>El papa Francisco iniciar\u00e1 este jueves una <strong>visita de cuatro d\u00edas a Chipre y a Grecia,<\/strong> en un viaje a las &#8220;fuentes&#8221; de Europa con el que buscar\u00e1 llevar la mirada de la dirigencia pol\u00edtica regional a la <strong>problem\u00e1tica migratoria<\/strong> por la que el Mediterr\u00e1neo se ha convertido &#8220;en un gran cementerio&#8221; y frente a la que reclama una pol\u00edtica de &#8220;puertos abiertos&#8221; para quienes &#8220;huyen de las guerras y la pobreza, que desembarcan en las costas del continente&#8221;.<\/p>\n<p>En su tercer viaje fuera de Italia en 2021, <strong>el pont\u00edfice llegar\u00e1 primero a Chipre<\/strong>, el pa\u00eds m\u00e1s oriental de Europa, desde donde hace de puente natural con Medio Oriente, y luego ir\u00e1 desde el s\u00e1bado hasta el lunes a Grecia, donde todos los focos estar\u00e1n puestos en la visita que har\u00e1 el domingo 5 a la isla de Lesbos, s\u00edmbolo de los migrantes que buscan llegar al Viejo Continente y a la que Jorge Bergoglio ya visit\u00f3 en abril de 2016.<\/p>\n<p>As\u00ed, con la visita que el Papa haga el domingo al <strong>campo de refugiados conocido como Moria 2,<\/strong><strong>Lesbos<\/strong> se convertir\u00e1 en el \u00fanico destino europeo fuera de Italia al que Francisco haya ido m\u00e1s de una vez. Todo un mensaje sobre la centralidad que tiene la preoupaci\u00f3n por los inmigrantes y refugiados en su mensaje. A nivel mundial, solo Cuba fue visitada m\u00e1s de una vez por el pont\u00edfice.<\/p>\n<p>&#8220;Pienso en los que, en los \u00faltimos a\u00f1os y todav\u00eda hoy, huyen de las guerras y la pobreza, que desembarcan en las costas del continente y en otros lugares, y no encuentran hospitalidad, sino hostilidad e incluso son instrumentalizados. Son nuestros hermanos y hermanas. \u00a1Cu\u00e1ntos han perdido la vida en el mar! Hoy, el Mare Nostrum, el Mediterr\u00e1neo, es un gran cementerio&#8221;, afirm\u00f3 el Papa en un videomensaje publicado antes de la nueva salida del Vaticano.<\/p>\n<p>En el <strong>primer viaje que har\u00e1 con la nueva aerol\u00ednea ITA Airways,<\/strong> tras el cierre en octubre de una Alitalia que hab\u00eda organizado 171 viajes papales consecutivos, Francisco estar\u00e1 acompa\u00f1ado por T\u00e9lam como \u00fanico medio latinoamericano durante la peregrinaci\u00f3n a una zona a la que defini\u00f3 como<strong> &#8220;la fuente antigua de Europa&#8221;,<\/strong> con Chipre que representa &#8220;una rama de Tierra Santa en el continente&#8221;, mientras que &#8220;Grecia es el hogar de la cultura cl\u00e1sica&#8221;.<\/p>\n<p>La primera etapa de la gira ser\u00e1 en Chipre, la isla de menos de un mill\u00f3n de habitantes en la que se encuentra el \u00fanico muro que queda en pie en Europa, la denominada &#8220;l\u00ednea verde&#8221; que divide el territorio en dos: en la parte Sur, la naci\u00f3n independiente que desde 2004 forma parte de la Uni\u00f3n Europea; en el Norte, la denominada Rep\u00fablica Turca del Norte de Chipre, que es reconocida internacionalmente por ning\u00fan Estado a excepci\u00f3n de Turqu\u00eda. A lo largo de la l\u00ednea, que tiene en el centro de su recorrido a la capital Nicosia, se encuentra desplegada una de las fuerzas de paz m\u00e1s longevas de las Naciones Unidas, a trav\u00e9s de los cascos azules, con la presencia en la actualidad de 224 militares argentinos como parte de las operaciones.<\/p>\n<p>Con las negociaciones para una soluci\u00f3n al conflicto chipriota estancadas desde 2017, en julio pasado el Consejo de Seguridad de las Naciones Unidas rechaz\u00f3 el pedido del presidente turco Recep Tayyip Erdogan para crear dos estados en Chipre, y reclam\u00f3 un acuerdo basado en &#8220;una federaci\u00f3n con igualdad pol\u00edtica para las dos comunidades&#8221; que desde la invasi\u00f3n turca de 1974 se dividen el territorio de la isla.<\/p>\n<p>En el medio de un creciente <strong>acercamiento entre la Santa Sede y Chipre<\/strong>, por el que el Vaticano construir\u00e1 en los pr\u00f3ximos meses su primera Nunciatura en el pa\u00eds, la preocupaci\u00f3n compartida por la problem\u00e1tica migratoria del Mediterr\u00e1neo, que lleva a que miles de personas busquen llegar hacia la isla como &#8220;puerta de entrada&#8221; a Europa, se cristalizar\u00e1 en una iniciativa concreta a partir de la visita papal. As\u00ed, se espera que, entre Navidad y comienzos de 2022, unos 50 refugiados llegados a Chipre sean llevados a Roma como parte de la iniciativa papal para concretar en hechos sus pr\u00e9dicas pro-acogida y que buscar\u00e1 convertirse en una invitaci\u00f3n al resto de los Estados europeos.<\/p>\n<p>La iniciativa, confirmada a T\u00e9lam por altas fuentes vaticanas, recuerda de forma inequ\u00edvoca al gesto que Francisco hizo en abril de 2016, en su primera visita a Lesbos, cuando regres\u00f3 a Roma con 12 refugiados de tres familias sirias que \u00fan hoy viven en la capital italiana ya totalmente integrados. En ese marco, el viernes 3, <strong>en la Iglesia parroquial de la Santa Cruz de Nicosia, el Papa encabezar\u00e1 una oraci\u00f3n ecum\u00e9nica con refugiados.<\/strong><\/p>\n<p>Cuando Francisco visit\u00f3 Lesbos hace cinco a\u00f1os y medio, m\u00e1s de 12.000 personas migrantes viv\u00edan en el centro de refugiados de Moria, arrasado por un incendio en 2020. Esta semana, el pont\u00edfice llegar\u00e1 en cambio a Moria 2, el lugar donde ahora son unas 7.000 las personas que esperan una oportunidad para poder ingresar de forma segura y legal dentro de las fronteras europeas.<\/p>\n<p><strong>&#8220;Peregrino en la fuente de la humanidad, ir\u00e9 de nuevo a Lesbos, con la convicci\u00f3n de que las fuentes de la vida en com\u00fan s\u00f3lo volver\u00e1n a florecer en la fraternidad y la integraci\u00f3n: juntos&#8221;<\/strong>, sostuvo el Papa en la previa, y afirm\u00f3 que &#8220;el mar, que acoge a muchos pueblos, con sus puertos abiertos nos recuerda que las fuentes de la convivencia est\u00e1n en la acogida&#8221;.<\/p>\n<p>Son dos pa\u00edses, adem\u00e1s, en los que hay una clara mayor\u00eda ortodoxa, por lo que el di\u00e1logo ecum\u00e9nico tambi\u00e9n estar\u00e1 presente con actividades en Atenas y en Nicosia.<\/p>\n<h2 class>Un pedido por los inmigrantes<\/h2>\n<p>El papa Francisco pidi\u00f3 este lunes soluciones para los migrantes &#8220;m\u00e1s all\u00e1 de los aspectos pol\u00edticos y jur\u00eddicos&#8221; y<strong> convoc\u00f3 a la comunidad internacional a que aborde &#8220;con urgencia&#8221; las condiciones de quienes deben salir de sus pa\u00edses de forma &#8220;irregular&#8221;.<\/strong><\/p>\n<p>&#8220;Como todos sabemos, la decisi\u00f3n de emigrar, de abandonar la tierra natal o el territorio de origen, es sin duda una de las m\u00e1s dif\u00edciles de la vida&#8221;, plante\u00f3 el pont\u00edfice en un videomensaje que envi\u00f3 este lunes a la Organizaci\u00f3n Internacional para las Migraciones (OIM), con motivo de su 70 aniversario.<\/p>\n<p>&#8220;\u00bfC\u00f3mo se puede explotar el sufrimiento y la desesperaci\u00f3n para avanzar o defender agendas pol\u00edticas? \u00bfC\u00f3mo pueden prevalecer las consideraciones pol\u00edticas cuando est\u00e1 en juego la dignidad de la persona humana?&#8221;, se pregunt\u00f3 Francisco.<\/p>\n<p>Para el Papa, &#8220;la falta b\u00e1sica de respeto humano en las fronteras nacionales nos minimiza a todos en nuestra humanidad&#8221;.<\/p>\n<p>En ese marco, &#8220;m\u00e1s all\u00e1 de los aspectos pol\u00edticos y jur\u00eddicos de las situaciones irregulares, nunca debemos perder de vista el rostro humano de la migraci\u00f3n y el hecho de que, por encima de las divisiones geogr\u00e1ficas de las fronteras, formamos parte de una \u00fanica familia humana&#8221;, reclam\u00f3.<\/p>\n<p>A d\u00edas del viaje que har\u00e1 a Chipre y a Grecia para concientizar a Europa de la situaci\u00f3n de miles de migrantes que buscan llegar al continente, el Papa sostuvo hoy que &#8220;hay una necesidad urgente de encontrar v\u00edas dignas para salir de las situaciones irregulares&#8221;.<\/p>\n<p>&#8220;La comunidad internacional debe abordar con urgencia las condiciones que dan lugar a la migraci\u00f3n irregular, haciendo as\u00ed de la migraci\u00f3n una elecci\u00f3n bien informada y no una necesidad desesperada&#8221;, reclam\u00f3 en esa direcci\u00f3n.<\/p>\n","protected":false},"excerpt":{"rendered":"<p>Francisco visitar\u00e1 Chipre y Grecia y recorrer\u00e1 un campo de refugiados. Foto: AFP. El papa Francisco iniciar\u00e1 este jueves una visita de cuatro d\u00edas a Chipre y a Grecia, en un viaje a las &#8220;fuentes&#8221; de Europa con el que buscar\u00e1 llevar la mirada de la dirigencia pol\u00edtica regional a la problem\u00e1tica migratoria por la [&hellip;]<\/p>\n","protected":false},"author":1,"featured_media":30787,"comment_status":"closed","ping_status":"closed","sticky":false,"template":"","format":"standard","meta":[],"categories":[24],"tags":[],"_links":{"self":[{"href":"http:\/\/cordobadirecto.com\/index.php\/wp-json\/wp\/v2\/posts\/30786"}],"collection":[{"href":"http:\/\/cordobadirecto.com\/index.php\/wp-json\/wp\/v2\/posts"}],"about":[{"href":"http:\/\/cordobadirecto.com\/index.php\/wp-json\/wp\/v2\/types\/post"}],"author":[{"embeddable":true,"href":"http:\/\/cordobadirecto.com\/index.php\/wp-json\/wp\/v2\/users\/1"}],"replies":[{"embeddable":true,"href":"http:\/\/cordobadirecto.com\/index.php\/wp-json\/wp\/v2\/comments?post=30786"}],"version-history":[{"count":0,"href":"http:\/\/cordobadirecto.com\/index.php\/wp-json\/wp\/v2\/posts\/30786\/revisions"}],"wp:featuredmedia":[{"embeddable":true,"href":"http:\/\/cordobadirecto.com\/index.php\/wp-json\/wp\/v2\/media\/30787"}],"wp:attachment":[{"href":"http:\/\/cordobadirecto.com\/index.php\/wp-json\/wp\/v2\/media?parent=30786"}],"wp:term":[{"taxonomy":"category","embeddable":true,"href":"http:\/\/cordobadirecto.com\/index.php\/wp-json\/wp\/v2\/categories?post=30786"},{"taxonomy":"post_tag","embeddable":true,"href":"http:\/\/cordobadirecto.com\/index.php\/wp-json\/wp\/v2\/tags?post=30786"}],"curies":[{"name":"wp","href":"https:\/\/api.w.org\/{rel}","templated":true}]}}