{"id":30790,"date":"2021-11-29T19:58:15","date_gmt":"2021-11-29T19:58:15","guid":{"rendered":"https:\/\/puntoapunto.com.ar\/?p=319408"},"modified":"2021-11-29T19:58:15","modified_gmt":"2021-11-29T19:58:15","slug":"edicion-1196-empresario-2021","status":"publish","type":"post","link":"http:\/\/cordobadirecto.com\/index.php\/2021\/11\/29\/edicion-1196-empresario-2021\/","title":{"rendered":"Edici\u00f3n 1196: Empresario 2021"},"content":{"rendered":"<p>En \u00e9sta edici\u00f3n semanal de la&nbsp;<a href=\"https:\/\/indd.adobe.com\/view\/a0ba484c-5e20-411f-be5b-be7ab7710e68\" target=\"_blank\" rel=\"noopener\"><strong>revista interactiva de Punto a Punto<\/strong><\/a>, empezamos a palpitar lo que ser\u00e1 una nueva edici\u00f3n del&nbsp;<strong>Empresario del A\u00f1o 2021<\/strong>.<\/p>\n<p><img loading=\"lazy\" class=\"alignnone wp-image-319411 size-full\" src=\"http:\/\/cordobadirecto.com\/wp-content\/uploads\/2021\/11\/edicion-1196-empresario-2021.jpg\" alt=\"Premios Empresario del A\u00f1o\" width=\"1024\" height=\"681\" srcset=\"http:\/\/cordobadirecto.com\/wp-content\/uploads\/2021\/11\/edicion-1196-empresario-2021.jpg 1024w, http:\/\/cordobadirecto.com\/wp-content\/uploads\/2021\/11\/edicion-1196-empresario-2021-1.jpg 300w, http:\/\/cordobadirecto.com\/wp-content\/uploads\/2021\/11\/edicion-1196-empresario-2021-2.jpg 768w, http:\/\/cordobadirecto.com\/wp-content\/uploads\/2021\/11\/edicion-1196-empresario-2021-3.jpg 750w\" sizes=\"(max-width: 1024px) 100vw, 1024px\"><\/p>\n<p>El 2021 todav\u00eda tiene resabios del 2020: est\u00e1 terminando un a\u00f1o d\u00f3nde los efectos de la pandemia de Covid todav\u00eda no terminan de disiparse y en el que las complicaciones cr\u00f3nicas de la macroeconom\u00eda dom\u00e9stica se mantuvieron latentes.<\/p>\n<div class=\"jeg_ad jeg_ad_article jnews_content_inline_ads \">\n<div class=\"ads-wrapper align-center \">\n<div class=\"ads_shortcode\">\n<div class=\"a-single a-377\"><a class=\"gofollow\" data-track=\"Mzc3LDAsMSw2MA==\" href=\"https:\/\/www.osde.com.ar\/novedades\/en-osde-contas-con-la-cartilla-mas-amplia-del-pais-22867.html\" target=\"_blank\" rel=\"noopener\"><img src=\"http:\/\/cordobadirecto.com\/wp-content\/uploads\/2021\/11\/edicion-1196-empresario-2021.gif\"><\/a><\/div>\n<\/div>\n<\/div>\n<\/div>\n<p>Con este certamen, el&nbsp;<strong><a href=\"https:\/\/puntoapunto.com.ar\/edicion-semanal-todos-los-nominados-de-el-empresario-del-ano-2021\/\" target=\"_blank\" rel=\"noopener\">Empresario del A\u00f1o y los mejores de 2021<\/a>, Editorial CEO<\/strong> vuelve a apostar porque se instale un merecido reconocimiento, los ejecutivos, las empresas, las pymes y los nuevos emprendimientos.<\/p>\n<p><strong>Le\u00e9 la edici\u00f3n digital interactiva en tu formato favorito:<\/strong><\/p>\n<p><a href=\"https:\/\/indd.adobe.com\/view\/60870d39-80c5-4d11-990f-d8030f05571e\" target=\"_blank\" rel=\"noopener\"><img loading=\"lazy\" class=\"td-animation-stack-type0-2 alignnone wp-image-318021 size-medium\" src=\"http:\/\/cordobadirecto.com\/wp-content\/uploads\/2021\/11\/edicion-1196-empresario-2021.png\" sizes=\"(max-width: 300px) 100vw, 300px\" srcset=\"http:\/\/cordobadirecto.com\/wp-content\/uploads\/2021\/11\/edicion-1196-empresario-2021.png 300w, http:\/\/cordobadirecto.com\/wp-content\/uploads\/2021\/11\/edicion-1196-empresario-2021-2.png 768w, http:\/\/cordobadirecto.com\/wp-content\/uploads\/2021\/11\/edicion-1196-empresario-2021-3.png 150w, http:\/\/cordobadirecto.com\/wp-content\/uploads\/2021\/11\/edicion-1196-empresario-2021-4.png 696w, http:\/\/cordobadirecto.com\/wp-content\/uploads\/2021\/11\/edicion-1196-empresario-2021-5.png 800w\" alt width=\"300\" height=\"75\" data-pin-no-hover=\"true\"><\/a><\/p>\n<p><a href=\"https:\/\/indd.adobe.com\/view\/a74d2ce0-77bc-4da8-adef-b61ec90e5a9b\" target=\"_blank\" rel=\"noopener\"><img loading=\"lazy\" class=\"td-animation-stack-type0-2 alignnone wp-image-318023 size-medium\" src=\"http:\/\/cordobadirecto.com\/wp-content\/uploads\/2021\/11\/edicion-1196-empresario-2021-1.png\" sizes=\"(max-width: 300px) 100vw, 300px\" srcset=\"http:\/\/cordobadirecto.com\/wp-content\/uploads\/2021\/11\/edicion-1196-empresario-2021-1.png 300w, http:\/\/cordobadirecto.com\/wp-content\/uploads\/2021\/11\/edicion-1196-empresario-2021-6.png 768w, http:\/\/cordobadirecto.com\/wp-content\/uploads\/2021\/11\/edicion-1196-empresario-2021-7.png 150w, http:\/\/cordobadirecto.com\/wp-content\/uploads\/2021\/11\/edicion-1196-empresario-2021-8.png 696w, http:\/\/cordobadirecto.com\/wp-content\/uploads\/2021\/11\/edicion-1196-empresario-2021-9.png 800w\" alt width=\"300\" height=\"75\" data-pin-no-hover=\"true\"><\/a><\/p>\n","protected":false},"excerpt":{"rendered":"<p>En \u00e9sta edici\u00f3n semanal de la&nbsp;revista interactiva de Punto a Punto, empezamos a palpitar lo que ser\u00e1 una nueva edici\u00f3n del&nbsp;Empresario del A\u00f1o 2021. El 2021 todav\u00eda tiene resabios del 2020: est\u00e1 terminando un a\u00f1o d\u00f3nde los efectos de la pandemia de Covid todav\u00eda no terminan de disiparse y en el que las complicaciones cr\u00f3nicas [&hellip;]<\/p>\n","protected":false},"author":1,"featured_media":30791,"comment_status":"closed","ping_status":"closed","sticky":false,"template":"","format":"standard","meta":[],"categories":[25],"tags":[],"_links":{"self":[{"href":"http:\/\/cordobadirecto.com\/index.php\/wp-json\/wp\/v2\/posts\/30790"}],"collection":[{"href":"http:\/\/cordobadirecto.com\/index.php\/wp-json\/wp\/v2\/posts"}],"about":[{"href":"http:\/\/cordobadirecto.com\/index.php\/wp-json\/wp\/v2\/types\/post"}],"author":[{"embeddable":true,"href":"http:\/\/cordobadirecto.com\/index.php\/wp-json\/wp\/v2\/users\/1"}],"replies":[{"embeddable":true,"href":"http:\/\/cordobadirecto.com\/index.php\/wp-json\/wp\/v2\/comments?post=30790"}],"version-history":[{"count":0,"href":"http:\/\/cordobadirecto.com\/index.php\/wp-json\/wp\/v2\/posts\/30790\/revisions"}],"wp:featuredmedia":[{"embeddable":true,"href":"http:\/\/cordobadirecto.com\/index.php\/wp-json\/wp\/v2\/media\/30791"}],"wp:attachment":[{"href":"http:\/\/cordobadirecto.com\/index.php\/wp-json\/wp\/v2\/media?parent=30790"}],"wp:term":[{"taxonomy":"category","embeddable":true,"href":"http:\/\/cordobadirecto.com\/index.php\/wp-json\/wp\/v2\/categories?post=30790"},{"taxonomy":"post_tag","embeddable":true,"href":"http:\/\/cordobadirecto.com\/index.php\/wp-json\/wp\/v2\/tags?post=30790"}],"curies":[{"name":"wp","href":"https:\/\/api.w.org\/{rel}","templated":true}]}}