{"id":30794,"date":"2021-11-29T17:42:22","date_gmt":"2021-11-29T17:42:22","guid":{"rendered":"http:\/\/cordobadirecto.com\/index.php\/2021\/11\/29\/cordoba-nueva-temporada-de-verano-y-la-provincia-desembarca-en-la-feria-internacional\/"},"modified":"2021-11-29T17:42:22","modified_gmt":"2021-11-29T17:42:22","slug":"cordoba-nueva-temporada-de-verano-y-la-provincia-desembarca-en-la-feria-internacional","status":"publish","type":"post","link":"http:\/\/cordobadirecto.com\/index.php\/2021\/11\/29\/cordoba-nueva-temporada-de-verano-y-la-provincia-desembarca-en-la-feria-internacional\/","title":{"rendered":"<b>C\u00f3rdoba<\/b>: <b>nueva<\/b> temporada de verano y la provincia desembarca en la Feria Internacional &#8230;"},"content":{"rendered":"<p>Entre ellas, el Presidente de la Agencia <b>C\u00f3rdoba<\/b> Turismo, Esteban Avil\u00e9s, mostrar\u00e1 la <b>nueva<\/b> campa\u00f1a de verano y expondr\u00e1 sobre la oferta tur\u00edstica&nbsp;&#8230; <\/p>\n","protected":false},"excerpt":{"rendered":"<p>Entre ellas, el Presidente de la Agencia C\u00f3rdoba Turismo, Esteban Avil\u00e9s, mostrar\u00e1 la nueva campa\u00f1a de verano y expondr\u00e1 sobre la oferta tur\u00edstica&nbsp;&#8230;<\/p>\n","protected":false},"author":1,"featured_media":0,"comment_status":"closed","ping_status":"closed","sticky":false,"template":"","format":"standard","meta":[],"categories":[40],"tags":[],"_links":{"self":[{"href":"http:\/\/cordobadirecto.com\/index.php\/wp-json\/wp\/v2\/posts\/30794"}],"collection":[{"href":"http:\/\/cordobadirecto.com\/index.php\/wp-json\/wp\/v2\/posts"}],"about":[{"href":"http:\/\/cordobadirecto.com\/index.php\/wp-json\/wp\/v2\/types\/post"}],"author":[{"embeddable":true,"href":"http:\/\/cordobadirecto.com\/index.php\/wp-json\/wp\/v2\/users\/1"}],"replies":[{"embeddable":true,"href":"http:\/\/cordobadirecto.com\/index.php\/wp-json\/wp\/v2\/comments?post=30794"}],"version-history":[{"count":0,"href":"http:\/\/cordobadirecto.com\/index.php\/wp-json\/wp\/v2\/posts\/30794\/revisions"}],"wp:attachment":[{"href":"http:\/\/cordobadirecto.com\/index.php\/wp-json\/wp\/v2\/media?parent=30794"}],"wp:term":[{"taxonomy":"category","embeddable":true,"href":"http:\/\/cordobadirecto.com\/index.php\/wp-json\/wp\/v2\/categories?post=30794"},{"taxonomy":"post_tag","embeddable":true,"href":"http:\/\/cordobadirecto.com\/index.php\/wp-json\/wp\/v2\/tags?post=30794"}],"curies":[{"name":"wp","href":"https:\/\/api.w.org\/{rel}","templated":true}]}}