{"id":30910,"date":"2021-11-30T08:48:50","date_gmt":"2021-11-30T08:48:50","guid":{"rendered":"http:\/\/cordobadirecto.com\/index.php\/2021\/11\/30\/la-argentina-las-siamesas-aspira-a-un-premio-goya-donde-el-buen-patron-hace-historia\/"},"modified":"2021-11-30T08:48:50","modified_gmt":"2021-11-30T08:48:50","slug":"la-argentina-las-siamesas-aspira-a-un-premio-goya-donde-el-buen-patron-hace-historia","status":"publish","type":"post","link":"http:\/\/cordobadirecto.com\/index.php\/2021\/11\/30\/la-argentina-las-siamesas-aspira-a-un-premio-goya-donde-el-buen-patron-hace-historia\/","title":{"rendered":"La argentina &#8220;Las siamesas&#8221;, aspira a un premio Goya donde &#8220;El buen patr\u00f3n&#8221; hace historia"},"content":{"rendered":"<figure class=\"mb-3\"><img loading=\"lazy\" src=\"http:\/\/cordobadirecto.com\/wp-content\/uploads\/2021\/11\/la-argentina-las-siamesas-aspira-a-un-premio-goya-donde-el-buen-patron-hace-historia.jpg\" width=\"100%\" height=\"100%\" alt=\"Valeria Lois y Rita Cortese en Las siamesas de Paula Hernndez camino al Goya\"><figcaption> Valeria Lois y Rita Cortese en &#8220;Las siamesas&#8221;, de Paula Hern\u00e1ndez, camino al Goya. <\/figcaption><\/figure>\n<p><strong>&#8220;Las siamesas&#8221;<\/strong>, s\u00e9ptimo largometraje de la argentina <strong>Paula Hern\u00e1ndez<\/strong>, qued\u00f3 seleccionado para aspirar al lauro a <strong>&#8220;Mejor Pel\u00edcula Iberoamericana&#8221; de unos 36tos. Premios Goya<\/strong> donde la producci\u00f3n espa\u00f1ola &#8220;El buen patr\u00f3n&#8221;, de Fernando Le\u00f3n de Aranoa, reuni\u00f3 20 nominaciones en igual cantidad de rubros como ning\u00fan otro filme lo hab\u00eda logrado.<\/p>\n<p>El laureado t\u00edtulo de Hern\u00e1ndez, pugnar\u00e1 por el premio internacional con &#8220;Canci\u00f3n sin nombre&#8221;, de la peruana Melina Le\u00f3n; <strong>&#8220;La cordillera de los sue\u00f1os&#8221;<\/strong>, del chileno Patricio Guzm\u00e1n; y <strong>&#8220;Los lobos&#8221;<\/strong>, del mexicano Samuel Kishi.<\/p>\n<p>Pero las luminarias del anuncio de la Academia de Cine de Espa\u00f1a se lo llev\u00f3 <strong>&#8220;El buen patr\u00f3n&#8221;<\/strong>, protagonizado por Javier Bardem, qued\u00f3 posicionado para aspirar a 20 premios, super\u00f3 la marca que ostentaba <strong>&#8220;Los d\u00edas contados&#8221;<\/strong>, de Imanol Uribe, con 19, y dej\u00f3 muy atr\u00e1s a <strong>&#8220;Madres paralelas&#8221;<\/strong>, de Pedro Almod\u00f3var, que se anot\u00f3 con ocho nominaciones.<\/p>\n<p>La gala de los Goya se celebrar\u00e1 el 12 de febrero de 2022 en el Palau de Les Arts de Valencia. <\/p>\n","protected":false},"excerpt":{"rendered":"<p>Valeria Lois y Rita Cortese en &#8220;Las siamesas&#8221;, de Paula Hern\u00e1ndez, camino al Goya. &#8220;Las siamesas&#8221;, s\u00e9ptimo largometraje de la argentina Paula Hern\u00e1ndez, qued\u00f3 seleccionado para aspirar al lauro a &#8220;Mejor Pel\u00edcula Iberoamericana&#8221; de unos 36tos. Premios Goya donde la producci\u00f3n espa\u00f1ola &#8220;El buen patr\u00f3n&#8221;, de Fernando Le\u00f3n de Aranoa, reuni\u00f3 20 nominaciones en igual [&hellip;]<\/p>\n","protected":false},"author":1,"featured_media":30911,"comment_status":"closed","ping_status":"closed","sticky":false,"template":"","format":"standard","meta":[],"categories":[20],"tags":[],"_links":{"self":[{"href":"http:\/\/cordobadirecto.com\/index.php\/wp-json\/wp\/v2\/posts\/30910"}],"collection":[{"href":"http:\/\/cordobadirecto.com\/index.php\/wp-json\/wp\/v2\/posts"}],"about":[{"href":"http:\/\/cordobadirecto.com\/index.php\/wp-json\/wp\/v2\/types\/post"}],"author":[{"embeddable":true,"href":"http:\/\/cordobadirecto.com\/index.php\/wp-json\/wp\/v2\/users\/1"}],"replies":[{"embeddable":true,"href":"http:\/\/cordobadirecto.com\/index.php\/wp-json\/wp\/v2\/comments?post=30910"}],"version-history":[{"count":0,"href":"http:\/\/cordobadirecto.com\/index.php\/wp-json\/wp\/v2\/posts\/30910\/revisions"}],"wp:featuredmedia":[{"embeddable":true,"href":"http:\/\/cordobadirecto.com\/index.php\/wp-json\/wp\/v2\/media\/30911"}],"wp:attachment":[{"href":"http:\/\/cordobadirecto.com\/index.php\/wp-json\/wp\/v2\/media?parent=30910"}],"wp:term":[{"taxonomy":"category","embeddable":true,"href":"http:\/\/cordobadirecto.com\/index.php\/wp-json\/wp\/v2\/categories?post=30910"},{"taxonomy":"post_tag","embeddable":true,"href":"http:\/\/cordobadirecto.com\/index.php\/wp-json\/wp\/v2\/tags?post=30910"}],"curies":[{"name":"wp","href":"https:\/\/api.w.org\/{rel}","templated":true}]}}