{"id":30949,"date":"2021-11-29T21:52:28","date_gmt":"2021-11-29T21:52:28","guid":{"rendered":"https:\/\/cordoba.gob.ar\/?p=17571"},"modified":"2021-11-29T21:52:28","modified_gmt":"2021-11-29T21:52:28","slug":"el-observatorio-educativo-municipal-llevo-a-cabo-un-conversatorio-virtual-sobre-politicas-publicas-y-el-uso-de-big-data","status":"publish","type":"post","link":"http:\/\/cordobadirecto.com\/index.php\/2021\/11\/29\/el-observatorio-educativo-municipal-llevo-a-cabo-un-conversatorio-virtual-sobre-politicas-publicas-y-el-uso-de-big-data\/","title":{"rendered":"El Observatorio Educativo Municipal llev\u00f3 a cabo un conversatorio virtual sobre pol\u00edticas p\u00fablicas y el uso de Big Data"},"content":{"rendered":"<div><img src=\"http:\/\/cordobadirecto.com\/wp-content\/uploads\/2021\/11\/el-observatorio-educativo-municipal-llevo-a-cabo-un-conversatorio-virtual-sobre-politicas-publicas-y-el-uso-de-big-data.png\" class=\"ff-og-image-inserted\"><\/div>\n<ul>\n<li><strong>Cerca de 200 personas fueron parte de esta instancia.<\/strong><\/li>\n<li><strong>El objetivo principal fue brindar herramientas y proponer discusiones en torno a poder pensar la pol\u00edtica educativa profundizando el enfoque de datos.<\/strong><\/li>\n<\/ul>\n<hr>\n<p>El d\u00eda 25 de noviembre se llev\u00f3 a cabo el conversatorio organizado por el Observatorio Educativo Municipal, del que participaron de manera presencial la Subsecretaria de Coordinaci\u00f3n Educativa, Mar\u00eda Jos\u00e9 Viola, junto a miembros del gabinete de la Secretar\u00eda de Educaci\u00f3n, de la Comisi\u00f3n de Planeamiento Educativo y equipos de gesti\u00f3n de diferentes universidades.<\/p>\n<p>En su versi\u00f3n virtual se cont\u00f3 con la participaron docentes, equipos directivos, funcionarios municipales de otras \u00e1reas, equipos de investigaci\u00f3n y dem\u00e1s personas interesadas en la tem\u00e1tica.<\/p>\n<p>Entre los disertantes se cont\u00f3 con la presencia de Alejandro Parise junto al equipo de Evaluados, una start-up cordobesa que ayuda a docentes en el seguimiento del aprendizaje a los estudiantes en una autoevaluaci\u00f3n permanente y brindan anal\u00edtica y datos para mejorar las trayectorias educativas. Por otro lado, particip\u00f3 Natalia Campagnucci de Reputaci\u00f3n Digital, quien propici\u00f3 un an\u00e1lisis enfocado en la superposici\u00f3n de percepciones extra\u00eddas de redes sociales y fuentes estad\u00edsticas tradicionales para el an\u00e1lisis de contextos y detecci\u00f3n de oportunidades de intervenci\u00f3n mediante pol\u00edticas p\u00fablicas.<\/p>\n<p>El secretario de Educaci\u00f3n, Horacio Ferreyra, valor\u00f3 positivamente la iniciativa destacando que<em> \u201ceste tipo de herramientas representa una oportunidad y un desaf\u00edo a la vez, ya que podemos generar mejores pol\u00edticas p\u00fablicas ante una ciudadan\u00eda que exige soluciones situadas\u201d.<\/em><\/p>\n<p>Paralelamente, desde el Observatorio Educativo Municipal se hizo entrega de los reportes provenientes del Relevamiento Anual a cada Jard\u00edn Maternal y Escuela Municipal, los cuales se elaboraron de manera conjunto entre el Sistema Educativo Municipal y el Ministerio de Educaci\u00f3n de la Provincia de C\u00f3rdoba, generando un valioso insumo para la toma de decisiones en cada instituci\u00f3n en base a evidencias.<\/p>\n","protected":false},"excerpt":{"rendered":"<p>Cerca de 200 personas fueron parte de esta instancia. El objetivo principal fue brindar herramientas y proponer discusiones en torno a poder pensar la pol\u00edtica educativa profundizando el enfoque de datos. El d\u00eda 25 de noviembre se llev\u00f3 a cabo el conversatorio organizado por el Observatorio Educativo Municipal, del que participaron de manera presencial la [&hellip;]<\/p>\n","protected":false},"author":1,"featured_media":30950,"comment_status":"closed","ping_status":"closed","sticky":false,"template":"","format":"standard","meta":[],"categories":[44],"tags":[],"_links":{"self":[{"href":"http:\/\/cordobadirecto.com\/index.php\/wp-json\/wp\/v2\/posts\/30949"}],"collection":[{"href":"http:\/\/cordobadirecto.com\/index.php\/wp-json\/wp\/v2\/posts"}],"about":[{"href":"http:\/\/cordobadirecto.com\/index.php\/wp-json\/wp\/v2\/types\/post"}],"author":[{"embeddable":true,"href":"http:\/\/cordobadirecto.com\/index.php\/wp-json\/wp\/v2\/users\/1"}],"replies":[{"embeddable":true,"href":"http:\/\/cordobadirecto.com\/index.php\/wp-json\/wp\/v2\/comments?post=30949"}],"version-history":[{"count":0,"href":"http:\/\/cordobadirecto.com\/index.php\/wp-json\/wp\/v2\/posts\/30949\/revisions"}],"wp:featuredmedia":[{"embeddable":true,"href":"http:\/\/cordobadirecto.com\/index.php\/wp-json\/wp\/v2\/media\/30950"}],"wp:attachment":[{"href":"http:\/\/cordobadirecto.com\/index.php\/wp-json\/wp\/v2\/media?parent=30949"}],"wp:term":[{"taxonomy":"category","embeddable":true,"href":"http:\/\/cordobadirecto.com\/index.php\/wp-json\/wp\/v2\/categories?post=30949"},{"taxonomy":"post_tag","embeddable":true,"href":"http:\/\/cordobadirecto.com\/index.php\/wp-json\/wp\/v2\/tags?post=30949"}],"curies":[{"name":"wp","href":"https:\/\/api.w.org\/{rel}","templated":true}]}}