{"id":30951,"date":"2021-11-29T21:44:14","date_gmt":"2021-11-29T21:44:14","guid":{"rendered":"https:\/\/cordoba.gob.ar\/?p=17567"},"modified":"2021-11-29T21:44:14","modified_gmt":"2021-11-29T21:44:14","slug":"la-comision-de-planeamiento-educativo-proyecto-para-el-2022","status":"publish","type":"post","link":"http:\/\/cordobadirecto.com\/index.php\/2021\/11\/29\/la-comision-de-planeamiento-educativo-proyecto-para-el-2022\/","title":{"rendered":"La Comisi\u00f3n de Planeamiento Educativo proyect\u00f3 para el 2022"},"content":{"rendered":"<div><img src=\"http:\/\/cordobadirecto.com\/wp-content\/uploads\/2021\/11\/la-comision-de-planeamiento-educativo-proyecto-para-el-2022.jpg\" class=\"ff-og-image-inserted\"><\/div>\n<ul>\n<li><strong>En la 12 reuni\u00f3n se abordaron diferentes tem\u00e1ticas de cara al 2022.<\/strong><\/li>\n<li><strong>Fue presidida por el secretario de Educaci\u00f3n y participaron los integrantes de la comisi\u00f3n y funcionarios del gabinete.<\/strong><\/li>\n<\/ul>\n<hr>\n<p>En la misma, se present\u00f3 el Programa Proyectos Innovadores Espec\u00edficos para su implementaci\u00f3n durante el pr\u00f3ximo a\u00f1o, con el prop\u00f3sito de incentivar a las instituciones educativas a realizar propuestas para la mejora de los aprendizajes de todos y todas los estudiantes.<\/p>\n<p>Adem\u00e1s, se presentaron las orientaciones para la elaboraci\u00f3n de los Acuerdos Escolares de Convivencia y el desarrollo de proyectos vinculados con la ESI para su abordaje en el a\u00f1o 2022; se debati\u00f3 acerca de la conformaci\u00f3n de los equipos institucionales de fortalecimiento socioeducativos en la educaci\u00f3n primaria y se dialog\u00f3 sobre los avancen que se bien desarrollando respecto de la evaluaci\u00f3n de los aprendizajes, m\u00e1s precisamente sobre la comunicaci\u00f3n a las familias mediante los informes de progreso escolar.<\/p>\n<p>En otro orden, se convers\u00f3 sobre la incorporaci\u00f3n de los nuevos Jardines y Escuelas Municipales al Programa Alas, sumando un total de 33 instituciones educativas que implementar\u00e1n el proyecto durante el a\u00f1o que viene.<\/p>\n<p>Recuperando lo trabajado en las reuniones anteriores, se discuti\u00f3 el borrador de los lineamientos de la pol\u00edtica de formaci\u00f3n docente continua en el marco del desarrollo profesional docente y se convers\u00f3 acerca de las denominaciones institucionales para la Educaci\u00f3n Inicial seg\u00fan la oferta que brinda cada instituci\u00f3n.<\/p>\n<p>Se dialog\u00f3 sobre el Operativo de Evaluaci\u00f3n Municipal \u201cevaluaci\u00f3n de los aprendizajes mixtos\u201d definiendo los campos y las \u00e1reas que ser\u00e1n evaluados, como as\u00ed tambi\u00e9n se procedi\u00f3 a conformar la muestra correspondiente para su implementaci\u00f3n el pr\u00f3ximo a\u00f1o. Esta iniciativa, da continuidad a una pol\u00edtica iniciada en otras gestiones y a la vez pretende mejorarla y ampliarla incorporando al nivel inicial y a todos los grados y espacios curriculares de la educaci\u00f3n primaria.<\/p>\n<p>Se acord\u00f3 la conformaci\u00f3n de grupos de trabajo para revisar el concepto profesional docente, los lineamientos de organizaci\u00f3n y acci\u00f3n en ambos niveles educativos y la valoraci\u00f3n en cuanto a los antecedentes.<\/p>\n<p>El secretario de Educaci\u00f3n, Horacio Ferreyra, reconoci\u00f3 la realizaci\u00f3n de esta reuni\u00f3n y afirm\u00f3 que <em>\u201cdesde que asumimos hemos podido desarrollar 7 reuniones en dos a\u00f1os, un logro important\u00edsimo para el desarrollo de pol\u00edticas educativas que potencien los aprendizajes de nuestros estudiantes. Este a\u00f1o ha sido un a\u00f1o de avances, logros, a pesar de la pandemia no dejamos de hacer, de construir una pol\u00edtica educativa municipal de cara al futuro, desde el presente valorando el pasado. Seguiremos bajo esta perspectiva, como sostiene nuestro intendente Mart\u00edn Llaryora de habilitar los espacios de participaci\u00f3n que sean necesarios, liderando las mejoras posibles para construir juntos el futuro de esta nuestra ciudad\u201d.<\/em><\/p>\n<p><strong>Sobre la Comisi\u00f3n<\/strong><br \/>La Comisi\u00f3n de Planeamiento es un \u00f3rgano consultivo en materia de educaci\u00f3n. Lleva adelante la promoci\u00f3n, dise\u00f1o, ejecuci\u00f3n, aplicaci\u00f3n y evaluaci\u00f3n de los proyectos de capacitaci\u00f3n y actualizaci\u00f3n docente tendientes a fortalecer la calidad docente y a generar estrategias para superar el fracaso escolar, as\u00ed como tambi\u00e9n para ejecutar las pol\u00edticas educativas y los proyectos pedag\u00f3gicos que desarrollar\u00e1 la Secretar\u00eda de Educaci\u00f3n.<\/p>\n<p>El objetivo principal apunta a pensar propuestas a mediano y largo plazo que tiendan a la mejora permanente del Sistema Educativo Municipal.<\/p>\n","protected":false},"excerpt":{"rendered":"<p>En la 12 reuni\u00f3n se abordaron diferentes tem\u00e1ticas de cara al 2022. Fue presidida por el secretario de Educaci\u00f3n y participaron los integrantes de la comisi\u00f3n y funcionarios del gabinete. En la misma, se present\u00f3 el Programa Proyectos Innovadores Espec\u00edficos para su implementaci\u00f3n durante el pr\u00f3ximo a\u00f1o, con el prop\u00f3sito de incentivar a las instituciones [&hellip;]<\/p>\n","protected":false},"author":1,"featured_media":30952,"comment_status":"closed","ping_status":"closed","sticky":false,"template":"","format":"standard","meta":[],"categories":[44],"tags":[],"_links":{"self":[{"href":"http:\/\/cordobadirecto.com\/index.php\/wp-json\/wp\/v2\/posts\/30951"}],"collection":[{"href":"http:\/\/cordobadirecto.com\/index.php\/wp-json\/wp\/v2\/posts"}],"about":[{"href":"http:\/\/cordobadirecto.com\/index.php\/wp-json\/wp\/v2\/types\/post"}],"author":[{"embeddable":true,"href":"http:\/\/cordobadirecto.com\/index.php\/wp-json\/wp\/v2\/users\/1"}],"replies":[{"embeddable":true,"href":"http:\/\/cordobadirecto.com\/index.php\/wp-json\/wp\/v2\/comments?post=30951"}],"version-history":[{"count":0,"href":"http:\/\/cordobadirecto.com\/index.php\/wp-json\/wp\/v2\/posts\/30951\/revisions"}],"wp:featuredmedia":[{"embeddable":true,"href":"http:\/\/cordobadirecto.com\/index.php\/wp-json\/wp\/v2\/media\/30952"}],"wp:attachment":[{"href":"http:\/\/cordobadirecto.com\/index.php\/wp-json\/wp\/v2\/media?parent=30951"}],"wp:term":[{"taxonomy":"category","embeddable":true,"href":"http:\/\/cordobadirecto.com\/index.php\/wp-json\/wp\/v2\/categories?post=30951"},{"taxonomy":"post_tag","embeddable":true,"href":"http:\/\/cordobadirecto.com\/index.php\/wp-json\/wp\/v2\/tags?post=30951"}],"curies":[{"name":"wp","href":"https:\/\/api.w.org\/{rel}","templated":true}]}}