{"id":30954,"date":"2021-11-30T14:26:27","date_gmt":"2021-11-30T14:26:27","guid":{"rendered":"https:\/\/puntoapunto.com.ar\/?p=319461"},"modified":"2021-11-30T14:26:27","modified_gmt":"2021-11-30T14:26:27","slug":"myriam-martinez-fue-designada-como-superheroe-del-ano-por-junior-achievement","status":"publish","type":"post","link":"http:\/\/cordobadirecto.com\/index.php\/2021\/11\/30\/myriam-martinez-fue-designada-como-superheroe-del-ano-por-junior-achievement\/","title":{"rendered":"Myriam Martinez fue designada como superh\u00e9roe del a\u00f1o por Junior Achievement"},"content":{"rendered":"<p><strong>Junior Achievement C\u00f3rdoba<\/strong> convoc\u00f3 a m\u00e1s de 270 personas en su tradicional cena a beneficio, Noche de los H\u00e9roes 2021. Bajo el concepto \u201cAbrazando la educaci\u00f3n emprendedora\u201d, la Fundaci\u00f3n agasaj\u00f3 a sponsors, voluntarios y amigos.<\/p>\n<p>En cada edici\u00f3n de Noche de los H\u00e9roes adem\u00e1s se elige al <strong>Superh\u00e9roe del a\u00f1o.<\/strong> En esta ocasi\u00f3n el merecido reconocimiento fue para <strong>Myriam Martinez, Directora Ejecutiva de Fundaci\u00f3n Mediterr\u00e1nea<\/strong> quien desde hace varios a\u00f1os ayuda de manera desinteresada a generar alianzas valiosas para alcanzar a m\u00e1s j\u00f3venes con los<br \/>programas de la fundaci\u00f3n.<\/p>\n<div class=\"jeg_ad jeg_ad_article jnews_content_inline_ads \">\n<div class=\"ads-wrapper align-center \">\n<div class=\"ads_shortcode\">\n<div class=\"a-single a-377\"><a class=\"gofollow\" data-track=\"Mzc3LDAsMSw2MA==\" href=\"https:\/\/www.osde.com.ar\/novedades\/en-osde-contas-con-la-cartilla-mas-amplia-del-pais-22867.html\" target=\"_blank\" rel=\"noopener\"><img src=\"http:\/\/cordobadirecto.com\/wp-content\/uploads\/2021\/11\/myriam-martinez-fue-designada-como-superheroe-del-ano-por-junior-achievement.gif\"><\/a><\/div>\n<\/div>\n<\/div>\n<\/div>\n<p>La noche cont\u00f3 con la presencia de la Ministra de Promoci\u00f3n del Empleo y Econom\u00eda Familiar, Cra. Laura Jure, Intendente de la Ciudad de C\u00f3rdoba, Mart\u00edn Llaryora, Presidente de Junior Achievement C\u00f3rdoba Ing. Gabriel Allasia y la Tec. Elina Etchart Directora Ejecutiva de la Fundaci\u00f3n.<\/p>\n<p>Durante el evento se present\u00f3&nbsp;un<strong> balance de los logros de Junior Achievement durante 2021:<\/strong> m\u00e1s<strong> 9395 estudiantes alcanzados<\/strong> con sus diferentes programas educativos,<strong> 149 escuelas y 269 voluntarios.<\/strong><\/p>\n<p><img loading=\"lazy\" class=\"alignnone wp-image-319462\" src=\"http:\/\/cordobadirecto.com\/wp-content\/uploads\/2021\/11\/myriam-martinez-fue-designada-como-superheroe-del-ano-por-junior-achievement.jpg\" alt width=\"798\" height=\"532\" srcset=\"http:\/\/cordobadirecto.com\/wp-content\/uploads\/2021\/11\/myriam-martinez-fue-designada-como-superheroe-del-ano-por-junior-achievement.jpg 300w, http:\/\/cordobadirecto.com\/wp-content\/uploads\/2021\/11\/myriam-martinez-fue-designada-como-superheroe-del-ano-por-junior-achievement-2.jpg 1024w, http:\/\/cordobadirecto.com\/wp-content\/uploads\/2021\/11\/myriam-martinez-fue-designada-como-superheroe-del-ano-por-junior-achievement-3.jpg 768w, http:\/\/cordobadirecto.com\/wp-content\/uploads\/2021\/11\/myriam-martinez-fue-designada-como-superheroe-del-ano-por-junior-achievement-4.jpg 1536w, http:\/\/cordobadirecto.com\/wp-content\/uploads\/2021\/11\/myriam-martinez-fue-designada-como-superheroe-del-ano-por-junior-achievement-5.jpg 2048w, http:\/\/cordobadirecto.com\/wp-content\/uploads\/2021\/11\/myriam-martinez-fue-designada-como-superheroe-del-ano-por-junior-achievement-6.jpg 750w, http:\/\/cordobadirecto.com\/wp-content\/uploads\/2021\/11\/myriam-martinez-fue-designada-como-superheroe-del-ano-por-junior-achievement-7.jpg 1140w\" sizes=\"(max-width: 798px) 100vw, 798px\"><\/p>\n<p>Como todos los a\u00f1os, se galardon\u00f3 a las empresas que se destacaron en el trabajo anual con la fundaci\u00f3n, ellas fueron:<\/p>\n<ul>\n<li><strong>Bancor<\/strong>, por el mayor aporte a <strong>programas educativos y el mayor aporte en voluntarios<\/strong>. Este a\u00f1o, el Banco de la Provincia de C\u00f3rdoba apoy\u00f3 el dictado de programas educativos como Aprender a Emprender, Econom\u00eda Personal y Finanzas Personales.<\/li>\n<li><strong>Universidad Siglo 21,<\/strong> por el mayor<strong> apoyo en las actividades de Junior Achievement C\u00f3rdoba<\/strong>, con el acompa\u00f1amiento durante todo el a\u00f1o en distintos eventos y programas, como el Foro Internacional de Emprendedores, Socios por un d\u00eda y Noche de los H\u00e9roes.<\/li>\n<li><strong>Universidad Blas Pascal<\/strong>, por el mayor impacto en la comunidad con su programa \u201cMESE\u201d.<\/li>\n<li><strong>Coca Cola Andina<\/strong>, encargada del desarrollo de programas como Habilidades 4.0 y Desaf\u00edo de Innovaci\u00f3n en diferentes localidades de la provincia.<\/li>\n<\/ul>\n<p><img loading=\"lazy\" class=\"alignnone wp-image-319464\" src=\"http:\/\/cordobadirecto.com\/wp-content\/uploads\/2021\/11\/myriam-martinez-fue-designada-como-superheroe-del-ano-por-junior-achievement-1.jpg\" alt width=\"764\" height=\"509\" srcset=\"http:\/\/cordobadirecto.com\/wp-content\/uploads\/2021\/11\/myriam-martinez-fue-designada-como-superheroe-del-ano-por-junior-achievement-1.jpg 300w, http:\/\/cordobadirecto.com\/wp-content\/uploads\/2021\/11\/myriam-martinez-fue-designada-como-superheroe-del-ano-por-junior-achievement-8.jpg 1024w, http:\/\/cordobadirecto.com\/wp-content\/uploads\/2021\/11\/myriam-martinez-fue-designada-como-superheroe-del-ano-por-junior-achievement-9.jpg 768w, http:\/\/cordobadirecto.com\/wp-content\/uploads\/2021\/11\/myriam-martinez-fue-designada-como-superheroe-del-ano-por-junior-achievement-10.jpg 1536w, http:\/\/cordobadirecto.com\/wp-content\/uploads\/2021\/11\/myriam-martinez-fue-designada-como-superheroe-del-ano-por-junior-achievement-11.jpg 2048w, http:\/\/cordobadirecto.com\/wp-content\/uploads\/2021\/11\/myriam-martinez-fue-designada-como-superheroe-del-ano-por-junior-achievement-12.jpg 750w, http:\/\/cordobadirecto.com\/wp-content\/uploads\/2021\/11\/myriam-martinez-fue-designada-como-superheroe-del-ano-por-junior-achievement-13.jpg 1140w\" sizes=\"(max-width: 764px) 100vw, 764px\"><\/p>\n<p>Tambi\u00e9n se hizo una distinci\u00f3n especial a una empresa que representan el \u201cEsp\u00edritu Junior\u201d: <strong>Estudio Rodriguez y Asociados<\/strong>, por su ayuda constante con la Fundaci\u00f3n.&nbsp;Adem\u00e1s, se homenaje\u00f3 con una distinci\u00f3n especial a <strong>Agustina Cabanillas<\/strong>, quien acompa\u00f1a a los estudiantes que pasan por Junior.<\/p>\n","protected":false},"excerpt":{"rendered":"<p>Junior Achievement C\u00f3rdoba convoc\u00f3 a m\u00e1s de 270 personas en su tradicional cena a beneficio, Noche de los H\u00e9roes 2021. Bajo el concepto \u201cAbrazando la educaci\u00f3n emprendedora\u201d, la Fundaci\u00f3n agasaj\u00f3 a sponsors, voluntarios y amigos. En cada edici\u00f3n de Noche de los H\u00e9roes adem\u00e1s se elige al Superh\u00e9roe del a\u00f1o. En esta ocasi\u00f3n el merecido [&hellip;]<\/p>\n","protected":false},"author":1,"featured_media":30955,"comment_status":"closed","ping_status":"closed","sticky":false,"template":"","format":"standard","meta":[],"categories":[25],"tags":[],"_links":{"self":[{"href":"http:\/\/cordobadirecto.com\/index.php\/wp-json\/wp\/v2\/posts\/30954"}],"collection":[{"href":"http:\/\/cordobadirecto.com\/index.php\/wp-json\/wp\/v2\/posts"}],"about":[{"href":"http:\/\/cordobadirecto.com\/index.php\/wp-json\/wp\/v2\/types\/post"}],"author":[{"embeddable":true,"href":"http:\/\/cordobadirecto.com\/index.php\/wp-json\/wp\/v2\/users\/1"}],"replies":[{"embeddable":true,"href":"http:\/\/cordobadirecto.com\/index.php\/wp-json\/wp\/v2\/comments?post=30954"}],"version-history":[{"count":0,"href":"http:\/\/cordobadirecto.com\/index.php\/wp-json\/wp\/v2\/posts\/30954\/revisions"}],"wp:featuredmedia":[{"embeddable":true,"href":"http:\/\/cordobadirecto.com\/index.php\/wp-json\/wp\/v2\/media\/30955"}],"wp:attachment":[{"href":"http:\/\/cordobadirecto.com\/index.php\/wp-json\/wp\/v2\/media?parent=30954"}],"wp:term":[{"taxonomy":"category","embeddable":true,"href":"http:\/\/cordobadirecto.com\/index.php\/wp-json\/wp\/v2\/categories?post=30954"},{"taxonomy":"post_tag","embeddable":true,"href":"http:\/\/cordobadirecto.com\/index.php\/wp-json\/wp\/v2\/tags?post=30954"}],"curies":[{"name":"wp","href":"https:\/\/api.w.org\/{rel}","templated":true}]}}