{"id":30960,"date":"2021-11-30T15:12:00","date_gmt":"2021-11-30T15:12:00","guid":{"rendered":"http:\/\/cordobadirecto.com\/index.php\/2021\/11\/30\/la-variante-omicron-estaba-presente-en-paises-bajos-antes-de-identificarse-en-sudafrica\/"},"modified":"2021-11-30T15:12:00","modified_gmt":"2021-11-30T15:12:00","slug":"la-variante-omicron-estaba-presente-en-paises-bajos-antes-de-identificarse-en-sudafrica","status":"publish","type":"post","link":"http:\/\/cordobadirecto.com\/index.php\/2021\/11\/30\/la-variante-omicron-estaba-presente-en-paises-bajos-antes-de-identificarse-en-sudafrica\/","title":{"rendered":"La variante \u00d3micron estaba presente en Pa\u00edses Bajos antes de identificarse en Sud\u00e1frica"},"content":{"rendered":"<figure class=\"mb-3\"><img loading=\"lazy\" src=\"http:\/\/cordobadirecto.com\/wp-content\/uploads\/2021\/11\/la-variante-omicron-estaba-presente-en-paises-bajos-antes-de-identificarse-en-sudafrica.jpg\" width=\"100%\" height=\"100%\" alt=\"Se van a realizar estudios para conocer la distribucin de la variante micron en Pases Bajos explic el RIVM\"><figcaption> &#8220;Se van a realizar estudios para conocer la distribuci\u00f3n de la variante \u00d3micron en Pa\u00edses Bajos&#8221;, explic\u00f3 el RIVM <\/figcaption><\/figure>\n<p>Las autoridades sanitarias neerlandesas afirmaron hoy que la variante \u00d3micron del coronavirus ya estaba presente en el pa\u00eds el 19 de noviembre, cinco d\u00edas antes de que Sud\u00e1frica informara a la Organizaci\u00f3n Mundial de la Salud (OMS) sobre el descubrimiento de esa nueva mutaci\u00f3n en su territorio y una semana antes de la llegada a \u00c1msterdam de los dos \u00faltimos vuelos desde el pa\u00eds africano.<\/p>\n<p>&#8220;El Instituto Nacional de Salud P\u00fablica y Medio Ambiente (RIVM) de los Pa\u00edses Bajos encontr\u00f3 la variante \u00d3micron en dos pruebas que ya se hab\u00edan tomado en Pa\u00edses Bajos en noviembre. Son pruebas realizadas el 19 y 23 de noviembre de 2021&#8221;, declar\u00f3 la autoridad sanitaria en un comunicado.<\/p>\n<p>Hasta ahora se pensaba que los primeros casos de la variante en el pa\u00eds europeo eran los 14 positivos que llegaron a \u00c1msterdam en dos vuelos desde Sud\u00e1frica el viernes 26 de noviembre.<\/p>\n<p>Sin embargo, los dos contagios conocidos este martes se dieron antes del 24 de noviembre, fecha en que Sud\u00e1frica inform\u00f3 a la OMS del descubrimiento de la nueva cepa considerada como &#8220;preocupante&#8221;.<\/p>\n<p>&#8220;A\u00fan no est\u00e1 claro que los contagiados hayan estado en el sur de \u00c1frica&#8221;, dijo el RIVM, que inform\u00f3 a los implicados y a\u00f1adi\u00f3 que los servicios municipales est\u00e1n buscando posibles contactos.<\/p>\n<p>&#8220;Se van a realizar estudios para conocer la distribuci\u00f3n de la variante \u00d3micron en Pa\u00edses Bajos&#8221;, explic\u00f3 este instituto, que volver\u00e1 a examinar muestras anteriores, inform\u00f3 la agencia de noticias AFP.<\/p>\n<figure class=\"mb-3\"><img loading=\"lazy\" src=\"http:\/\/cordobadirecto.com\/wp-content\/uploads\/2021\/11\/la-variante-omicron-estaba-presente-en-paises-bajos-antes-de-identificarse-en-sudafrica-1.jpg\" width=\"100%\" height=\"100%\" alt=\"Telam SE\"><figcaption><\/figcaption><\/figure>\n<p><strong>Con 16 casos confirmados, el pa\u00eds es uno de los que tiene mayor n\u00famero de contagiados por \u00d3micron en Europa.<\/strong><\/p>\n<p>Los 14 casos que llegaron a \u00c1msterdam el martes est\u00e1n actualmente bajo cuarentena.<\/p>\n<p>El 26 de noviembre, la OMS calific\u00f3 de &#8220;preocupante&#8221; a \u00d3micron identificada en Sud\u00e1frica, debido a un gran n\u00famero de mutaciones que apuntan a un mayor riesgo de reinfecci\u00f3n en comparaci\u00f3n con otras variantes de preocupaci\u00f3n.<\/p>\n<p>Ese mismo d\u00eda, Pa\u00edses Bajos suspendi\u00f3 hasta el 4 de diciembre los vuelos desde Sud\u00e1frica, Lesoto, Botsuana, Namibia y Esuatini.<\/p>\n<p>El lunes, la OMS advirti\u00f3 que el riesgo global relacionado con la nueva variante \u00d3micron &#8220;es muy alto&#8221;. <\/p>\n","protected":false},"excerpt":{"rendered":"<p>&#8220;Se van a realizar estudios para conocer la distribuci\u00f3n de la variante \u00d3micron en Pa\u00edses Bajos&#8221;, explic\u00f3 el RIVM Las autoridades sanitarias neerlandesas afirmaron hoy que la variante \u00d3micron del coronavirus ya estaba presente en el pa\u00eds el 19 de noviembre, cinco d\u00edas antes de que Sud\u00e1frica informara a la Organizaci\u00f3n Mundial de la Salud [&hellip;]<\/p>\n","protected":false},"author":1,"featured_media":30961,"comment_status":"closed","ping_status":"closed","sticky":false,"template":"","format":"standard","meta":[],"categories":[24],"tags":[],"_links":{"self":[{"href":"http:\/\/cordobadirecto.com\/index.php\/wp-json\/wp\/v2\/posts\/30960"}],"collection":[{"href":"http:\/\/cordobadirecto.com\/index.php\/wp-json\/wp\/v2\/posts"}],"about":[{"href":"http:\/\/cordobadirecto.com\/index.php\/wp-json\/wp\/v2\/types\/post"}],"author":[{"embeddable":true,"href":"http:\/\/cordobadirecto.com\/index.php\/wp-json\/wp\/v2\/users\/1"}],"replies":[{"embeddable":true,"href":"http:\/\/cordobadirecto.com\/index.php\/wp-json\/wp\/v2\/comments?post=30960"}],"version-history":[{"count":0,"href":"http:\/\/cordobadirecto.com\/index.php\/wp-json\/wp\/v2\/posts\/30960\/revisions"}],"wp:featuredmedia":[{"embeddable":true,"href":"http:\/\/cordobadirecto.com\/index.php\/wp-json\/wp\/v2\/media\/30961"}],"wp:attachment":[{"href":"http:\/\/cordobadirecto.com\/index.php\/wp-json\/wp\/v2\/media?parent=30960"}],"wp:term":[{"taxonomy":"category","embeddable":true,"href":"http:\/\/cordobadirecto.com\/index.php\/wp-json\/wp\/v2\/categories?post=30960"},{"taxonomy":"post_tag","embeddable":true,"href":"http:\/\/cordobadirecto.com\/index.php\/wp-json\/wp\/v2\/tags?post=30960"}],"curies":[{"name":"wp","href":"https:\/\/api.w.org\/{rel}","templated":true}]}}