{"id":30962,"date":"2021-11-30T14:48:00","date_gmt":"2021-11-30T14:48:00","guid":{"rendered":"http:\/\/cordobadirecto.com\/index.php\/2021\/11\/30\/el-maximo-tribunal-aleman-avalo-las-restricciones-nacionales-por-el-coronavirus\/"},"modified":"2021-11-30T14:48:00","modified_gmt":"2021-11-30T14:48:00","slug":"el-maximo-tribunal-aleman-avalo-las-restricciones-nacionales-por-el-coronavirus","status":"publish","type":"post","link":"http:\/\/cordobadirecto.com\/index.php\/2021\/11\/30\/el-maximo-tribunal-aleman-avalo-las-restricciones-nacionales-por-el-coronavirus\/","title":{"rendered":"El m\u00e1ximo tribunal alem\u00e1n aval\u00f3 las restricciones nacionales por el coronavirus"},"content":{"rendered":"<figure class=\"mb-3\"><img loading=\"lazy\" src=\"http:\/\/cordobadirecto.com\/wp-content\/uploads\/2021\/11\/el-maximo-tribunal-aleman-avalo-las-restricciones-nacionales-por-el-coronavirus.jpg\" width=\"100%\" height=\"100%\" alt=\"Los nuevos contagios se dispararon en las ltimas semanas en el pas ms poblado de la Unin Europea Foto AFP\"><figcaption> Los nuevos contagios se dispararon en las \u00faltimas semanas en el pa\u00eds m\u00e1s poblado de la Uni\u00f3n Europea. Foto: AFP <\/figcaption><\/figure>\n<p>El Tribunal Constitucional de Alemania rechaz\u00f3 este martes querellas contra los toques de queda y otras restricciones, impuestas por la legislaci\u00f3n federal a principios de este a\u00f1o para contener la propagaci\u00f3n del coronavirus, al considerar que la decisi\u00f3n no viola la ley fundamental y protege el bien com\u00fan.<\/p>\n<p>El fallo, que podr\u00eda ayudar a las autoridades en su lucha contra el actual fuerte aumento de contagios, se produjo horas antes de que la jefa de Gobierno saliente, la canciller Angela Merkel, y su sucesor designado, Olaf Scholz, se re\u00fanan para abordar la situaci\u00f3n con los l\u00edderes de los 16 estados federados del pa\u00eds.<\/p>\n<p>Los jueces evaluaron que aunque las restricciones de salida y el cierre de escuelas impuestos desde finales de abril hasta finales de junio de 2021 fueron injerencias en los derechos fundamentales de los ciudadanos, el concepto de protecci\u00f3n sirvi\u00f3 &#8220;en su totalidad a la protecci\u00f3n de la vida y al mantenimiento del funcionamiento del sistema de salud, asuntos de inter\u00e9s p\u00fablico de suma importancia&#8221;.<\/p>\n<figure class=\"mb-3\"><img loading=\"lazy\" src=\"http:\/\/cordobadirecto.com\/wp-content\/uploads\/2021\/11\/el-maximo-tribunal-aleman-avalo-las-restricciones-nacionales-por-el-coronavirus-1.jpg\" width=\"100%\" height=\"100%\" alt=\"Foto AFP\"><figcaption> Foto: AFP <\/figcaption><\/figure>\n<p>A partir de una incidencia de contagios de coronavirus de 100 nuevas infecciones por cada 100.000 habitantes, en Alemania se impusieron restricciones m\u00e1s severas, como <strong>limitaciones de contacto<\/strong>, con la <strong>visita de solo un miembro de otro hogar<\/strong> conviviente y, especialmente controvertida, el <strong>toque de queda nocturno<\/strong>.<\/p>\n<p>Debido a los peligros de la pandemia, las restricciones de contacto y el toque de queda son compatibles con la Ley Fundamental, seg\u00fan el tribunal, que tiene su sede en la sure\u00f1a ciudad de Karlsruhe.<\/p>\n<p>Los jueces reconocieron por primera vez el&nbsp;derecho de los ni\u00f1os y j\u00f3venes ante el Estado a la educaci\u00f3n escolar, que sufri\u00f3 masivamente por dicha injerencia estatal, pero -seg\u00fan la sentencia- <strong>al derecho a la educaci\u00f3n se superpuso el &#8220;inter\u00e9s p\u00fablico primordial&#8221; en forma de defensa contra peligros<\/strong>.<\/p>\n<figure class=\"mb-3\"><img loading=\"lazy\" src=\"http:\/\/cordobadirecto.com\/wp-content\/uploads\/2021\/11\/el-maximo-tribunal-aleman-avalo-las-restricciones-nacionales-por-el-coronavirus-2.jpg\" width=\"100%\" height=\"100%\" alt=\"Los hospitales del este y el sur del pas ya estn transfiriendo pacientes de cuidados intensivos a otras partes Foto AFP\"><figcaption> Los hospitales del este y el sur del pa\u00eds ya est\u00e1n transfiriendo pacientes de cuidados intensivos a otras partes. Foto: AFP <\/figcaption><\/figure>\n<p>El fallo aliment\u00f3 los llamados a una nueva ronda de acci\u00f3n coordinada, luego de la falta de uniformidad en las restricciones adoptadas por los distintos estados.<\/p>\n<p>&#8220;Ahora necesitamos un freno de emergencia que funcione en todo el pa\u00eds bajo reglas uniformes y que la gente pueda entender&#8221;, dijo el ministro de la canciller\u00eda en funciones, Helge Braun, inform\u00f3 la agencia de noticias alemana DPA.<\/p>\n<p>&#8220;El veredicto deja en claro que es posible una acci\u00f3n uniforme y vinculante en la crisis de la Covid-19. Y a\u00f1adir\u00eda que en la dif\u00edcil situaci\u00f3n actual tambi\u00e9n es necesario&#8221;, agreg\u00f3.<\/p>\n<figure class=\"mb-3\"><img loading=\"lazy\" src=\"http:\/\/cordobadirecto.com\/wp-content\/uploads\/2021\/11\/el-maximo-tribunal-aleman-avalo-las-restricciones-nacionales-por-el-coronavirus-3.jpg\" width=\"100%\" height=\"100%\" alt=\"Foto AFP\"><figcaption> Foto: AFP <\/figcaption><\/figure>\n<p>Los nuevos contagios se dispararon en las \u00faltimas semanas en el pa\u00eds m\u00e1s poblado de la Uni\u00f3n Europea, particularmente en el este y el sur, donde los hospitales ya est\u00e1n transfiriendo pacientes de cuidados intensivos a otras partes de Alemania.<\/p>\n<p>Se han alcanzado niveles mucho m\u00e1s altos que los que experiment\u00f3 el pa\u00eds a principios de este a\u00f1o, aunque muchos m\u00e1s alemanes est\u00e1n vacunados ahora que entonces.<\/p>\n<p>Este martes, la tasa de incidencia de siete d\u00edas del pa\u00eds descendi\u00f3 por primera vez en m\u00e1s de tres semanas, pero, a 452,2 casos nuevos por cada 100.000 habitantes, estuvo apenas por debajo del r\u00e9cord del lunes de 452,4.<\/p>\n<blockquote class=\"twitter-tweet\" readability=\"9.1104815864023\">\n<p lang=\"de\" dir=\"ltr\">Neuer <a href=\"https:\/\/twitter.com\/hashtag\/RKI?src=hash&amp;ref_src=twsrc%5Etfw\">#RKI<\/a> Flyer &#8220;Sicher durch den <a href=\"https:\/\/twitter.com\/hashtag\/Winter?src=hash&amp;ref_src=twsrc%5Etfw\">#Winter<\/a>&#8221; <\/p>\n<p>8 Empfehlungen wie wir sicher durch den Winter &amp; die Vorweihnachtszeit kommen. Unser Verhalten hat einen entscheidenden Einfluss auf die Zahl <br \/>der <a href=\"https:\/\/twitter.com\/hashtag\/COVID19?src=hash&amp;ref_src=twsrc%5Etfw\">#COVID19<\/a>-Infektionen. <\/p>\n<p>\u27a1\ufe0f<a href=\"https:\/\/t.co\/tOOr1B3W5w\">https:\/\/t.co\/tOOr1B3W5w<\/a><\/p>\n<p>Alle Tipps auf einen Blick \u2935\ufe0f <a href=\"https:\/\/t.co\/cmWk6JHomS\">pic.twitter.com\/cmWk6JHomS<\/a><\/p>\n<p>\u2014 Robert Koch-Institut (@rki_de) <a href=\"https:\/\/twitter.com\/rki_de\/status\/1465603553746112514?ref_src=twsrc%5Etfw\">November 30, 2021<\/a><\/p><\/blockquote>\n<p>El centro de control de enfermedades del pa\u00eds, el Instituto Robert Koch, inform\u00f3 <strong>45.753 casos en las \u00faltimas 24 horas y 388 muertes<\/strong>, lo que eleva el total de decesos a 101.344.<\/p>\n<p>Al menos el 68,4% de la poblaci\u00f3n de 83 millones est\u00e1 ahora completamente vacunada, por debajo del umbral m\u00ednimo del 75% esperado por el Gobierno. <\/p>\n","protected":false},"excerpt":{"rendered":"<p>Los nuevos contagios se dispararon en las \u00faltimas semanas en el pa\u00eds m\u00e1s poblado de la Uni\u00f3n Europea. Foto: AFP El Tribunal Constitucional de Alemania rechaz\u00f3 este martes querellas contra los toques de queda y otras restricciones, impuestas por la legislaci\u00f3n federal a principios de este a\u00f1o para contener la propagaci\u00f3n del coronavirus, al considerar [&hellip;]<\/p>\n","protected":false},"author":1,"featured_media":30963,"comment_status":"closed","ping_status":"closed","sticky":false,"template":"","format":"standard","meta":[],"categories":[24],"tags":[],"_links":{"self":[{"href":"http:\/\/cordobadirecto.com\/index.php\/wp-json\/wp\/v2\/posts\/30962"}],"collection":[{"href":"http:\/\/cordobadirecto.com\/index.php\/wp-json\/wp\/v2\/posts"}],"about":[{"href":"http:\/\/cordobadirecto.com\/index.php\/wp-json\/wp\/v2\/types\/post"}],"author":[{"embeddable":true,"href":"http:\/\/cordobadirecto.com\/index.php\/wp-json\/wp\/v2\/users\/1"}],"replies":[{"embeddable":true,"href":"http:\/\/cordobadirecto.com\/index.php\/wp-json\/wp\/v2\/comments?post=30962"}],"version-history":[{"count":0,"href":"http:\/\/cordobadirecto.com\/index.php\/wp-json\/wp\/v2\/posts\/30962\/revisions"}],"wp:featuredmedia":[{"embeddable":true,"href":"http:\/\/cordobadirecto.com\/index.php\/wp-json\/wp\/v2\/media\/30963"}],"wp:attachment":[{"href":"http:\/\/cordobadirecto.com\/index.php\/wp-json\/wp\/v2\/media?parent=30962"}],"wp:term":[{"taxonomy":"category","embeddable":true,"href":"http:\/\/cordobadirecto.com\/index.php\/wp-json\/wp\/v2\/categories?post=30962"},{"taxonomy":"post_tag","embeddable":true,"href":"http:\/\/cordobadirecto.com\/index.php\/wp-json\/wp\/v2\/tags?post=30962"}],"curies":[{"name":"wp","href":"https:\/\/api.w.org\/{rel}","templated":true}]}}