{"id":30974,"date":"2021-11-30T20:03:00","date_gmt":"2021-11-30T20:03:00","guid":{"rendered":"http:\/\/cordobadirecto.com\/index.php\/2021\/11\/30\/puerto-de-la-innovacion-santa-fe-firmo-un-acuerdo-para-reunir-toda-su-economia-del-conocimiento\/"},"modified":"2021-11-30T20:03:00","modified_gmt":"2021-11-30T20:03:00","slug":"puerto-de-la-innovacion-santa-fe-firmo-un-acuerdo-para-reunir-toda-su-economia-del-conocimiento","status":"publish","type":"post","link":"http:\/\/cordobadirecto.com\/index.php\/2021\/11\/30\/puerto-de-la-innovacion-santa-fe-firmo-un-acuerdo-para-reunir-toda-su-economia-del-conocimiento\/","title":{"rendered":"Puerto de la Innovaci\u00f3n: Santa Fe firm\u00f3 un acuerdo para reunir toda su <b>econom\u00eda<\/b> del conocimiento"},"content":{"rendered":"<p>El objetivo es vincular a todos los actores de la <b>econom\u00eda<\/b> del conocimiento y &#8230; a una <b>nueva econom\u00eda<\/b> tendente al bienestar social y ambiental. <\/p>\n","protected":false},"excerpt":{"rendered":"<p>El objetivo es vincular a todos los actores de la econom\u00eda del conocimiento y &#8230; a una nueva econom\u00eda tendente al bienestar social y ambiental.<\/p>\n","protected":false},"author":1,"featured_media":0,"comment_status":"closed","ping_status":"closed","sticky":false,"template":"","format":"standard","meta":[],"categories":[40],"tags":[],"_links":{"self":[{"href":"http:\/\/cordobadirecto.com\/index.php\/wp-json\/wp\/v2\/posts\/30974"}],"collection":[{"href":"http:\/\/cordobadirecto.com\/index.php\/wp-json\/wp\/v2\/posts"}],"about":[{"href":"http:\/\/cordobadirecto.com\/index.php\/wp-json\/wp\/v2\/types\/post"}],"author":[{"embeddable":true,"href":"http:\/\/cordobadirecto.com\/index.php\/wp-json\/wp\/v2\/users\/1"}],"replies":[{"embeddable":true,"href":"http:\/\/cordobadirecto.com\/index.php\/wp-json\/wp\/v2\/comments?post=30974"}],"version-history":[{"count":0,"href":"http:\/\/cordobadirecto.com\/index.php\/wp-json\/wp\/v2\/posts\/30974\/revisions"}],"wp:attachment":[{"href":"http:\/\/cordobadirecto.com\/index.php\/wp-json\/wp\/v2\/media?parent=30974"}],"wp:term":[{"taxonomy":"category","embeddable":true,"href":"http:\/\/cordobadirecto.com\/index.php\/wp-json\/wp\/v2\/categories?post=30974"},{"taxonomy":"post_tag","embeddable":true,"href":"http:\/\/cordobadirecto.com\/index.php\/wp-json\/wp\/v2\/tags?post=30974"}],"curies":[{"name":"wp","href":"https:\/\/api.w.org\/{rel}","templated":true}]}}