{"id":31060,"date":"2021-12-01T08:57:29","date_gmt":"2021-12-01T08:57:29","guid":{"rendered":"http:\/\/cordobadirecto.com\/index.php\/2021\/12\/01\/boca-y-newells-igualaron-sin-goles-en-la-bombonera\/"},"modified":"2021-12-01T08:57:29","modified_gmt":"2021-12-01T08:57:29","slug":"boca-y-newells-igualaron-sin-goles-en-la-bombonera","status":"publish","type":"post","link":"http:\/\/cordobadirecto.com\/index.php\/2021\/12\/01\/boca-y-newells-igualaron-sin-goles-en-la-bombonera\/","title":{"rendered":"Boca y Newell&#8217;s igualaron sin goles en La Bombonera"},"content":{"rendered":"<figure class=\"mb-3\"><img loading=\"lazy\" src=\"http:\/\/cordobadirecto.com\/wp-content\/uploads\/2021\/12\/boca-y-newells-igualaron-sin-goles-en-la-bombonera.jpg\" width=\"100%\" height=\"100%\" alt=\"Juan Ramrez y Julin Fernndez disputan la pelota Foto Alfredo Luna\"><figcaption> Juan Ram\u00edrez y Juli\u00e1n Fern\u00e1ndez disputan la pelota (Foto: Alfredo Luna). <\/figcaption><\/figure>\n<p>Boca Juniors no pas\u00f3 de un empate sin goles en la Bombonera, luego de caer en la fecha anterior frente a Independiente en Avellaneda, y al cabo de la 23ra. fecha del campeonato de la Liga Profesional sigue afuera de los puestos de clasificaci\u00f3n a la Libertadores 2022 por tabla anual, por lo que cada vez se le presenta como m\u00e1s trascendente para ese objetivo la final de Copa Argentina del pr\u00f3ximo 8 de diciembre en Santiago del Estero.<\/p>\n<p>El primer tiempo del partido estuvo enmarcado por el &#8220;misterioso&#8221; accionar previo del t\u00e9cnico local, Sebasti\u00e1n Battaglia, que decidi\u00f3 cuatro variantes respecto del equipo anunciado para jugar este mismo partido el pasado domingo, cuando fue suspendido por la lluvia que aneg\u00f3 el piso de la Bombonera, y con el que practic\u00f3 inclusive este lunes.<\/p>\n<p>La salida de Eros Mancuso para dejarle su lugar a Luis Adv\u00edncula no despert\u00f3 las mismas sospechas que las de Edwin Cardona (entr\u00f3 Eduardo Salvio), Sebasti\u00e1n Villa (Exequiel Zeballos) y Carlos Zambrano (Lisandro L\u00f3pez).<\/p>\n<p>Los rumores no tardaron en correr a raudales por los pasillos y los palcos de prensa de la Bombonera, pero sin confirmaci\u00f3n alguna de los protagonistas ni del propio entrenador respecto de si sucedi\u00f3 algo en el entrenamiento matutino mencionado.<\/p>\n<p>Esa &#8220;comidilla&#8221; previa termin\u00f3 siendo lo m\u00e1s atractivo del primer tiempo, ya que Boca, ni tampoco este tibio Newell&#8217;s que ni entrenador titular tiene (Adri\u00e1n Taffarel es interino), abrieron ning\u00fan \u00edtem que llamaran la atenci\u00f3n de la numerosa concurrencia que asisti\u00f3 nuevamente al estadio boquense.<\/p>\n<p>Sin llegadas ni f\u00fatbol fluido desde ambas partes, la presencia como titular de Zeballos, de reciente convocatoria a la selecci\u00f3n mayor argentina, fue la m\u00e1s celebrada por los hinchas &#8220;xeneizes&#8221;, aunque el &#8220;Changuito&#8221; en su af\u00e1n por demostrar y corresponder a tanto cari\u00f1o, termin\u00f3 insinuando m\u00e1s de lo que concret\u00f3.<\/p>\n<p>Claro que lo mismo ocurri\u00f3 con sus compa\u00f1eros, que solamente terminaron siendo espectadores de un exjugador del club como Pablo P\u00e9rez, que manej\u00f3 los hilos de la media cancha \u00f1ulista y fue el gestor de las mejores acciones ofensivas de su equipo, sobre todo hasta los primeros 20 minutos del complemento, ya que en ese lapso de la segunda parte sobre todo se vio lo mejor del conjunto rosarino.<\/p>\n<figure class=\"mb-3\"><img loading=\"lazy\" src=\"http:\/\/cordobadirecto.com\/wp-content\/uploads\/2021\/12\/boca-y-newells-igualaron-sin-goles-en-la-bombonera-1.jpg\" width=\"100%\" height=\"100%\" alt=\"Rojo y Garro en otra secuencia del juego Foto Alfredo Luna\"><figcaption> Rojo y Garro en otra secuencia del juego (Foto: Alfredo Luna). <\/figcaption><\/figure>\n<p>Newell&#8217;s ten\u00eda la pelota y entonces a Battaglia no le qued\u00f3 m\u00e1s remedio que mandar a la cancha a los colombianos Villa y Cardona por los extremos Zeballos y Salvio, tambi\u00e9n de improductiva producci\u00f3n.<\/p>\n<p>La mejor\u00eda del conjunto auriazul fue inmediata, generando Boca las mejores opciones de la noche, una inclusive con un gol anulado a Luis V\u00e1zquez por tener apenas la rodilla derecha adelantada.<\/p>\n<p>Despu\u00e9s volvi\u00f3 a caer en otro bache, justo cuando en la visita se produjo el ingreso de Maximiliano Rodr\u00edguez, quien tendr\u00eda en sus pies la posibilidad m\u00e1s clara del visitante.<\/p>\n<p>Sobre el final, otra vez lleg\u00f3 la presi\u00f3n &#8220;xeneize&#8221; que tuvo el gol al alcance de la cabeza de Marcos Rojo, cuyo frentazo se estrell\u00f3 contra el palo izquierdo del arco defendido por Ramiro Macagno, y en los pies de Cardona, cuyo tiro libre tuvo el mismo destino que el del exdefensor del seleccionado argentino.<\/p>\n<p>Pero la chance que malogr\u00f3 V\u00e1zquez despu\u00e9s de un rebote de Macagno, cuando en el \u00e1rea chica y a poco m\u00e1s de un metro de la l\u00ednea de gol, remat\u00f3 contra el palo derecho, hicieron que la frustraci\u00f3n generalizada fuera aun mayor, sobre todo porque con esa chance y otra m\u00e1s dilapidada por el mismo delantero, los boquenses siguen fuera de puestos de Copa Libertadores en la Tabla Anual.<\/p>\n<p>Por eso los hinchas despidieron al equipo exigi\u00e9ndole que el 8 de diciembre, en la final de la Copa Argentina ante Talleres o Godoy Cruz, &#8220;en Santiago del Estero, cueste lo que cueste, hay que ganar&#8221;.<\/p>\n<p>Es que a la Liga Profesional le quedan solamente dos fechas, y la otra v\u00eda para llegar a la Libertadores est\u00e1 justamente en esa estaci\u00f3n de Copa Argentina. Hoy por hoy Boca solamente tiene asegurada su participaci\u00f3n en la Copa Sudamericana del a\u00f1o pr\u00f3ximo, aunque sus dos fechas finales de la LPF parecen accesibles: el \u00faltimo Arsenal como visitante y Central C\u00f3rdoba cerrando de local.<\/p>\n<p>Boca est\u00e1 en esa Tabla Anual un punto por debajo de Estudiantes, que el pr\u00f3ximo fin de semana visitar\u00e1 a Gimnasia y Esgrima en el cl\u00e1sico de La Plata.<\/p>\n<p>De cualquier manera, &#8220;pinchas&#8221; y &#8220;xeneizes&#8221; pugnan por ese \u00faltimo puesto que est\u00e1 clasificando a un representante argentino al Repechaje de la Libertadores del a\u00f1o que viene y no a la fase de grupos, algo que el equipo de la Ribera si conseguir\u00eda de ganar la Copa Argentina.<\/p>\n","protected":false},"excerpt":{"rendered":"<p>Juan Ram\u00edrez y Juli\u00e1n Fern\u00e1ndez disputan la pelota (Foto: Alfredo Luna). Boca Juniors no pas\u00f3 de un empate sin goles en la Bombonera, luego de caer en la fecha anterior frente a Independiente en Avellaneda, y al cabo de la 23ra. fecha del campeonato de la Liga Profesional sigue afuera de los puestos de clasificaci\u00f3n [&hellip;]<\/p>\n","protected":false},"author":1,"featured_media":31061,"comment_status":"closed","ping_status":"closed","sticky":false,"template":"","format":"standard","meta":[],"categories":[21],"tags":[],"_links":{"self":[{"href":"http:\/\/cordobadirecto.com\/index.php\/wp-json\/wp\/v2\/posts\/31060"}],"collection":[{"href":"http:\/\/cordobadirecto.com\/index.php\/wp-json\/wp\/v2\/posts"}],"about":[{"href":"http:\/\/cordobadirecto.com\/index.php\/wp-json\/wp\/v2\/types\/post"}],"author":[{"embeddable":true,"href":"http:\/\/cordobadirecto.com\/index.php\/wp-json\/wp\/v2\/users\/1"}],"replies":[{"embeddable":true,"href":"http:\/\/cordobadirecto.com\/index.php\/wp-json\/wp\/v2\/comments?post=31060"}],"version-history":[{"count":0,"href":"http:\/\/cordobadirecto.com\/index.php\/wp-json\/wp\/v2\/posts\/31060\/revisions"}],"wp:featuredmedia":[{"embeddable":true,"href":"http:\/\/cordobadirecto.com\/index.php\/wp-json\/wp\/v2\/media\/31061"}],"wp:attachment":[{"href":"http:\/\/cordobadirecto.com\/index.php\/wp-json\/wp\/v2\/media?parent=31060"}],"wp:term":[{"taxonomy":"category","embeddable":true,"href":"http:\/\/cordobadirecto.com\/index.php\/wp-json\/wp\/v2\/categories?post=31060"},{"taxonomy":"post_tag","embeddable":true,"href":"http:\/\/cordobadirecto.com\/index.php\/wp-json\/wp\/v2\/tags?post=31060"}],"curies":[{"name":"wp","href":"https:\/\/api.w.org\/{rel}","templated":true}]}}