{"id":31092,"date":"2021-12-01T08:58:01","date_gmt":"2021-12-01T08:58:01","guid":{"rendered":"http:\/\/cordobadirecto.com\/index.php\/2021\/12\/01\/la-orquesta-de-camara-del-congreso-saluda-los-100-de-piazzolla-con-mainetti-en-bandoneon\/"},"modified":"2021-12-01T08:58:01","modified_gmt":"2021-12-01T08:58:01","slug":"la-orquesta-de-camara-del-congreso-saluda-los-100-de-piazzolla-con-mainetti-en-bandoneon","status":"publish","type":"post","link":"http:\/\/cordobadirecto.com\/index.php\/2021\/12\/01\/la-orquesta-de-camara-del-congreso-saluda-los-100-de-piazzolla-con-mainetti-en-bandoneon\/","title":{"rendered":"La Orquesta de C\u00e1mara del Congreso saluda los 100 de Piazzolla con Mainetti en bandone\u00f3n"},"content":{"rendered":"<figure class=\"mb-3\"><img loading=\"lazy\" src=\"http:\/\/cordobadirecto.com\/wp-content\/uploads\/2021\/12\/la-orquesta-de-camara-del-congreso-saluda-los-100-de-piazzolla-con-mainetti-en-bandoneon.jpg\" width=\"100%\" height=\"100%\" alt=\"Pablo Mainetti homenajea a Astor Piazzolla Foto Ral Ferrari\"><figcaption> Pablo Mainetti homenajea a Astor Piazzolla (Foto: Ra\u00fal Ferrari) <\/figcaption><\/figure>\n<p>La <strong>Orquesta de C\u00e1mara del Congreso de la Naci\u00f3n<\/strong> homenajear\u00e1 el pr\u00f3ximo viernes al centenario m\u00fasico y compositor Astor Piazzolla con el concierto gratuito <strong>\u201cHomenaje para Astor\u201d <\/strong>que sumar\u00e1 la presencia como solista invitado del bandoneonista <strong>Pablo Mainetti.<\/strong><\/p>\n<p>El concierto a realizarse desde las 19.30 en el<strong> Edificio del Molino<\/strong> (Rivadavia 1815), con entrada gratuita previa inscripci\u00f3n, ser\u00e1 dirigido por <strong>Sebastiano De Filippi<\/strong>, y en \u00e9l Mainetti interpretar\u00e1 la obra <strong>\u201cAbrazo para Astor\u201d<\/strong>, escrita especialmente y dedicada a la <strong>Orquesta de C\u00e1mara del Congreso.<\/strong><\/p>\n<p>Asimismo, se entregar\u00e1 en este marco una bandeja de plata a <strong>Laura Escalada de Piazzolla<\/strong>, viuda del m\u00fasico; que recibir\u00e1 en su nombre<strong> Daniel Villaflor Piazzolla<\/strong>, nieto del artista y vicepresidente de la fundaci\u00f3n que lleva su nombre.<\/p>\n<p>Premiada por segunda vez consecutiva como <strong>\u201cmejor orquesta de c\u00e1mara del pa\u00eds\u201d por la Asociaci\u00f3n de Cr\u00edticos Musicales de la Argentina<\/strong>, la agrupaci\u00f3n est\u00e1 integrada por una veintena de instrumentistas de cuerda, y es actualmente la \u00fanica en su tipo profesional, estable y oficial con sede en la ciudad de Buenos Aires.<\/p>\n<p>Las entradas deben solicitarse a trav\u00e9s de un formulario que se encontrar\u00e1 en las p\u00e1ginas www.senado.gob.ar y www.hcdn.gob.ar y en las redes sociales de ambas c\u00e1maras. Adem\u00e1s, el concierto podr\u00e1 disfrutarse en directo por el canal del <a href=\"https:\/\/www.youtube.com\/channel\/UCStm2uvQKowSXrnCzTWAn6Q\" target=\"_blank\" rel=\"noopener\">Senado TV en YouTube<\/a>. <\/p>\n","protected":false},"excerpt":{"rendered":"<p>Pablo Mainetti homenajea a Astor Piazzolla (Foto: Ra\u00fal Ferrari) La Orquesta de C\u00e1mara del Congreso de la Naci\u00f3n homenajear\u00e1 el pr\u00f3ximo viernes al centenario m\u00fasico y compositor Astor Piazzolla con el concierto gratuito \u201cHomenaje para Astor\u201d que sumar\u00e1 la presencia como solista invitado del bandoneonista Pablo Mainetti. El concierto a realizarse desde las 19.30 en [&hellip;]<\/p>\n","protected":false},"author":1,"featured_media":31093,"comment_status":"closed","ping_status":"closed","sticky":false,"template":"","format":"standard","meta":[],"categories":[20],"tags":[],"_links":{"self":[{"href":"http:\/\/cordobadirecto.com\/index.php\/wp-json\/wp\/v2\/posts\/31092"}],"collection":[{"href":"http:\/\/cordobadirecto.com\/index.php\/wp-json\/wp\/v2\/posts"}],"about":[{"href":"http:\/\/cordobadirecto.com\/index.php\/wp-json\/wp\/v2\/types\/post"}],"author":[{"embeddable":true,"href":"http:\/\/cordobadirecto.com\/index.php\/wp-json\/wp\/v2\/users\/1"}],"replies":[{"embeddable":true,"href":"http:\/\/cordobadirecto.com\/index.php\/wp-json\/wp\/v2\/comments?post=31092"}],"version-history":[{"count":0,"href":"http:\/\/cordobadirecto.com\/index.php\/wp-json\/wp\/v2\/posts\/31092\/revisions"}],"wp:featuredmedia":[{"embeddable":true,"href":"http:\/\/cordobadirecto.com\/index.php\/wp-json\/wp\/v2\/media\/31093"}],"wp:attachment":[{"href":"http:\/\/cordobadirecto.com\/index.php\/wp-json\/wp\/v2\/media?parent=31092"}],"wp:term":[{"taxonomy":"category","embeddable":true,"href":"http:\/\/cordobadirecto.com\/index.php\/wp-json\/wp\/v2\/categories?post=31092"},{"taxonomy":"post_tag","embeddable":true,"href":"http:\/\/cordobadirecto.com\/index.php\/wp-json\/wp\/v2\/tags?post=31092"}],"curies":[{"name":"wp","href":"https:\/\/api.w.org\/{rel}","templated":true}]}}