{"id":31094,"date":"2021-12-01T08:58:03","date_gmt":"2021-12-01T08:58:03","guid":{"rendered":"http:\/\/cordobadirecto.com\/index.php\/2021\/12\/01\/guasones-regresa-a-obras-el-10-de-diciembre\/"},"modified":"2021-12-01T08:58:03","modified_gmt":"2021-12-01T08:58:03","slug":"guasones-regresa-a-obras-el-10-de-diciembre","status":"publish","type":"post","link":"http:\/\/cordobadirecto.com\/index.php\/2021\/12\/01\/guasones-regresa-a-obras-el-10-de-diciembre\/","title":{"rendered":"Guasones regresa a Obras el 10 de diciembre"},"content":{"rendered":"<figure class=\"mb-3\"><img loading=\"lazy\" src=\"http:\/\/cordobadirecto.com\/wp-content\/uploads\/2021\/12\/guasones-regresa-a-obras-el-10-de-diciembre.jpg\" width=\"100%\" height=\"100%\" alt=\"Facundo Soto el lider de Guasones\"><figcaption> Facundo Soto, el lider de Guasones. <\/figcaption><\/figure>\n<p><strong>Guasones<\/strong>, el grupo platense liderado por <strong>Facundo Soto<\/strong>, se presentar\u00e1 el <strong>10 de diciembre en el escenario de Obras Sanitarias<\/strong>, en el que marco de una extensa gira que comenz\u00f3 el mes pasado por el interior del pa\u00eds y que tuvo tambi\u00e9n una escala por Montevideo (Uruguay).<\/p>\n<p>El grupo viene de estrenar d\u00edas atr\u00e1s <strong>&#8220;Ni Siquiera&#8221;<\/strong>, el segundo adelanto de su pr\u00f3ximo trabajo discogr\u00e1fico, que tuvo en la producci\u00f3n art\u00edstica al guitarrista estadounidense <strong>Jimmy Rip<\/strong>, reconocido por su labor junto a <strong>Mick Jagger<\/strong> y actual miembro de Television.<\/p>\n<div class=\"video_repositive\"><a class=\"video_sticky\" href=\"javascript:void();\" onclick=\"removeStuckVideo(true);\"><i class=\"far fa-window-close\"><\/i><\/a><\/p>\n<div id=\"aCiqEqTXgHc\" class=\"video_telam\">\n<div class=\"feature_article_inner\">\n<p><h2 class=\"text-center\">Guasones &#8220;Ni siquiera&#8221;<\/h2>\n<\/p>\n<\/div>\n<p>VER VIDEO <i class=\"fas fa-play\"><\/i><\/p>\n<\/div>\n<\/div>\n<p>Guasones confirm\u00f3 adem\u00e1s que su pr\u00f3ximo disco, bautizado como <strong>&#8220;El Hurac\u00e1n Vol.9&#8221;<\/strong>, llegar\u00e1 a las bateas el pr\u00f3ximo a\u00f1o, seg\u00fan informaron en un comunicado de prensa.<\/p>\n<p>Con el nuevo single, <strong>la agrupaci\u00f3n reafirma su poder imbatible para las buenas canciones, con un sonido elegante con coraz\u00f3n de hit, de esos que los ha llevado a convertirse en una de las bandas m\u00e1s destacas<\/strong> y populares del rock nacional.<\/p>\n<p>&#8220;Ni siquiera&#8221;, que fue grabado en El Abasto Monsterland (Gral. Rodr\u00edguez) por Alvaro Villagra y en Estudio Mir\u00edfico (La Plata) por Facundo Lizondo entre diciembre de 2019 y marzo del 2020, cuenta con el aporte en arm\u00f3nica de <strong>Federico Vi\u00f1a<\/strong> y con el propio Rip que puso su destreza en el instrumento al servicio de la canci\u00f3n. <\/p>\n","protected":false},"excerpt":{"rendered":"<p>Facundo Soto, el lider de Guasones. Guasones, el grupo platense liderado por Facundo Soto, se presentar\u00e1 el 10 de diciembre en el escenario de Obras Sanitarias, en el que marco de una extensa gira que comenz\u00f3 el mes pasado por el interior del pa\u00eds y que tuvo tambi\u00e9n una escala por Montevideo (Uruguay). El grupo [&hellip;]<\/p>\n","protected":false},"author":1,"featured_media":31095,"comment_status":"closed","ping_status":"closed","sticky":false,"template":"","format":"standard","meta":[],"categories":[20],"tags":[],"_links":{"self":[{"href":"http:\/\/cordobadirecto.com\/index.php\/wp-json\/wp\/v2\/posts\/31094"}],"collection":[{"href":"http:\/\/cordobadirecto.com\/index.php\/wp-json\/wp\/v2\/posts"}],"about":[{"href":"http:\/\/cordobadirecto.com\/index.php\/wp-json\/wp\/v2\/types\/post"}],"author":[{"embeddable":true,"href":"http:\/\/cordobadirecto.com\/index.php\/wp-json\/wp\/v2\/users\/1"}],"replies":[{"embeddable":true,"href":"http:\/\/cordobadirecto.com\/index.php\/wp-json\/wp\/v2\/comments?post=31094"}],"version-history":[{"count":0,"href":"http:\/\/cordobadirecto.com\/index.php\/wp-json\/wp\/v2\/posts\/31094\/revisions"}],"wp:featuredmedia":[{"embeddable":true,"href":"http:\/\/cordobadirecto.com\/index.php\/wp-json\/wp\/v2\/media\/31095"}],"wp:attachment":[{"href":"http:\/\/cordobadirecto.com\/index.php\/wp-json\/wp\/v2\/media?parent=31094"}],"wp:term":[{"taxonomy":"category","embeddable":true,"href":"http:\/\/cordobadirecto.com\/index.php\/wp-json\/wp\/v2\/categories?post=31094"},{"taxonomy":"post_tag","embeddable":true,"href":"http:\/\/cordobadirecto.com\/index.php\/wp-json\/wp\/v2\/tags?post=31094"}],"curies":[{"name":"wp","href":"https:\/\/api.w.org\/{rel}","templated":true}]}}