{"id":31141,"date":"2021-12-01T04:15:48","date_gmt":"2021-12-01T04:15:48","guid":{"rendered":"http:\/\/cordobadirecto.com\/index.php\/2021\/12\/01\/la-economia-de-santa-fe-crecio-4-interanual-en-septiembre-la-capital\/"},"modified":"2021-12-01T04:15:48","modified_gmt":"2021-12-01T04:15:48","slug":"la-economia-de-santa-fe-crecio-4-interanual-en-septiembre-la-capital","status":"publish","type":"post","link":"http:\/\/cordobadirecto.com\/index.php\/2021\/12\/01\/la-economia-de-santa-fe-crecio-4-interanual-en-septiembre-la-capital\/","title":{"rendered":"La <b>econom\u00eda<\/b> de Santa Fe creci\u00f3 4% interanual en septiembre &#8211; La Capital"},"content":{"rendered":"<p>La <b>econom\u00eda<\/b> provincial creci\u00f3 4% interanual y 0,2% en septiembre, &#8230; una <b>nueva<\/b> desaceleraci\u00f3n en el proceso de recuperaci\u00f3n de la <b>econom\u00eda<\/b>\u201d. <\/p>\n","protected":false},"excerpt":{"rendered":"<p>La econom\u00eda provincial creci\u00f3 4% interanual y 0,2% en septiembre, &#8230; una nueva desaceleraci\u00f3n en el proceso de recuperaci\u00f3n de la econom\u00eda\u201d.<\/p>\n","protected":false},"author":1,"featured_media":0,"comment_status":"closed","ping_status":"closed","sticky":false,"template":"","format":"standard","meta":[],"categories":[40],"tags":[],"_links":{"self":[{"href":"http:\/\/cordobadirecto.com\/index.php\/wp-json\/wp\/v2\/posts\/31141"}],"collection":[{"href":"http:\/\/cordobadirecto.com\/index.php\/wp-json\/wp\/v2\/posts"}],"about":[{"href":"http:\/\/cordobadirecto.com\/index.php\/wp-json\/wp\/v2\/types\/post"}],"author":[{"embeddable":true,"href":"http:\/\/cordobadirecto.com\/index.php\/wp-json\/wp\/v2\/users\/1"}],"replies":[{"embeddable":true,"href":"http:\/\/cordobadirecto.com\/index.php\/wp-json\/wp\/v2\/comments?post=31141"}],"version-history":[{"count":0,"href":"http:\/\/cordobadirecto.com\/index.php\/wp-json\/wp\/v2\/posts\/31141\/revisions"}],"wp:attachment":[{"href":"http:\/\/cordobadirecto.com\/index.php\/wp-json\/wp\/v2\/media?parent=31141"}],"wp:term":[{"taxonomy":"category","embeddable":true,"href":"http:\/\/cordobadirecto.com\/index.php\/wp-json\/wp\/v2\/categories?post=31141"},{"taxonomy":"post_tag","embeddable":true,"href":"http:\/\/cordobadirecto.com\/index.php\/wp-json\/wp\/v2\/tags?post=31141"}],"curies":[{"name":"wp","href":"https:\/\/api.w.org\/{rel}","templated":true}]}}