{"id":31144,"date":"2021-12-01T11:19:00","date_gmt":"2021-12-01T11:19:00","guid":{"rendered":"http:\/\/cordobadirecto.com\/index.php\/2021\/12\/01\/japon-suspendio-las-reservas-de-vuelos-por-la-variante-omicron\/"},"modified":"2021-12-01T11:19:00","modified_gmt":"2021-12-01T11:19:00","slug":"japon-suspendio-las-reservas-de-vuelos-por-la-variante-omicron","status":"publish","type":"post","link":"http:\/\/cordobadirecto.com\/index.php\/2021\/12\/01\/japon-suspendio-las-reservas-de-vuelos-por-la-variante-omicron\/","title":{"rendered":"Jap\u00f3n suspendi\u00f3 las reservas de vuelos por la variante \u00d3micron"},"content":{"rendered":"<figure class=\"mb-3\"><img loading=\"lazy\" src=\"http:\/\/cordobadirecto.com\/wp-content\/uploads\/2021\/12\/japon-suspendio-las-reservas-de-vuelos-por-la-variante-omicron.jpg\" width=\"100%\" height=\"100%\" alt=\"Las autoridades anunciaron el martes la deteccin de un primer caso en un pasajero llegado de Namibia Foto AFP\"><figcaption> Las autoridades anunciaron el martes la detecci\u00f3n de un primer caso en un pasajero llegado de Namibia. Foto: AFP. <\/figcaption><\/figure>\n<p>El Gobierno japon\u00e9s solicit\u00f3 a las compa\u00f1\u00edas a\u00e9reas que n<strong>o acepten nuevas reservas de pasajes para ingresar al pa\u00eds durante un mes<\/strong>, debido a la preocupaci\u00f3n por la variante \u00d3micron del coronavirus, inform\u00f3 este mi\u00e9rcoles el Ministerio de Transportes.<\/p>\n<p>La decisi\u00f3n se anunci\u00f3 luego de que Jap\u00f3n confirmara este mi\u00e9rcoles<strong> un segundo caso de esta variante en un pasajero procedente de Per\u00fa<\/strong>, pa\u00eds que oficialmente no ha registrado ning\u00fan caso de \u00f3micron hasta la fecha.<\/p>\n<p>&#8220;Hemos pedido a las aerol\u00edneas que dejen de aceptar las reservas para nuevos vuelos de ingreso durante un mes a partir del 1 de diciembre&#8221;, dijo el Ministerio de Transportes, inform\u00f3 la agencia de noticias AFP.<\/p>\n<p>La cartera agreg\u00f3 que las reservas existentes no se ver\u00e1n afectadas.<\/p>\n<p>Jap\u00f3n, la tercera econom\u00eda del mundo, ya hab\u00eda endurecido sus <strong>severas medidas fronterizas<\/strong>, prohibiendo la entrada de todos aquellos que no fueran ciudadanos japoneses desde 10 pa\u00edses del sur de \u00c1frica.<\/p>\n<p>Tambi\u00e9n endureci\u00f3 las medidas de cuarentena para los japoneses y los residentes extranjeros procedentes de otras decenas de pa\u00edses y territorios debido a la aparici\u00f3n de \u00d3micron.<\/p>\n<h2 class>El primer caso<\/h2>\n<p>Las autoridades anunciaron el martes la detecci\u00f3n de un primer caso en un pasajero llegado de Namibia, antes de informar este mi\u00e9rcoles de un segundo en un viajero procedente de Per\u00fa.<\/p>\n<p>El pasajero, un hombre de unos 20 a\u00f1os cuya nacionalidad no fue precisada, lleg\u00f3 el 27 de noviembre al aeropuerto tokiota de Narita procedente de Per\u00fa y actualmente se encuentra aislado en una instalaci\u00f3n m\u00e9dica, indic\u00f3 el Gobierno.<\/p>\n<h2 class>Fronteras<\/h2>\n<p>Las fronteras de Jap\u00f3n han estado virtualmente cerradas durante gran parte de la pandemia e incluso en 2020 se prohibi\u00f3 la entrada de residentes.<\/p>\n<p>Estas medidas fronterizas han sido parte crucial de la estrategia anticovid nipona, que no ha implicado confinamientos tan estrictos como en otras partes del mundo.<\/p>\n<h2 class>Los n\u00fameros del coronavirus<\/h2>\n<p>Tras un fuerte repunte de casos en el verano boreal, Jap\u00f3n registra pocas infecciones a nivel nacional y acumula 18.360 fallecidos durante toda la pandemia.<\/p>\n<p><strong>Un 77% de la poblaci\u00f3n de Jap\u00f3n est\u00e1 vacunada<\/strong>, y este mi\u00e9rcoles se empezaron a administrar dosis de refuerzo a quienes hab\u00edan recibido la segunda dosis hace al menos ocho meses. <\/p>\n","protected":false},"excerpt":{"rendered":"<p>Las autoridades anunciaron el martes la detecci\u00f3n de un primer caso en un pasajero llegado de Namibia. Foto: AFP. El Gobierno japon\u00e9s solicit\u00f3 a las compa\u00f1\u00edas a\u00e9reas que no acepten nuevas reservas de pasajes para ingresar al pa\u00eds durante un mes, debido a la preocupaci\u00f3n por la variante \u00d3micron del coronavirus, inform\u00f3 este mi\u00e9rcoles el [&hellip;]<\/p>\n","protected":false},"author":1,"featured_media":31145,"comment_status":"closed","ping_status":"closed","sticky":false,"template":"","format":"standard","meta":[],"categories":[24],"tags":[],"_links":{"self":[{"href":"http:\/\/cordobadirecto.com\/index.php\/wp-json\/wp\/v2\/posts\/31144"}],"collection":[{"href":"http:\/\/cordobadirecto.com\/index.php\/wp-json\/wp\/v2\/posts"}],"about":[{"href":"http:\/\/cordobadirecto.com\/index.php\/wp-json\/wp\/v2\/types\/post"}],"author":[{"embeddable":true,"href":"http:\/\/cordobadirecto.com\/index.php\/wp-json\/wp\/v2\/users\/1"}],"replies":[{"embeddable":true,"href":"http:\/\/cordobadirecto.com\/index.php\/wp-json\/wp\/v2\/comments?post=31144"}],"version-history":[{"count":0,"href":"http:\/\/cordobadirecto.com\/index.php\/wp-json\/wp\/v2\/posts\/31144\/revisions"}],"wp:featuredmedia":[{"embeddable":true,"href":"http:\/\/cordobadirecto.com\/index.php\/wp-json\/wp\/v2\/media\/31145"}],"wp:attachment":[{"href":"http:\/\/cordobadirecto.com\/index.php\/wp-json\/wp\/v2\/media?parent=31144"}],"wp:term":[{"taxonomy":"category","embeddable":true,"href":"http:\/\/cordobadirecto.com\/index.php\/wp-json\/wp\/v2\/categories?post=31144"},{"taxonomy":"post_tag","embeddable":true,"href":"http:\/\/cordobadirecto.com\/index.php\/wp-json\/wp\/v2\/tags?post=31144"}],"curies":[{"name":"wp","href":"https:\/\/api.w.org\/{rel}","templated":true}]}}