{"id":31150,"date":"2021-11-30T14:35:47","date_gmt":"2021-11-30T14:35:47","guid":{"rendered":"https:\/\/cordoba.gob.ar\/?p=17591"},"modified":"2021-11-30T14:35:47","modified_gmt":"2021-11-30T14:35:47","slug":"los-proyectos-de-educacion-sexual-integral-y-los-acuerdos-escolares-de-convivencia-se-implementaran-en-el-2022","status":"publish","type":"post","link":"http:\/\/cordobadirecto.com\/index.php\/2021\/11\/30\/los-proyectos-de-educacion-sexual-integral-y-los-acuerdos-escolares-de-convivencia-se-implementaran-en-el-2022\/","title":{"rendered":"Los proyectos de Educaci\u00f3n Sexual Integral y los Acuerdos Escolares de Convivencia se implementar\u00e1n en el 2022"},"content":{"rendered":"<div><img src=\"http:\/\/cordobadirecto.com\/wp-content\/uploads\/2021\/12\/los-proyectos-de-educacion-sexual-integral-y-los-acuerdos-escolares-de-convivencia-se-implementaran-en-el-2022.jpg\" class=\"ff-og-image-inserted\"><\/div>\n<ul>\n<li><strong>La Secretar\u00eda de Educaci\u00f3n Municipal aprob\u00f3 la Gu\u00eda para el desarrollo de la Educaci\u00f3n Sexual Integral y las Orientaciones para la elaboraci\u00f3n de los Acuerdos Escolares de Convivencia.<\/strong><\/li>\n<li><strong>Ser\u00e1 para todas las instituciones educativas de la Municipalidad de C\u00f3rdoba, en el marco de una Educaci\u00f3n para el Desarrollo Sostenible.<\/strong><\/li>\n<\/ul>\n<hr>\n<p>La <a href=\"https:\/\/bit.ly\/2ZD7nq5\">Resoluci\u00f3n 252\/21<\/a> de la Secretar\u00eda de Educaci\u00f3n de la Municipalidad de C\u00f3rdoba, ratifica la vigencia de las Orientaciones para la elaboraci\u00f3n de los Acuerdos Escolares de Convivencia (AEC) en todos los servicios educativos del \u00e1mbito municipal y establece que durante el ciclo lectivo 2022 los jardines maternales y escuelas elaborar\u00e1n, implementar\u00e1n y evaluar\u00e1n sus AEC.<\/p>\n<p>En estos procesos, todas las instituciones ser\u00e1n acompa\u00f1adas por la Supervisi\u00f3n correspondiente y los equipos interdisciplinarios de la Direcci\u00f3n de Fortalecimiento Socioeducativo, quien adem\u00e1s, ser\u00e1 responsable de la realizaci\u00f3n de Ateneos en los que se realicen an\u00e1lisis de casos referidos a los AEC.<\/p>\n<p>Se espera que cada una de las instituciones educativas municipales elabore su propio AEC atendiendo a cada realidad institucional, respetando la singularidad de su historia, la trayectoria en el abordaje de la tem\u00e1tica y los valores que sustentan su tarea pedag\u00f3gica.<\/p>\n<p>La <a href=\"https:\/\/bit.ly\/3I3VASV\">Resoluci\u00f3n 253\/21<\/a>, por su parte, aprueba, como versi\u00f3n definitiva, la Gu\u00eda para el Desarrollo de la Educaci\u00f3n Sexual Integral en las Instituciones Educativas Municipales de C\u00f3rdoba y dispone que cada jard\u00edn y escuela municipal, durante el a\u00f1o 2022, dise\u00f1e, gestione y eval\u00fae proyectos institucionales de ESI<strong>.<\/strong><\/p>\n<p>Desde diferentes Direcciones dependientes de la Secretar\u00eda de Educaci\u00f3n Municipal, en conjunto con sus equipos de supervisi\u00f3n y t\u00e9cnicos, se realizar\u00e1 el seguimiento y monitoreo del proyecto ESI de cada instituci\u00f3n educativa, proyecto que incluir\u00e1 la realizaci\u00f3n de la jornada \u201cEducar en Igualdad: Prevenci\u00f3n y Erradicaci\u00f3n de la Violencia de G\u00e9nero\u201d al menos una (1) vez durante el ciclo lectivo, preferentemente en el mes de octubre.<\/p>\n<p>Asimismo, la Direcci\u00f3n de Aprendizaje y Desarrollo Profesional Docente ser\u00e1 la responsable de una propuesta de Post\u00edtulo destinado como m\u00ednimo, un docente titular de cada jard\u00edn maternal o escuela municipal, a los fines de acompa\u00f1ar la institucionalizaci\u00f3n del proyecto.<\/p>\n<p>Al respecto, el secretario de Educaci\u00f3n sostuvo que <em>\u201cavanzar en la implementaci\u00f3n de la ESI y en la elaboraci\u00f3n de los AEC, de manera sostenida en el tiempo y simult\u00e1nea en todas las instituciones educativas del Sistema Educativo Municipal, resultar\u00e1 valioso para&nbsp; quienes lo transitan, sus familias y la comunidad, ya que implican proveer espacios y herramientas para que los estudiantes desarrollen una autonom\u00eda responsable, as\u00ed como un sano uso de la libertad y sentido de responsabilidad, en el marco de una convivencia saludable donde se valoren las diferencias\u201d.<\/em><\/p>\n<p>De esta manera, la Secretar\u00eda de Educaci\u00f3n de la Municipalidad de C\u00f3rdoba, asiste y coordina las acciones de los actores de los jardines y las escuelas municipales, en el desaf\u00edo de construir un Sistema Educativo que haga posible infancias cuidadas, libres y respetadas, como sostiene el intendente Mart\u00edn Llaryora.<\/p>\n","protected":false},"excerpt":{"rendered":"<p>La Secretar\u00eda de Educaci\u00f3n Municipal aprob\u00f3 la Gu\u00eda para el desarrollo de la Educaci\u00f3n Sexual Integral y las Orientaciones para la elaboraci\u00f3n de los Acuerdos Escolares de Convivencia. Ser\u00e1 para todas las instituciones educativas de la Municipalidad de C\u00f3rdoba, en el marco de una Educaci\u00f3n para el Desarrollo Sostenible. La Resoluci\u00f3n 252\/21 de la Secretar\u00eda [&hellip;]<\/p>\n","protected":false},"author":1,"featured_media":31151,"comment_status":"closed","ping_status":"closed","sticky":false,"template":"","format":"standard","meta":[],"categories":[44],"tags":[],"_links":{"self":[{"href":"http:\/\/cordobadirecto.com\/index.php\/wp-json\/wp\/v2\/posts\/31150"}],"collection":[{"href":"http:\/\/cordobadirecto.com\/index.php\/wp-json\/wp\/v2\/posts"}],"about":[{"href":"http:\/\/cordobadirecto.com\/index.php\/wp-json\/wp\/v2\/types\/post"}],"author":[{"embeddable":true,"href":"http:\/\/cordobadirecto.com\/index.php\/wp-json\/wp\/v2\/users\/1"}],"replies":[{"embeddable":true,"href":"http:\/\/cordobadirecto.com\/index.php\/wp-json\/wp\/v2\/comments?post=31150"}],"version-history":[{"count":0,"href":"http:\/\/cordobadirecto.com\/index.php\/wp-json\/wp\/v2\/posts\/31150\/revisions"}],"wp:featuredmedia":[{"embeddable":true,"href":"http:\/\/cordobadirecto.com\/index.php\/wp-json\/wp\/v2\/media\/31151"}],"wp:attachment":[{"href":"http:\/\/cordobadirecto.com\/index.php\/wp-json\/wp\/v2\/media?parent=31150"}],"wp:term":[{"taxonomy":"category","embeddable":true,"href":"http:\/\/cordobadirecto.com\/index.php\/wp-json\/wp\/v2\/categories?post=31150"},{"taxonomy":"post_tag","embeddable":true,"href":"http:\/\/cordobadirecto.com\/index.php\/wp-json\/wp\/v2\/tags?post=31150"}],"curies":[{"name":"wp","href":"https:\/\/api.w.org\/{rel}","templated":true}]}}