{"id":31185,"date":"2021-12-01T21:50:48","date_gmt":"2021-12-01T21:50:48","guid":{"rendered":"https:\/\/cordoba.gob.ar\/?p=17695"},"modified":"2021-12-01T21:50:48","modified_gmt":"2021-12-01T21:50:48","slug":"cordoba-firma-la-declaracion-de-barranquilla-y-la-integra-a-las-biodiverciudades","status":"publish","type":"post","link":"http:\/\/cordobadirecto.com\/index.php\/2021\/12\/01\/cordoba-firma-la-declaracion-de-barranquilla-y-la-integra-a-las-biodiverciudades\/","title":{"rendered":"C\u00f3rdoba firma \u201cLa Declaraci\u00f3n de Barranquilla\u201d y la integra a las \u201cBiodiverCiudades\u201d"},"content":{"rendered":"<div><img src=\"http:\/\/cordobadirecto.com\/wp-content\/uploads\/2021\/12\/cordoba-firma-la-declaracion-de-barranquilla-y-la-integra-a-las-biodiverciudades.jpg\" class=\"ff-og-image-inserted\"><\/div>\n<ul>\n<li><strong>El intendente fue invitado a Colombia por el Banco de Desarrollo de Am\u00e9rica Latina (CAF).<\/strong><\/li>\n<li><strong><em>\u201cC\u00f3rdoba ser\u00e1 l\u00edder en el cambio de los procesos productivos hacia la econom\u00eda circular. No se trata de una visi\u00f3n rom\u00e1ntica, es una mirada pragm\u00e1tica. Las empresas que no se acomoden a los nuevos tiempos, no encontrar\u00e1n mercados\u201d<\/em>, observ\u00f3 el intendente.<\/strong><\/li>\n<li><strong>El evento re\u00fane a l\u00edderes latinoamericanos con el fin de promover la conservaci\u00f3n y uso sostenible de la biodiversidad.<\/strong><\/li>\n<\/ul>\n<hr>\n<p>Invitado por la CAF, el intendente Mart\u00edn Llaryora particip\u00f3 en Barranquilla, Colombia, del foro que re\u00fane a alcaldes y alcaldesas de la regi\u00f3n y a l\u00edderes de diferentes \u00e1mbitos, con la finalidad de presentar sus experiencias y discutir la estrategia y acciones dirigidas a impulsar la promoci\u00f3n y conformaci\u00f3n de BiodiverCiudades latinoamericanas y su futura articulaci\u00f3n en red.<\/p>\n<p>En ese marco, el intendente de nuestra ciudad firm\u00f3 \u201cLa Declaraci\u00f3n de Barranquilla\u201d integrando as\u00ed a nuestra ciudad a las \u201cBiodiverCiudades\u201d.<\/p>\n<p>Esta iniciativa re\u00fane a los gobiernos de las distintas ciudades del pa\u00eds, las empresas y la sociedad civil con el fin de forjar un futuro en el cual la naturaleza beneficie a las ciudades y las ciudades beneficien a la naturaleza.<\/p>\n<p>El concepto de BiodiverCiudad nace de la necesidad de promover la conservaci\u00f3n y uso sostenible de la biodiversidad y los servicios ecosist\u00e9micos e incorporarlos en la planificaci\u00f3n y el ordenamiento del territorio. Una biodiverCiudad es aquella ciudad que incorpora de forma efectiva e integral la biodiversidad local y regional en su planificaci\u00f3n, como eje e instrumento esencial de su desarrollo socioecon\u00f3mico.<\/p>\n<p>En el panel compartido con el intendente de la ciudad de Luj\u00e1n, Leonardo Boto, y el prefeito de Niteroi, Brasil, Axel Grael, moderado por Luz Mar\u00eda Zapata, directora de Asocapitales Colombia, Llaryora comparti\u00f3 la experiencia de la ciudad de C\u00f3rdoba en materia de sustentabilidad y Econom\u00eda Circular.<\/p>\n<p><em>\u201cEn C\u00f3rdoba estamos cambiando nuestra ciudad que no ten\u00eda una visi\u00f3n clara en materia de sustentabilidad y ambiente, y no se puede pensar ning\u00fan tipo de planificaci\u00f3n urbana sin tener en cuenta esos aspectos\u201d<\/em>, explic\u00f3 el Intendente.<\/p>\n<p><em>\u201cNo se trata de una visi\u00f3n rom\u00e1ntica, es una mirada pragm\u00e1tica. Las empresas que no se acomoden a los nuevos tiempos no encontrar\u00e1n mercados\u201d,<\/em> observ\u00f3 el intendente quien explic\u00f3 que los organismos internacionales ya est\u00e1n observando qu\u00e9 empresas invierten en la econom\u00eda circular y en los nuevos procesos productivos para darles garant\u00edas de cr\u00e9ditos y quienes no avancen en esa l\u00ednea, perder\u00e1n mercados.<\/p>\n<p>En este sentido, el Intendente celebr\u00f3 que la Uni\u00f3n Industrial ya tiene proyectos de la econom\u00eda circular trabajando con sus empresas, por eso en C\u00f3rdoba \u201cseremos l\u00edderes\u201d en esta materia.<\/p>\n<p>Llaryora expuso los lineamientos que C\u00f3rdoba viene dando en el a\u00f1o y medio de su gesti\u00f3n: <em>\u201cLa ordenanza que establece la mancha urbana de la ciudad, la defensa de los espacios p\u00fablicos, la recuperaci\u00f3n del r\u00edo, las inversiones en plazas de alta calidad, la creaci\u00f3n de las supermanzanas son algunas de las transformaciones que tuvo esta ciudad en muy poco tiempo.<\/em><\/p>\n<p><em>A ello se suma el primer Cl\u00faster de Econom\u00eda Circular, el Instituto de Protecci\u00f3n Ambiental y Animal y el Instituto de Biodiversidad que cuida nuestras reservas y parques\u201d<\/em>, expres\u00f3 el intendente de la capital cordobesa.<\/p>\n<p>Entre los hitos de la gesti\u00f3n, Llaryora hizo menci\u00f3n de la reconversi\u00f3n de los residuos s\u00f3lidos urbanos en combustible a trav\u00e9s de la planta de procesamiento ubicada en el predio de enterramiento Piedras Blancas, con capacidad para procesar 50 mil toneladas de basura anualmente. <em>\u201cEn cuatro a\u00f1os vamos a ahorrar cuatro meses de enterramiento de residuos\u201d<\/em>, a\u00f1adi\u00f3.<\/p>\n<p>A su vez, el intendente distingui\u00f3 a los organismos internacionales <em>\u201cque est\u00e1n visualizando cada vez m\u00e1s la potencia de las intendencias en la transformaci\u00f3n directa. La CAF nos est\u00e1 dando visibilidad para hacer un cambio y generar m\u00e1s inclusi\u00f3n social, por eso es un gran honor firmar la Declaraci\u00f3n de Barranquilla e integrar la ciudad de C\u00f3rdoba a BiodiverCiudades\u201d.<\/em><\/p>\n<p><em>\u201cLos cambios mundiales van a llegar porque estamos globalizados. No pensemos en nuestras restricciones, sino en nuestras potencialidades. Para ir hacia una inclusi\u00f3n social debemos hacer un desarrollo sostenible y tener claridad para d\u00f3nde se dirige el mundo\u201d<\/em>, cerr\u00f3 Llaryora.<\/p>\n<p>El Foro de BiodiverCiudades busca sentar las bases para impulsar en la regi\u00f3n la conformaci\u00f3n de ciudades que integren el cuidado de la naturaleza en el desarrollo urbano, buscando una armon\u00eda entre el desarrollo socio econ\u00f3mico y el medio ambiente.<\/p>\n","protected":false},"excerpt":{"rendered":"<p>El intendente fue invitado a Colombia por el Banco de Desarrollo de Am\u00e9rica Latina (CAF). \u201cC\u00f3rdoba ser\u00e1 l\u00edder en el cambio de los procesos productivos hacia la econom\u00eda circular. No se trata de una visi\u00f3n rom\u00e1ntica, es una mirada pragm\u00e1tica. Las empresas que no se acomoden a los nuevos tiempos, no encontrar\u00e1n mercados\u201d, observ\u00f3 el [&hellip;]<\/p>\n","protected":false},"author":1,"featured_media":31186,"comment_status":"closed","ping_status":"closed","sticky":false,"template":"","format":"standard","meta":[],"categories":[44],"tags":[],"_links":{"self":[{"href":"http:\/\/cordobadirecto.com\/index.php\/wp-json\/wp\/v2\/posts\/31185"}],"collection":[{"href":"http:\/\/cordobadirecto.com\/index.php\/wp-json\/wp\/v2\/posts"}],"about":[{"href":"http:\/\/cordobadirecto.com\/index.php\/wp-json\/wp\/v2\/types\/post"}],"author":[{"embeddable":true,"href":"http:\/\/cordobadirecto.com\/index.php\/wp-json\/wp\/v2\/users\/1"}],"replies":[{"embeddable":true,"href":"http:\/\/cordobadirecto.com\/index.php\/wp-json\/wp\/v2\/comments?post=31185"}],"version-history":[{"count":0,"href":"http:\/\/cordobadirecto.com\/index.php\/wp-json\/wp\/v2\/posts\/31185\/revisions"}],"wp:featuredmedia":[{"embeddable":true,"href":"http:\/\/cordobadirecto.com\/index.php\/wp-json\/wp\/v2\/media\/31186"}],"wp:attachment":[{"href":"http:\/\/cordobadirecto.com\/index.php\/wp-json\/wp\/v2\/media?parent=31185"}],"wp:term":[{"taxonomy":"category","embeddable":true,"href":"http:\/\/cordobadirecto.com\/index.php\/wp-json\/wp\/v2\/categories?post=31185"},{"taxonomy":"post_tag","embeddable":true,"href":"http:\/\/cordobadirecto.com\/index.php\/wp-json\/wp\/v2\/tags?post=31185"}],"curies":[{"name":"wp","href":"https:\/\/api.w.org\/{rel}","templated":true}]}}