{"id":31187,"date":"2021-12-01T20:30:43","date_gmt":"2021-12-01T20:30:43","guid":{"rendered":"https:\/\/cordoba.gob.ar\/?p=17689"},"modified":"2021-12-01T20:30:43","modified_gmt":"2021-12-01T20:30:43","slug":"choferes-de-colectivos-urbanos-se-capacitaron-en-trato-adecuado-a-personas-en-sillas-de-ruedas","status":"publish","type":"post","link":"http:\/\/cordobadirecto.com\/index.php\/2021\/12\/01\/choferes-de-colectivos-urbanos-se-capacitaron-en-trato-adecuado-a-personas-en-sillas-de-ruedas\/","title":{"rendered":"Choferes de colectivos urbanos se capacitaron en trato adecuado a personas en sillas de ruedas"},"content":{"rendered":"<div><img src=\"http:\/\/cordobadirecto.com\/wp-content\/uploads\/2021\/12\/choferes-de-colectivos-urbanos-se-capacitaron-en-trato-adecuado-a-personas-en-sillas-de-ruedas.jpg\" class=\"ff-og-image-inserted\"><\/div>\n<ul>\n<li><strong>Este primer curso se dict\u00f3 a conductores de unidades de colectivos y autoridades de las empresas.<\/strong><\/li>\n<li><strong>La capacitaci\u00f3n es dictada en conjunto con la Fundaci\u00f3n \u201cDerechos sobre ruedas\u201d en la Escuela Municipal de Educaci\u00f3n Vial.<\/strong><\/li>\n<\/ul>\n<hr>\n<p>La Municipalidad de C\u00f3rdoba brind\u00f3 la primera capacitaci\u00f3n dirigida a choferes y autoridades de empresas de transporte urbano de la ciudad.<\/p>\n<p>La iniciativa, llevada adelante por la Secretar\u00eda de Pol\u00edticas Sociales y la Fundaci\u00f3n Derechos sobre Ruedas busca mejorar la prestaci\u00f3n del servicio de transporte en este caso en particular, para facilitar el trato a personas en sillas de ruedas usuarias del mismo.<\/p>\n<p>Esta jornada de sensibilizaci\u00f3n y capacitaci\u00f3n \u201cVos y yo construimos el respeto\u201d, fue brindada por representantes de la Fundaci\u00f3n Derechos Sobre Ruedas, consisti\u00f3 en un taller vivencial con el objetivo de crear empat\u00eda en los participantes.<\/p>\n<p>En esta primera ocasi\u00f3n, participaron 40 choferes y directivos de ERSA y Coniferal, en articulaci\u00f3n con la Secretar\u00eda de Movilidad Urbana y en cumplimiento de la Ordenanza N\u00ba 13095\/2020, referente al Trato Adecuado a Personas con Discapacidad.<\/p>\n","protected":false},"excerpt":{"rendered":"<p>Este primer curso se dict\u00f3 a conductores de unidades de colectivos y autoridades de las empresas. La capacitaci\u00f3n es dictada en conjunto con la Fundaci\u00f3n \u201cDerechos sobre ruedas\u201d en la Escuela Municipal de Educaci\u00f3n Vial. La Municipalidad de C\u00f3rdoba brind\u00f3 la primera capacitaci\u00f3n dirigida a choferes y autoridades de empresas de transporte urbano de la [&hellip;]<\/p>\n","protected":false},"author":1,"featured_media":31188,"comment_status":"closed","ping_status":"closed","sticky":false,"template":"","format":"standard","meta":[],"categories":[44],"tags":[],"_links":{"self":[{"href":"http:\/\/cordobadirecto.com\/index.php\/wp-json\/wp\/v2\/posts\/31187"}],"collection":[{"href":"http:\/\/cordobadirecto.com\/index.php\/wp-json\/wp\/v2\/posts"}],"about":[{"href":"http:\/\/cordobadirecto.com\/index.php\/wp-json\/wp\/v2\/types\/post"}],"author":[{"embeddable":true,"href":"http:\/\/cordobadirecto.com\/index.php\/wp-json\/wp\/v2\/users\/1"}],"replies":[{"embeddable":true,"href":"http:\/\/cordobadirecto.com\/index.php\/wp-json\/wp\/v2\/comments?post=31187"}],"version-history":[{"count":0,"href":"http:\/\/cordobadirecto.com\/index.php\/wp-json\/wp\/v2\/posts\/31187\/revisions"}],"wp:featuredmedia":[{"embeddable":true,"href":"http:\/\/cordobadirecto.com\/index.php\/wp-json\/wp\/v2\/media\/31188"}],"wp:attachment":[{"href":"http:\/\/cordobadirecto.com\/index.php\/wp-json\/wp\/v2\/media?parent=31187"}],"wp:term":[{"taxonomy":"category","embeddable":true,"href":"http:\/\/cordobadirecto.com\/index.php\/wp-json\/wp\/v2\/categories?post=31187"},{"taxonomy":"post_tag","embeddable":true,"href":"http:\/\/cordobadirecto.com\/index.php\/wp-json\/wp\/v2\/tags?post=31187"}],"curies":[{"name":"wp","href":"https:\/\/api.w.org\/{rel}","templated":true}]}}