{"id":31191,"date":"2021-12-02T01:17:00","date_gmt":"2021-12-02T01:17:00","guid":{"rendered":"http:\/\/cordobadirecto.com\/index.php\/2021\/12\/02\/colombia-anuncio-que-biden-suspendio-su-visita-debido-a-la-propagacion-de-omicron\/"},"modified":"2021-12-02T01:17:00","modified_gmt":"2021-12-02T01:17:00","slug":"colombia-anuncio-que-biden-suspendio-su-visita-debido-a-la-propagacion-de-omicron","status":"publish","type":"post","link":"http:\/\/cordobadirecto.com\/index.php\/2021\/12\/02\/colombia-anuncio-que-biden-suspendio-su-visita-debido-a-la-propagacion-de-omicron\/","title":{"rendered":"Colombia anunci\u00f3 que Biden suspendi\u00f3 su visita, debido a la propagaci\u00f3n de \u00d3micron"},"content":{"rendered":"<figure class=\"mb-3\"><img loading=\"lazy\" src=\"http:\/\/cordobadirecto.com\/wp-content\/uploads\/2021\/12\/colombia-anuncio-que-biden-suspendio-su-visita-debido-a-la-propagacion-de-omicron.jpg\" width=\"100%\" height=\"100%\" alt=\"Biden no viaja a Colombia por la nueva cepa Foto Archivo\"><figcaption> Biden no viaja a Colombia por la nueva cepa. Foto: Archivo <\/figcaption><\/figure>\n<p>El presidente de Estados Unidos, Joe Biden, suspendi\u00f3 la visita que ten\u00eda prevista este mes a Colombia debido a la propagaci\u00f3n de la nueva cepa \u00d3micron de coronavirus, inform\u00f3 este mi\u00e9rcoles el Gobierno colombiano.<\/p>\n<p><strong>\u201cNos pidieron aplazar, posiblemente hasta enero\u201d<\/strong> la visita programada para el 12 y el 13 de este mes, <strong>\u201cporque con el \u00d3micron (Biden) ha resuelto no salir por ahora de Estados Unidos\u201d, afirm\u00f3 la vicepresidenta<\/strong> y canciller de Colombia, Marta Luc\u00eda Ram\u00edrez.<\/p>\n<p>Ram\u00edrez dijo, en declaraciones divulgadas por la canciller\u00eda colombiana, que esperaba que la Casa Blanca anunciara una nueva fecha <strong>para el viaje de Biden, \u201cque aparentemente ser\u00e1 en enero\u201d<\/strong>, seg\u00fan la agencia de noticias Sputnik.<\/p>\n<p>Biden ten\u00eda previsto asistir en Cartagena a la cumbre de la Alianza del Pac\u00edfico, durante las cual sus integrantes -Chile, Colombia, M\u00e9xico y Per\u00fa- firmar\u00e1n un tratado de libre comercio con Singapur, seg\u00fan la prensa colombiana. <\/p>\n","protected":false},"excerpt":{"rendered":"<p>Biden no viaja a Colombia por la nueva cepa. Foto: Archivo El presidente de Estados Unidos, Joe Biden, suspendi\u00f3 la visita que ten\u00eda prevista este mes a Colombia debido a la propagaci\u00f3n de la nueva cepa \u00d3micron de coronavirus, inform\u00f3 este mi\u00e9rcoles el Gobierno colombiano. \u201cNos pidieron aplazar, posiblemente hasta enero\u201d la visita programada para [&hellip;]<\/p>\n","protected":false},"author":1,"featured_media":31192,"comment_status":"closed","ping_status":"closed","sticky":false,"template":"","format":"standard","meta":[],"categories":[24],"tags":[],"_links":{"self":[{"href":"http:\/\/cordobadirecto.com\/index.php\/wp-json\/wp\/v2\/posts\/31191"}],"collection":[{"href":"http:\/\/cordobadirecto.com\/index.php\/wp-json\/wp\/v2\/posts"}],"about":[{"href":"http:\/\/cordobadirecto.com\/index.php\/wp-json\/wp\/v2\/types\/post"}],"author":[{"embeddable":true,"href":"http:\/\/cordobadirecto.com\/index.php\/wp-json\/wp\/v2\/users\/1"}],"replies":[{"embeddable":true,"href":"http:\/\/cordobadirecto.com\/index.php\/wp-json\/wp\/v2\/comments?post=31191"}],"version-history":[{"count":0,"href":"http:\/\/cordobadirecto.com\/index.php\/wp-json\/wp\/v2\/posts\/31191\/revisions"}],"wp:featuredmedia":[{"embeddable":true,"href":"http:\/\/cordobadirecto.com\/index.php\/wp-json\/wp\/v2\/media\/31192"}],"wp:attachment":[{"href":"http:\/\/cordobadirecto.com\/index.php\/wp-json\/wp\/v2\/media?parent=31191"}],"wp:term":[{"taxonomy":"category","embeddable":true,"href":"http:\/\/cordobadirecto.com\/index.php\/wp-json\/wp\/v2\/categories?post=31191"},{"taxonomy":"post_tag","embeddable":true,"href":"http:\/\/cordobadirecto.com\/index.php\/wp-json\/wp\/v2\/tags?post=31191"}],"curies":[{"name":"wp","href":"https:\/\/api.w.org\/{rel}","templated":true}]}}