{"id":31193,"date":"2021-12-01T23:12:00","date_gmt":"2021-12-01T23:12:00","guid":{"rendered":"http:\/\/cordobadirecto.com\/index.php\/2021\/12\/01\/la-oms-advierte-que-crecera-el-numero-de-paises-con-casos-de-omicrom\/"},"modified":"2021-12-01T23:12:00","modified_gmt":"2021-12-01T23:12:00","slug":"la-oms-advierte-que-crecera-el-numero-de-paises-con-casos-de-omicrom","status":"publish","type":"post","link":"http:\/\/cordobadirecto.com\/index.php\/2021\/12\/01\/la-oms-advierte-que-crecera-el-numero-de-paises-con-casos-de-omicrom\/","title":{"rendered":"La OMS advierte que crecer\u00e1 el n\u00famero de pa\u00edses con casos de \u00d3microm"},"content":{"rendered":"<figure class=\"mb-3\"><img loading=\"lazy\" src=\"http:\/\/cordobadirecto.com\/wp-content\/uploads\/2021\/12\/la-oms-advierte-que-crecera-el-numero-de-paises-con-casos-de-omicrom.jpg\" width=\"100%\" height=\"100%\" alt=\"El director de la OMS advierte sobre el crecimiento de casos Foto AFP\"><figcaption> El director de la OMS advierte sobre el crecimiento de casos. Foto: AFP <\/figcaption><\/figure>\n<p>Un total de 23 pa\u00edses informaron de la existencia de casos con la variante \u00d3microm en sus territorios, revel\u00f3 este mi\u00e9rcoles la Organizaci\u00f3n Mundial de la Salud, que, adem\u00e1s, advirti\u00f3 que el n\u00famero aumentar\u00e1, mientras su brazo panamericano, la OPS, estim\u00f3 que el nuevo tipo puede circular \u201cpronto\u201d en Am\u00e9rica, y se renuevan los cuestionamientos a los cierres de frontera.<\/p>\n<p><strong>&#8220;No deber\u00eda sorprendernos casos en m\u00e1s pa\u00edses; esto es lo que hacen los virus y esto es lo que seguir\u00e1 haciendo este virus mientras le permitamos seguir propag\u00e1ndose&#8221;<\/strong>, dijo en conferencia de prensa el titular de la OMS, T<strong>edros Adhanom Ghebreyesus<\/strong>, que remarc\u00f3 que <strong>&#8220;el fin de la pandemia no es una cuesti\u00f3n de suerte, sino una elecci\u00f3n&#8221;.<\/strong><\/p>\n<p>Mientras,<strong> la Organizaci\u00f3n Panamericana de la Salud (OPS) alert\u00f3 que la variante \u00d3micron puede estar &#8220;pronto&#8221; circulando en las Am\u00e9ricas<\/strong>, aunque por ahora haya solo casos importados en tres pa\u00edses del continente.<\/p>\n<p><strong>Brasil, Canad\u00e1 y Estados Unidos reportaron contagios<\/strong> en los \u00faltimos d\u00edas,<strong> todos de personas provenientes de \u00c1frica<\/strong>, pero <strong>&#8220;es probable que otros pa\u00edses comiencen a ver pronto esta nueva variante en circulaci\u00f3n&#8221;<\/strong>, se\u00f1al\u00f3 a la prensa la directora de la organizaci\u00f3n, en rueda de prensa Carissa Etienne.<\/p>\n<p>Por eso, juzg\u00f3 &#8220;importante\u201d que los pa\u00edses redoblen sus esfuerzos de vigilancia, compartan secuencias con la Red de Vigilancia Gen\u00f3mica de las Am\u00e9ricas y notifiquen cualquier caso de \u00d3micron a la OMS&#8221;.<\/p>\n<p><strong>&#8220;La velocidad y la transparencia son especialmente cruciales en este momento&#8221;<\/strong>, apunt\u00f3.<\/p>\n<p>\u00d3micron, reportada por primera vez por Sud\u00e1frica el 24 de noviembre, fue declarada el viernes &#8220;variante de preocupaci\u00f3n&#8221; por la OMS.<\/p>\n<figure class=\"mb-3\"><img loading=\"lazy\" src=\"http:\/\/cordobadirecto.com\/wp-content\/uploads\/2021\/12\/la-oms-advierte-que-crecera-el-numero-de-paises-con-casos-de-omicrom-1.jpg\" width=\"100%\" height=\"100%\" alt=\"Brasil es el nico pas de la regin que reporto 3 casos Foto Archivo\"><figcaption> Brasil es el \u00fanico pa\u00eds de la regi\u00f3n que reporto 3 casos. Foto: Archivo <\/figcaption><\/figure>\n<p><br open><strong>Brasil es por ahora el \u00fanico pa\u00eds de Latinoam\u00e9rica en informar casos de la nueva cepa<\/strong>, porque a los dos casos del martes (pasajeros que llegaron de Sud\u00e1frica) sum\u00f3 este mi\u00e9rcoles uno de un viajero venido de Etiop\u00eda.<\/p>\n<p><strong>Estados Unidos <\/strong>detect\u00f3 su primer caso de la nueva variante en California, en <strong>una persona con esquema completo de vacunaci\u00f3n que regres\u00f3 de Sud\u00e1frica el 22 de noviembre.<\/strong><\/p>\n<p><strong>Canad\u00e1<\/strong> hab\u00eda anunciado el domingo sus primeras infecciones en dos personas que hab\u00edan viajado a Nigeria, pero desde entonces registr\u00f3 varios casos en particular en Quebec, Ontario y Alberta.<\/p>\n<p>Etienne inst\u00f3 a la poblaci\u00f3n a no asustarse, pero insisti\u00f3 en la necesidad de vacunarse y reducir el riesgo de exposici\u00f3n al virus manteniendo el uso de barbijos, especialmente en espacios p\u00fablicos cerrados, el lavado frecuente de manos y el distanciamiento social.<\/p>\n<p><strong>&#8220;Los pa\u00edses deben mantener sus medidas de salud p\u00fablica para limitar la transmisi\u00f3n del virus y ajustarlas de acuerdo con los riesgos de transmisi\u00f3n local&#8221;,<\/strong> enfatiz\u00f3, seg\u00fan la agencia de noticias AFP.<\/p>\n<p>Fuera de la regi\u00f3n, <strong>el fulgurante aumento de casos en Sud\u00e1frica, origen de la variante \u00d3micron, es muy preocupante<\/strong>, seg\u00fan reconocieron los responsables sanitarios ante el Parlamento.<\/p>\n<p>&#8220;El grado de aumento es de lo m\u00e1s preocupante&#8221;, afirm\u00f3 la doctora Michelle Groome, del Instituto Nacional de Enfermedades Contagiosas (NICD).<\/p>\n<figure class=\"mb-3\"><img loading=\"lazy\" src=\"http:\/\/cordobadirecto.com\/wp-content\/uploads\/2021\/12\/la-oms-advierte-que-crecera-el-numero-de-paises-con-casos-de-omicrom-2.jpg\" width=\"100%\" height=\"100%\" alt=\"En Sudfrica siguen subiendo los casos Foto AFP\"><figcaption> En Sud\u00e1frica siguen subiendo los casos. Foto: AFP <\/figcaption><\/figure>\n<p><br open><strong>En dos semanas, el pa\u00eds registr\u00f3 un &#8220;aumento exponencial&#8221;, <\/strong>pasando de un poco m\u00e1s de 300 nuevos casos diarios promedio en siete d\u00edas a un millar la semana siguiente, y a m\u00e1s de 3.500 esta semana, explic\u00f3.<\/p>\n<p>La multiplicaci\u00f3n de casos positivos &#8220;se debe en gran medida a <strong>la nueva variante&#8221; \u00d3micron, ya &#8220;dominante&#8221;<\/strong>, porque representa la gran mayor\u00eda de nuevos casos en Sud\u00e1frica, subray\u00f3 la cient\u00edfica.<\/p>\n<p><strong>Noruega confirm\u00f3 este mi\u00e9rcoles la presencia de la variante en el pa\u00eds<\/strong>, tras detectar cuatro casos en dos municipios diferentes, y Portugal endureci\u00f3 las condiciones para el ingreso de viajeros y el uso del tapabocas volvi\u00f3 a ser obligatorio en el interior de lugares p\u00fablicos, al ingresar este mi\u00e9rcoles en &#8220;estado de calamidad&#8221; para combatir un fuerte avance de la Covid-19.<\/p>\n<p><strong>El Parlamento de Austria vot\u00f3 ampliar otros diez d\u00edas el confinamiento <\/strong>a nivel nacional en un intento por reducir los contagios, y Alemania dio cuenta de 446 fallecidos, la cifra m\u00e1s alta desde el 20 de febrero pasado, y que deriva de la tendencia al alza de los contagios en estas \u00faltimas semanas.<\/p>\n<p>Mientras, el Gobierno de <strong>Jap\u00f3n solicit\u00f3 a las compa\u00f1\u00edas a\u00e9reas que no acepten nuevas reservas de pasajes para ingresar al pa\u00eds<\/strong> durante un mes, por la preocupaci\u00f3n que gener\u00f3 la variante \u00d3micron, y Corea del Sur report\u00f3 su cifra m\u00e1s alta de contagios desde el inicio de la pandemia, m\u00e1s de 5.000 positivos, adem\u00e1s de luego de anunciar que sospecha de tener ya los primeros positivos por el nuevo tipo.<\/p>\n<figure class=\"mb-3\"><img loading=\"lazy\" src=\"http:\/\/cordobadirecto.com\/wp-content\/uploads\/2021\/12\/la-oms-advierte-que-crecera-el-numero-de-paises-con-casos-de-omicrom-3.jpg\" width=\"100%\" height=\"100%\" alt=\"Para el secretario general de la ONU los cierres de frontera son injustos e ineficaces Foto Archivo\"><figcaption> Para el secretario general de la ONU, los cierres de frontera son \u201cinjustos\u201d e \u201cineficaces\u201d. Foto: Archivo <\/figcaption><\/figure>\n<p><br open><strong>La cuesti\u00f3n fronteras llev\u00f3 al secretario general de la ONU, Antonio Guterres, a considerar \u201cinjustos\u201d e \u201cineficaces\u201d los cierres<\/strong>.<\/p>\n<p><strong>\u201cCon un virus que realmente no tiene fronteras, las restricciones de viaje que a\u00edslan a cualquier pa\u00eds o regi\u00f3n no solo son profundamente injustos y punitivos, sino que tambi\u00e9n son ineficaces&#8221;, dijo Guterres<\/strong> en una conferencia de prensa.<\/p>\n<p>A su lado, el presidente de la Comisi\u00f3n de la Uni\u00f3n Africana, Moussa Faki Mahamat, denunci\u00f3 tambi\u00e9n la &#8220;estigmatizaci\u00f3n que no se justifica&#8221; del continente y lament\u00f3 que \u201cpor haber sido transparente el conjunto de \u00c1frica austral ha sufrido sanciones&#8221;.<\/p>\n<p>Mahamat reclam\u00f3 adem\u00e1s solidaridad internacional, al advertir que &#8220;menos del 6% de los africanos est\u00e1 vacunado&#8221;. <\/p>\n","protected":false},"excerpt":{"rendered":"<p>El director de la OMS advierte sobre el crecimiento de casos. Foto: AFP Un total de 23 pa\u00edses informaron de la existencia de casos con la variante \u00d3microm en sus territorios, revel\u00f3 este mi\u00e9rcoles la Organizaci\u00f3n Mundial de la Salud, que, adem\u00e1s, advirti\u00f3 que el n\u00famero aumentar\u00e1, mientras su brazo panamericano, la OPS, estim\u00f3 que [&hellip;]<\/p>\n","protected":false},"author":1,"featured_media":31194,"comment_status":"closed","ping_status":"closed","sticky":false,"template":"","format":"standard","meta":[],"categories":[24],"tags":[],"_links":{"self":[{"href":"http:\/\/cordobadirecto.com\/index.php\/wp-json\/wp\/v2\/posts\/31193"}],"collection":[{"href":"http:\/\/cordobadirecto.com\/index.php\/wp-json\/wp\/v2\/posts"}],"about":[{"href":"http:\/\/cordobadirecto.com\/index.php\/wp-json\/wp\/v2\/types\/post"}],"author":[{"embeddable":true,"href":"http:\/\/cordobadirecto.com\/index.php\/wp-json\/wp\/v2\/users\/1"}],"replies":[{"embeddable":true,"href":"http:\/\/cordobadirecto.com\/index.php\/wp-json\/wp\/v2\/comments?post=31193"}],"version-history":[{"count":0,"href":"http:\/\/cordobadirecto.com\/index.php\/wp-json\/wp\/v2\/posts\/31193\/revisions"}],"wp:featuredmedia":[{"embeddable":true,"href":"http:\/\/cordobadirecto.com\/index.php\/wp-json\/wp\/v2\/media\/31194"}],"wp:attachment":[{"href":"http:\/\/cordobadirecto.com\/index.php\/wp-json\/wp\/v2\/media?parent=31193"}],"wp:term":[{"taxonomy":"category","embeddable":true,"href":"http:\/\/cordobadirecto.com\/index.php\/wp-json\/wp\/v2\/categories?post=31193"},{"taxonomy":"post_tag","embeddable":true,"href":"http:\/\/cordobadirecto.com\/index.php\/wp-json\/wp\/v2\/tags?post=31193"}],"curies":[{"name":"wp","href":"https:\/\/api.w.org\/{rel}","templated":true}]}}