{"id":31315,"date":"2021-12-01T15:17:03","date_gmt":"2021-12-01T15:17:03","guid":{"rendered":"https:\/\/www.ole.com.ar\/autos\/di-palma-hara-969km-ortelli_0_rZtbYu7PZ.html"},"modified":"2021-12-01T15:17:03","modified_gmt":"2021-12-01T15:17:03","slug":"en-bici-a-san-juan-para-despedir-a-ortelli","status":"publish","type":"post","link":"http:\/\/cordobadirecto.com\/index.php\/2021\/12\/01\/en-bici-a-san-juan-para-despedir-a-ortelli\/","title":{"rendered":"En bici a San Juan para despedir a Ortelli"},"content":{"rendered":"<div><img src=\"http:\/\/cordobadirecto.com\/wp-content\/uploads\/2021\/12\/en-bici-a-san-juan-para-despedir-a-ortelli.jpg\" class=\"ff-og-image-inserted\"><\/div>\n<p>El fin de semana, el Turismo carretera disputar\u00e1 la \u00faltima fecha de la temporada 2021 y ser\u00e1 el retiro de Guillermo Ortelli del automovilismo nacional.&nbsp;<\/p>\n<p>Es por eso que <mark>Marcos Di Palma eligi\u00f3 una manera muy particular para homenajear a su amigo e \u00eddolo.<\/mark>&nbsp;El arrecife\u00f1o arranc\u00f3 ayer su viaje en bicicleta desde su ciudad hasta El Villicum, San Juan, y<mark> pedalear\u00e1 969 kil\u00f3metros para estar presente en la \u00faltima carrera <\/mark>del heptacampe\u00f3n del TC, el pr\u00f3ximo fin de semana.<\/p>\n<p>Marcos lo llam\u00f3 por tel\u00e9fono al m\u00e1ximo \u00eddolo de Chevrolet, este martes a las 7.30hs de la ma\u00f1ana, para contarle lo que iba a hacer. Poco despu\u00e9s se encontraron en Salto, en la primera parada del viaje. <mark>\u201c\u00a1Vos est\u00e1s loco, mir\u00e1 lo que hiciste!<\/mark> \u00a1Sos un grande de verdad!\u201d, le dijo Ortelli antes de fundirse en un emocionado abrazo, seg\u00fan detallo el portal arrecifesnoticias.com.<\/p>\n<p> <mark>Di Palma lleg\u00f3 a Salto acompa\u00f1ado por su motorhome que lo asistir\u00e1 en todo el recorrido<\/mark> y que est\u00e1 ploteado con los siete autos con los que Ortelli consigui\u00f3 las coronas en el Turismo Carretera y una leyenda en la parte trasera dedicada al gran referente de las \u00faltimas cuatro d\u00e9cadas del automovilismo argentino: \u201cGracias, Guille, por tantas alegr\u00edas\u201d.<\/p>\n<p> Durante el encuentro, Ortelli le entreg\u00f3 un rosario para que lo acompa\u00f1e en el viaje y le record\u00f3 a Marcos: <mark>\u201cFui un privilegiado de haber corrido con tres generaciones de los Di Palma<\/mark>\u201d. Y enumer\u00f3: \u201cEstuve en el podio de la \u00faltima carrera que gan\u00f3 el Loco Luis, en Buenos Aires; y en el mejor homenaje que le hicieron luego de su fallecimiento, cuando gan\u00f3 Jos\u00e9 Luis y vos quedaste segundo, en Rafaela. Y en el \u00faltimo tiempo compart\u00ed pista con Josito\u201d.<\/p>\n<div class=\"entry-tags\">\n<h2>TEMAS QUE APARECEN EN ESTA NOTA<\/h2>\n<\/p><\/div>\n","protected":false},"excerpt":{"rendered":"<p>El fin de semana, el Turismo carretera disputar\u00e1 la \u00faltima fecha de la temporada 2021 y ser\u00e1 el retiro de Guillermo Ortelli del automovilismo nacional.&nbsp; Es por eso que Marcos Di Palma eligi\u00f3 una manera muy particular para homenajear a su amigo e \u00eddolo.&nbsp;El arrecife\u00f1o arranc\u00f3 ayer su viaje en bicicleta desde su ciudad hasta [&hellip;]<\/p>\n","protected":false},"author":1,"featured_media":31316,"comment_status":"closed","ping_status":"closed","sticky":false,"template":"","format":"standard","meta":[],"categories":[21],"tags":[],"_links":{"self":[{"href":"http:\/\/cordobadirecto.com\/index.php\/wp-json\/wp\/v2\/posts\/31315"}],"collection":[{"href":"http:\/\/cordobadirecto.com\/index.php\/wp-json\/wp\/v2\/posts"}],"about":[{"href":"http:\/\/cordobadirecto.com\/index.php\/wp-json\/wp\/v2\/types\/post"}],"author":[{"embeddable":true,"href":"http:\/\/cordobadirecto.com\/index.php\/wp-json\/wp\/v2\/users\/1"}],"replies":[{"embeddable":true,"href":"http:\/\/cordobadirecto.com\/index.php\/wp-json\/wp\/v2\/comments?post=31315"}],"version-history":[{"count":0,"href":"http:\/\/cordobadirecto.com\/index.php\/wp-json\/wp\/v2\/posts\/31315\/revisions"}],"wp:featuredmedia":[{"embeddable":true,"href":"http:\/\/cordobadirecto.com\/index.php\/wp-json\/wp\/v2\/media\/31316"}],"wp:attachment":[{"href":"http:\/\/cordobadirecto.com\/index.php\/wp-json\/wp\/v2\/media?parent=31315"}],"wp:term":[{"taxonomy":"category","embeddable":true,"href":"http:\/\/cordobadirecto.com\/index.php\/wp-json\/wp\/v2\/categories?post=31315"},{"taxonomy":"post_tag","embeddable":true,"href":"http:\/\/cordobadirecto.com\/index.php\/wp-json\/wp\/v2\/tags?post=31315"}],"curies":[{"name":"wp","href":"https:\/\/api.w.org\/{rel}","templated":true}]}}