{"id":31363,"date":"2021-12-02T20:36:43","date_gmt":"2021-12-02T20:36:43","guid":{"rendered":"http:\/\/estaciontrip.com.ar\/?p=6427"},"modified":"2021-12-02T20:36:43","modified_gmt":"2021-12-02T20:36:43","slug":"cordoba-desembarcara-renovada-en-la-feria-internacional-de-turismo","status":"publish","type":"post","link":"http:\/\/cordobadirecto.com\/index.php\/2021\/12\/02\/cordoba-desembarcara-renovada-en-la-feria-internacional-de-turismo\/","title":{"rendered":"C\u00f3rdoba desembarcar\u00e1 renovada en la Feria Internacional de Turismo"},"content":{"rendered":"<div><img src=\"http:\/\/cordobadirecto.com\/wp-content\/uploads\/2021\/12\/cordoba-desembarcara-renovada-en-la-feria-internacional-de-turismo.jpg\" class=\"ff-og-image-inserted\"><\/div>\n<p><em>En la cuenta regresiva para la edici\u00f3n de FIT 2021, C\u00f3rdoba ya tiene todo listo para su presentaci\u00f3n.<\/em> <\/p>\n<p>Entre el&nbsp;<strong>4 y el 7 de diciembre <\/strong>se desarrollar\u00e1 en <strong>la Sociedad Rural de Palermo<\/strong>&nbsp;una nueva edici\u00f3n de la gran&nbsp;<strong>feria de Turismo de Latinoam\u00e9rica<\/strong>. Para este encuentro -el primero pos pandemia- la Agencia C\u00f3rdoba Turismo prepar\u00f3 un importante stand y alista sus equipos de trabajo para mostrar la oferta provincial.<\/p>\n<p><strong>En esta edici\u00f3n desplegar\u00e1 un stand de 720 m2 en el sector Nacional<\/strong>, con la presencia de representantes de todas las regiones de C\u00f3rdoba donde mostrar\u00e1n su oferta tur\u00edstica para este de verano 2021-2022.<\/p>\n<p>Los escritorios estar\u00e1n distribuidos en espacios representativos de todos los valles tur\u00edsticos de la provincia de C\u00f3rdoba m\u00e1s un \u00e1rea central con escenario para espect\u00e1culos y presentaciones. Adem\u00e1s, contar\u00e1 con una sala de reuniones, otra de prensa y un espacio de cocina en vivo y degustaciones de productos. <\/p>\n<p>La Feria Internacional de Turismo es el marco ideal para mantener encuentros y reuniones con empresarios de cada uno de los sectores del turismo. Habr\u00e1 rondas de negocios entre operadores y empresarios tur\u00edsticos de Argentina y el exterior.<\/p>\n<p>En los auditorios de la Feria,&nbsp;<strong>C\u00f3rdoba realizar\u00e1 numerosas presentaciones<\/strong>. Entre ellas el Presidente de la Agencia C\u00f3rdoba Turismo, Esteban Avil\u00e9s mostrar\u00e1 la nueva campa\u00f1a de verano y expondr\u00e1 sobre la oferta tur\u00edstica provincial para esta temporada que se avecina.<\/p>\n<p>Adem\u00e1s, habr\u00e1 shows y atracciones durante los cuatro d\u00edas de FIT a cargo de cantores, bailarines, m\u00fasica y humoristas, entre otros. Tambi\u00e8n los festivales m\u00e1s importantes de la provincia presentar\u00e1n sus bailes y atuendos t\u00edpicos. A lo que se sumaran juegos, sorteos de estad\u00edas, animaciones, degustaciones, regalos y sorpresas.<\/p>\n<p>C\u00f3rdoba presentar\u00e1 los sabores de su Cocina Regional en el coraz\u00f3n de su stand, con demostraciones de cocina t\u00edpica friulana, cocina centroeuropea, cocina fusi\u00f3n y mucho m\u00e1s.<\/p>\n<p>Adem\u00e1s, la FIT tendr\u00e1 sus tradicionales rondas de negocios y la posibilidad de que las agencias de viajes comercialicen sus propuestas. Y al mismo tiempo, se realizar\u00e1 la campa\u00f1a de promoci\u00f3n \u201cFit Sale\u201d, que ofrecer\u00e1 oportunidades y ofertas para viajar.<\/p>\n<p>En la \u00faltima edici\u00f3n, llevada a cabo en 2019, FIT recibi\u00f3 m\u00e1s de 103.000 visitantes entre profesionales del sector y p\u00fablico general, con la participaci\u00f3n de m\u00e1s de 50 pa\u00edses expositores y todas las provincias argentinas y se realizaron m\u00e1s de 4.500 citas de rondas de negocios.<\/p>\n","protected":false},"excerpt":{"rendered":"<p>En la cuenta regresiva para la edici\u00f3n de FIT 2021, C\u00f3rdoba ya tiene todo listo para su presentaci\u00f3n. Entre el&nbsp;4 y el 7 de diciembre se desarrollar\u00e1 en la Sociedad Rural de Palermo&nbsp;una nueva edici\u00f3n de la gran&nbsp;feria de Turismo de Latinoam\u00e9rica. Para este encuentro -el primero pos pandemia- la Agencia C\u00f3rdoba Turismo prepar\u00f3 un [&hellip;]<\/p>\n","protected":false},"author":1,"featured_media":31364,"comment_status":"closed","ping_status":"closed","sticky":false,"template":"","format":"standard","meta":[],"categories":[22],"tags":[],"_links":{"self":[{"href":"http:\/\/cordobadirecto.com\/index.php\/wp-json\/wp\/v2\/posts\/31363"}],"collection":[{"href":"http:\/\/cordobadirecto.com\/index.php\/wp-json\/wp\/v2\/posts"}],"about":[{"href":"http:\/\/cordobadirecto.com\/index.php\/wp-json\/wp\/v2\/types\/post"}],"author":[{"embeddable":true,"href":"http:\/\/cordobadirecto.com\/index.php\/wp-json\/wp\/v2\/users\/1"}],"replies":[{"embeddable":true,"href":"http:\/\/cordobadirecto.com\/index.php\/wp-json\/wp\/v2\/comments?post=31363"}],"version-history":[{"count":0,"href":"http:\/\/cordobadirecto.com\/index.php\/wp-json\/wp\/v2\/posts\/31363\/revisions"}],"wp:featuredmedia":[{"embeddable":true,"href":"http:\/\/cordobadirecto.com\/index.php\/wp-json\/wp\/v2\/media\/31364"}],"wp:attachment":[{"href":"http:\/\/cordobadirecto.com\/index.php\/wp-json\/wp\/v2\/media?parent=31363"}],"wp:term":[{"taxonomy":"category","embeddable":true,"href":"http:\/\/cordobadirecto.com\/index.php\/wp-json\/wp\/v2\/categories?post=31363"},{"taxonomy":"post_tag","embeddable":true,"href":"http:\/\/cordobadirecto.com\/index.php\/wp-json\/wp\/v2\/tags?post=31363"}],"curies":[{"name":"wp","href":"https:\/\/api.w.org\/{rel}","templated":true}]}}