{"id":31367,"date":"2021-12-02T14:04:36","date_gmt":"2021-12-02T14:04:36","guid":{"rendered":"https:\/\/www.cordoba.gob.ar\/?p=17705"},"modified":"2021-12-02T14:04:36","modified_gmt":"2021-12-02T14:04:36","slug":"cordoba-capital-participara-en-la-feria-internacional-de-turismo","status":"publish","type":"post","link":"http:\/\/cordobadirecto.com\/index.php\/2021\/12\/02\/cordoba-capital-participara-en-la-feria-internacional-de-turismo\/","title":{"rendered":"C\u00f3rdoba capital participar\u00e1 en la Feria Internacional de Turismo"},"content":{"rendered":"<div><img src=\"http:\/\/cordobadirecto.com\/wp-content\/uploads\/2021\/12\/cordoba-capital-participara-en-la-feria-internacional-de-turismo.jpg\" class=\"ff-og-image-inserted\"><\/div>\n<ul>\n<li><strong>Del 4 al 7 de diciembre, la Municipalidad de C\u00f3rdoba, a trav\u00e9s de las Direcciones Generales de Turismo y Promoci\u00f3n, dependientes de la Secretar\u00eda de Gobierno, encabezar\u00e1n una potente actividad de promoci\u00f3n del destino y su oferta tur\u00edstica en la Feria Internacional de Turismo (FIT).&nbsp;<\/strong><\/li>\n<\/ul>\n<hr>\n<p>El mega evento se llevar\u00e1 a cabo en el predio de exposiciones La Rural de Buenos Aires, y esta participaci\u00f3n significar\u00e1 una oportunidad para promocionar a la ciudad y sus atributos ante visitantes de todo el mundo. Cabe destacar que los d\u00edas s\u00e1bado y domingo las actividades ser\u00e1n abiertas al p\u00fablico, mientras que el lunes y martes ser\u00e1 exclusiva para operadores y profesionales del turismo.<\/p>\n<p>Durante cuatro jornadas y bajo el lema \u201cDisfrut\u00e1 C\u00f3rdoba Capital\u201d, el municipio brindar\u00e1 informaci\u00f3n sobre el destino en un stand donde tambi\u00e9n habr\u00e1 espect\u00e1culos y shows especiales. El domingo 5 a las 20:15hs., el humor y la m\u00fasica de identidad cordobesa estar\u00e1n presentes de la mano de uno de los referentes del humor joven, Camilo Nicol\u00e1s y la dulzura, sensibilidad y la m\u00fasica de Paz Carrara. Tambi\u00e9n la gastronom\u00eda, considerada el octavo arte, estar\u00e1 representada por el bartender Jerem\u00edas Flores, referente de \u201cFrancis\u201d, uno de los bares infaltables a la hora de visitar Barrio G\u00fcemes, quien ofrecer\u00e1 una degustaci\u00f3n de c\u00f3cteles.<\/p>\n<p>\u201cDesde que asumimos, estamos trabajando junto al sector privado, a la C\u00e1mara de Espect\u00e1culos, a la C\u00e1mara Hotelera, a la C\u00e1mara de Bares, a la C\u00e1mara de Restaurantes, al FEHGRA, porque entendemos que C\u00f3rdoba tiene todos los atributos para transformarse en la capital del turismo del interior del pa\u00eds. Porque fomentar la industria del turismo es fomentar el movimiento econ\u00f3mico y la creaci\u00f3n de miles de puestos de trabajo\u201d se\u00f1al\u00f3 el secretario de Gobierno, Miguel Siciliano.<\/p>\n<p>En el mismo sentido, el Director General de Promoci\u00f3n de ciudad, Pancho Marchiaro detall\u00f3: \u201cla FIT es una oportunidad important\u00edsima para la ciudad, para presentarse en sociedad a nivel nacional, para que los actores del turismo tambi\u00e9n realicen negocios, rondas, convenciones. En esta ocasi\u00f3n vamos a presentar, entre las propuestas y por primera vez en la historia de la ciudad, una temporada de verano con fuerte acento en nuestra propia identidad, en lo teatral, en nuestras salas, que hacen al patrimonio inmaterial del que ya venimos hablando desde hace dos a\u00f1os que asumimos. La tarea es hacer un desembarco fuerte para que de una vez y de manera permanente el pa\u00eds se entere que C\u00f3rdoba es el destino de mayor calidad del pa\u00eds\u201d.<\/p>\n<p><strong>Conferencia de prensa y presentaci\u00f3n del destino<\/strong><\/p>\n<p>El lunes 6 de diciembre, funcionarios municipales junto a referentes del sector tur\u00edstico y del espect\u00e1culo&nbsp; brindar\u00e1n una conferencia de prensa donde se presentar\u00e1 el destino y las pr\u00f3ximas propuestas para el 2022.<\/p>\n<p>La cita ser\u00e1 a las 13:15 en el auditorio \u201cC\u00f3rdoba Capital\u201d de la Feria Internacional de Turismo, y en el encuentro estar\u00e1n presentes el Secretario de Gobierno, Miguel Siciliano, el Director general de Turismo, Pablo Bianco y el Director General de Promoci\u00f3n, Pancho Marchiaro, acompa\u00f1ados por los productores de espect\u00e1culos y artistas Jos\u00e9 Palazzo, Ricardo Taier, Carli jim\u00e9nez y Camilo Nicol\u00e1s.<\/p>\n<p><strong>Lanzamiento del \u201cCongreso Nacional de Turismo de ciudades\u201d&nbsp;<\/strong><\/p>\n<p>Por primera vez en nuestro pa\u00eds se llevar\u00e1 a cabo el Congreso Nacional de Turismo de Ciudades y, C\u00f3rdoba Capital ser\u00e1 la anfitriona de esta iniciativa que reunir\u00e1 a todos los actores del ecosistema tur\u00edstico.&nbsp; El martes 7 a las 13 hs. en el stand de \u201cC\u00f3rdoba Capital\u201d de la feria Internacional de Turismo, autoridades municipales brindar\u00e1n m\u00e1s detalles sobre este evento que tendr\u00e1 dos jornadas de charlas, actividades y talleres especializados en la tem\u00e1tica.<\/p>\n","protected":false},"excerpt":{"rendered":"<p>Del 4 al 7 de diciembre, la Municipalidad de C\u00f3rdoba, a trav\u00e9s de las Direcciones Generales de Turismo y Promoci\u00f3n, dependientes de la Secretar\u00eda de Gobierno, encabezar\u00e1n una potente actividad de promoci\u00f3n del destino y su oferta tur\u00edstica en la Feria Internacional de Turismo (FIT).&nbsp; El mega evento se llevar\u00e1 a cabo en el predio [&hellip;]<\/p>\n","protected":false},"author":1,"featured_media":31368,"comment_status":"closed","ping_status":"closed","sticky":false,"template":"","format":"standard","meta":[],"categories":[44],"tags":[],"_links":{"self":[{"href":"http:\/\/cordobadirecto.com\/index.php\/wp-json\/wp\/v2\/posts\/31367"}],"collection":[{"href":"http:\/\/cordobadirecto.com\/index.php\/wp-json\/wp\/v2\/posts"}],"about":[{"href":"http:\/\/cordobadirecto.com\/index.php\/wp-json\/wp\/v2\/types\/post"}],"author":[{"embeddable":true,"href":"http:\/\/cordobadirecto.com\/index.php\/wp-json\/wp\/v2\/users\/1"}],"replies":[{"embeddable":true,"href":"http:\/\/cordobadirecto.com\/index.php\/wp-json\/wp\/v2\/comments?post=31367"}],"version-history":[{"count":0,"href":"http:\/\/cordobadirecto.com\/index.php\/wp-json\/wp\/v2\/posts\/31367\/revisions"}],"wp:featuredmedia":[{"embeddable":true,"href":"http:\/\/cordobadirecto.com\/index.php\/wp-json\/wp\/v2\/media\/31368"}],"wp:attachment":[{"href":"http:\/\/cordobadirecto.com\/index.php\/wp-json\/wp\/v2\/media?parent=31367"}],"wp:term":[{"taxonomy":"category","embeddable":true,"href":"http:\/\/cordobadirecto.com\/index.php\/wp-json\/wp\/v2\/categories?post=31367"},{"taxonomy":"post_tag","embeddable":true,"href":"http:\/\/cordobadirecto.com\/index.php\/wp-json\/wp\/v2\/tags?post=31367"}],"curies":[{"name":"wp","href":"https:\/\/api.w.org\/{rel}","templated":true}]}}