{"id":31499,"date":"2021-12-02T19:00:09","date_gmt":"2021-12-02T19:00:09","guid":{"rendered":"https:\/\/www.ole.com.ar\/autos\/horarios-villicum_0_XfsH3yzQb.html"},"modified":"2021-12-02T19:00:09","modified_gmt":"2021-12-02T19:00:09","slug":"los-horarios-de-la-definicion","status":"publish","type":"post","link":"http:\/\/cordobadirecto.com\/index.php\/2021\/12\/02\/los-horarios-de-la-definicion\/","title":{"rendered":"Los horarios de la definici\u00f3n"},"content":{"rendered":"<p>La temporada 2021 de Turismo Carretera bajar\u00e1 su tel\u00f3n este fin de semana en El Villicum, <mark>donde Mariano Werner llega como l\u00edder del torneo e ir\u00e1 por el bicampeonato.<\/mark><\/p>\n<div class=\"sp__SM\">\n<div class=\"content-new \">\n<span class=\"tit-mobile\">Mir\u00e1 tambi\u00e9n<\/span><\/p>\n<div class=\"mg\">\n<div class=\"wrap-figure\">\n<picture>\n<a href=\"https:\/\/www.ole.com.ar\/autos\/ternados-premios-olimpia_0_YxhBdWA2r.html\" target=\"_self\" rel=\"noopener\"><br \/>\n<img class=\"img-responsive\" alt=\"Y los ternados son...\" src=\"http:\/\/cordobadirecto.com\/wp-content\/uploads\/2021\/12\/los-horarios-de-la-definicion.jpg\" loading=\"lazy\"><br \/>\n<\/a>\n<\/picture>\n<\/div>\n<\/div><\/div>\n<\/div>\n<p><mark>S\u00c1BADO 4 DE DICIEMBRE DE 2021<\/mark><\/p>\n<p>11:05 a 11:20 Hs. 1er Entrenamiento TC (GRUPO B) 15 Minutos<\/p>\n<p>11:23 a 11:38 Hs. 1er Entrenamiento TC (GRUPO A) 15 Minutos<\/p>\n<p>12:50 a 13:20 Hs. 2do Entrenamiento TC (GRUPO B) 30 Minutos<\/p>\n<p>13:23 a 13:53 Hs. 2do Entrenamiento TC (GRUPO A) 30 Minutos<\/p>\n<p><mark>CLASIFICACI\u00d3N<\/mark><\/p>\n<p>16:10 a 16:18 Hs. Clasificaci\u00f3n TC 3* Cuarto Tanda 8 Min<\/p>\n<p>16:21 a 16:29 Hs. Clasificaci\u00f3n TC 4* Cuarto Tanda 8 Min<\/p>\n<p>16:32 a 16:40 Hs. Clasificaci\u00f3n TC 1* Cuarto Tanda 8 Min<\/p>\n<p>16:43 a 16:51 Hs. Clasificaci\u00f3n TC 2* Cuarto Tanda 8 Min<\/p>\n<p>(El 1* y 2* cuarto estar\u00e1 formado por los integrantes de la Copa)<\/p>\n<div class=\"sp__SM\">\n<div class=\"content-new \">\n<span class=\"tit-mobile\">Mir\u00e1 tambi\u00e9n<\/span><\/p>\n<div class=\"mg\">\n<div class=\"wrap-figure\">\n<picture>\n<a href=\"https:\/\/www.ole.com.ar\/autos\/di-palma-hara-969km-ortelli_0_rZtbYu7PZ.html\" target=\"_self\" rel=\"noopener\"><br \/>\n<img class=\"img-responsive\" alt=\"En bici a San Juan para despedir a Ortelli\" src=\"http:\/\/cordobadirecto.com\/wp-content\/uploads\/2021\/12\/los-horarios-de-la-definicion-1.jpg\" loading=\"lazy\"><br \/>\n<\/a>\n<\/picture>\n<\/div>\n<\/div><\/div>\n<\/div>\n<p><mark>DOMINGO 5 DE DICIEMBRE DE 2021<\/mark><\/p>\n<p>09:55 Hs. 1ra. Serie TC &#8211; 4 Vueltas<\/p>\n<p>10:20 Hs. 2da. Serie TC \u2013 4 Vueltas<\/p>\n<p>10:45 Hs. 3ra. Serie TC \u2013 4 Vueltas<\/p>\n<p>12:20 Hs. FINAL TC PISTA &#8211; 15 Vueltas o 40 (Cuarenta) Minutos M\u00e1ximo<\/p>\n<p> 13:40 Hs. FINAL TC &#8211; 20 Vueltas o 50 (Cincuenta) Minutos M\u00e1ximo <\/p>\n<div class=\"entry-tags\">\n<h2>TEMAS QUE APARECEN EN ESTA NOTA<\/h2>\n<\/p><\/div>\n","protected":false},"excerpt":{"rendered":"<p>La temporada 2021 de Turismo Carretera bajar\u00e1 su tel\u00f3n este fin de semana en El Villicum, donde Mariano Werner llega como l\u00edder del torneo e ir\u00e1 por el bicampeonato. Mir\u00e1 tambi\u00e9n S\u00c1BADO 4 DE DICIEMBRE DE 2021 11:05 a 11:20 Hs. 1er Entrenamiento TC (GRUPO B) 15 Minutos 11:23 a 11:38 Hs. 1er Entrenamiento TC [&hellip;]<\/p>\n","protected":false},"author":1,"featured_media":31500,"comment_status":"closed","ping_status":"closed","sticky":false,"template":"","format":"standard","meta":[],"categories":[21],"tags":[],"_links":{"self":[{"href":"http:\/\/cordobadirecto.com\/index.php\/wp-json\/wp\/v2\/posts\/31499"}],"collection":[{"href":"http:\/\/cordobadirecto.com\/index.php\/wp-json\/wp\/v2\/posts"}],"about":[{"href":"http:\/\/cordobadirecto.com\/index.php\/wp-json\/wp\/v2\/types\/post"}],"author":[{"embeddable":true,"href":"http:\/\/cordobadirecto.com\/index.php\/wp-json\/wp\/v2\/users\/1"}],"replies":[{"embeddable":true,"href":"http:\/\/cordobadirecto.com\/index.php\/wp-json\/wp\/v2\/comments?post=31499"}],"version-history":[{"count":0,"href":"http:\/\/cordobadirecto.com\/index.php\/wp-json\/wp\/v2\/posts\/31499\/revisions"}],"wp:featuredmedia":[{"embeddable":true,"href":"http:\/\/cordobadirecto.com\/index.php\/wp-json\/wp\/v2\/media\/31500"}],"wp:attachment":[{"href":"http:\/\/cordobadirecto.com\/index.php\/wp-json\/wp\/v2\/media?parent=31499"}],"wp:term":[{"taxonomy":"category","embeddable":true,"href":"http:\/\/cordobadirecto.com\/index.php\/wp-json\/wp\/v2\/categories?post=31499"},{"taxonomy":"post_tag","embeddable":true,"href":"http:\/\/cordobadirecto.com\/index.php\/wp-json\/wp\/v2\/tags?post=31499"}],"curies":[{"name":"wp","href":"https:\/\/api.w.org\/{rel}","templated":true}]}}